{"id":1298,"date":"2015-05-25T08:52:41","date_gmt":"2015-05-25T07:52:41","guid":{"rendered":"https:\/\/www.estateone.biz\/blog\/?p=1298"},"modified":"2015-05-25T09:02:46","modified_gmt":"2015-05-25T08:02:46","slug":"la-transformacion-del-edificio-espana","status":"publish","type":"post","link":"https:\/\/www.estateone.biz\/blog\/la-transformacion-del-edificio-espana\/","title":{"rendered":"La transformaci\u00f3n del Edificio Espa\u00f1a"},"content":{"rendered":"<p>Si todo marcha seg\u00fan lo previsto las obras para convertir el <strong>Edificio Espa\u00f1a<\/strong> de Plaza de Espa\u00f1a en un <strong>hotel de lujo y viviendas exclusivas <\/strong>estar\u00e1n terminadas en cuatro a\u00f1os. Ser\u00e1 una <strong>transformaci\u00f3n muy importante<\/strong>, no s\u00f3lo para el inmueble, sino para la propia Plaza de Espa\u00f1a madrile\u00f1a. El Edificio Espa\u00f1a es <strong>uno de los rascacielos de Madrid<\/strong> (concretamente el octavo edificio m\u00e1s alto de la ciudad), y desde que el <strong>magnate chino Wang Jianlin<\/strong> lo adquiri\u00f3 en 2014 por 265 millones de euros el inmueble espera un <strong>proyecto de remodelaci\u00f3n <\/strong>que vuelva a dotarlo de actividad y haga de \u00e9l un edificio \u00fatil.<\/p>\n<p><a href=\"https:\/\/www.estateone.biz\/blog\/wp-content\/uploads\/2015\/05\/01-espana.jpg\"><img loading=\"lazy\" class=\"alignnone size-full wp-image-1304\" src=\"https:\/\/www.estateone.biz\/blog\/wp-content\/uploads\/2015\/05\/01-espana.jpg\" alt=\"Edificio Espa\u00f1a\" width=\"650\" height=\"498\" srcset=\"https:\/\/www.estateone.biz\/blog\/wp-content\/uploads\/2015\/05\/01-espana.jpg 650w, https:\/\/www.estateone.biz\/blog\/wp-content\/uploads\/2015\/05\/01-espana-300x229.jpg 300w\" sizes=\"(max-width: 650px) 100vw, 650px\" \/><\/a><\/p>\n<p><strong>ESPLENDOR Y CA\u00cdDA DE UN EDIFICIO HIST\u00d3RICO<\/strong><\/p>\n<p>Cuando el <strong>Edificio Espa\u00f1a<\/strong> se inaugur\u00f3 en 1953, el coste que se destin\u00f3 a \u00e9l rond\u00f3 los 200 millones de pesetas. Fue una<strong> apuesta important\u00edsima<\/strong> para la ciudad: nada menos que un inmueble de 25 plantas, m\u00e1s de 30 ascensores y 65.000 m2 hac\u00edan de \u00e9l <strong>uno de los edificios emblem\u00e1ticos del Madrid de los 50<\/strong>. M\u00e1s de <strong>300 oficinas<\/strong> se alojaban en su interior, y entre sus paredes tambi\u00e9n se ubicaba el desaparecido <em>Hotel Plaza<\/em>. Adem\u00e1s, hab\u00eda <strong>casi 200 apartamentos<\/strong> que a lo largo de los a\u00f1os recibieron a personalidades de la cultura y la far\u00e1ndula. Raquel Welch, Bo Derek o Lola Flores fueron s\u00f3lo algunos de los famosos que desfilaron por el Edificio Espa\u00f1a, que con el paso de los a\u00f1os comprobaba c\u00f3mo esa p\u00e1tina de glamour se iba desvaneciendo poco a poco.<\/p>\n<p><a href=\"https:\/\/www.estateone.biz\/blog\/wp-content\/uploads\/2015\/05\/02-espana.jpg\"><img loading=\"lazy\" class=\"alignnone size-full wp-image-1307\" src=\"https:\/\/www.estateone.biz\/blog\/wp-content\/uploads\/2015\/05\/02-espana.jpg\" alt=\"Edificio Espa\u00f1a\" width=\"650\" height=\"416\" srcset=\"https:\/\/www.estateone.biz\/blog\/wp-content\/uploads\/2015\/05\/02-espana.jpg 650w, https:\/\/www.estateone.biz\/blog\/wp-content\/uploads\/2015\/05\/02-espana-300x192.jpg 300w\" sizes=\"(max-width: 650px) 100vw, 650px\" \/><\/a><\/p>\n<p>Pasaba el tiempo y el inmueble envejec\u00eda e <strong>iba perdiendo la popularidad y el tir\u00f3n<\/strong> que ten\u00eda en sus a\u00f1os dorados. Ya en los a\u00f1os 80 por la zona merodeaban drogadictos y prostitutas, y el Edificio Espa\u00f1a comprobaba como su reinado se ubicaba en un lugar cada vez m\u00e1s decadente e inseguro. Esta decadencia se traslad\u00f3 al inmueble, que <strong>en el a\u00f1o 2006 ve\u00eda c\u00f3mo el hotel cerraba por fin sus puertas<\/strong>, y un a\u00f1o m\u00e1s tarde c\u00f3mo las estancias de todo el edificio se deshabitaban.<\/p>\n<p><strong>HACIA UN FUTURO DIFERENTE<\/strong><\/p>\n<p>Con el proyecto inmobiliario de <em>Grupo Wanda<\/em> se pretende que el Edificio Espa\u00f1a albergue <strong>un hotel de lujo, una zona residencial y otra zona comercial<\/strong> en menos de 4 a\u00f1os. El Ayuntamiento de Madrid ha establecido como condici\u00f3n que <strong>se mantenga la fachada principal del edificio<\/strong> (de estilo neobarroco); en cuanto a su interior, ser\u00e1n los prestigiosos estudios de Norman Foster y los espa\u00f1oles Estudios Lamela quienes se encarguen de remodelarlo. Pocos m\u00e1s detalles han trascendido hasta el momento, pues Jianlin mantiene una gran discreci\u00f3n sobre la marcha de su proyecto, aunque se estima que las <strong>viviendas m\u00e1s exclusivas<\/strong> que albergar\u00e1 pueden llegar a vender <strong>su metro cuadrado hasta por 14.000 euros<\/strong>.<strong><br \/>\n<\/strong><\/p>\n<p><a href=\"https:\/\/www.estateone.biz\/blog\/wp-content\/uploads\/2015\/05\/03-espana.jpg\"><img loading=\"lazy\" class=\"alignnone size-full wp-image-1309\" src=\"https:\/\/www.estateone.biz\/blog\/wp-content\/uploads\/2015\/05\/03-espana.jpg\" alt=\"Edificio Espa\u00f1a\" width=\"650\" height=\"433\" srcset=\"https:\/\/www.estateone.biz\/blog\/wp-content\/uploads\/2015\/05\/03-espana.jpg 650w, https:\/\/www.estateone.biz\/blog\/wp-content\/uploads\/2015\/05\/03-espana-300x199.jpg 300w\" sizes=\"(max-width: 650px) 100vw, 650px\" \/><\/a><\/p>\n<p><strong>UN DOCUMENTAL DEL EDIFICIO ESPA\u00d1A<\/strong><\/p>\n<p>El <strong>cineasta V\u00edctor Moreno<\/strong>, enamorado del Edificio Espa\u00f1a, film\u00f3 un <strong>documental<\/strong> sobre \u00e9l en el a\u00f1o 2014. <a href=\"http:\/\/www.edificioespana.es\/\" target=\"_blank\">Puedes visitar la web del documental en este enlace<\/a>.<\/p>\n<p><strong>Fotograf\u00eda 01:<\/strong> <a href=\"https:\/\/www.flickr.com\/photos\/pixelillo\/\" target=\"_blank\">Alberto Cabello <\/a><\/p>\n<p><strong>Fotograf\u00eda 02:<\/strong> <a href=\"https:\/\/www.flickr.com\/photos\/mpeinadopa\/\" target=\"_blank\">M. Peinado <\/a><\/p>\n<p><strong>Fotograf\u00eda 03:<\/strong> <a href=\"https:\/\/www.flickr.com\/photos\/vike\/\" target=\"_blank\">Rub\u00e9n Vique\u00a0 <\/a><\/p>\n","protected":false},"excerpt":{"rendered":"<p>Si todo marcha seg\u00fan lo previsto las obras para convertir el Edificio Espa\u00f1a de Plaza de Espa\u00f1a en un hotel de lujo y viviendas exclusivas estar\u00e1n terminadas en cuatro a\u00f1os. Ser\u00e1 una transformaci\u00f3n muy importante, no s\u00f3lo para el inmueble, sino para la propia Plaza de Espa\u00f1a madrile\u00f1a. El Edificio Espa\u00f1a es uno de los &hellip;<\/p>\n","protected":false},"author":1,"featured_media":1299,"comment_status":"open","ping_status":"open","sticky":false,"template":"","format":"standard","meta":[],"categories":[66],"tags":[26,34,154,283,284,285,286],"yoast_head":"<!-- This site is optimized with the Yoast SEO plugin v19.6.1 - https:\/\/yoast.com\/wordpress\/plugins\/seo\/ -->\n<title>La transformaci\u00f3n del Edificio Espa\u00f1a - Blog, dulce blog<\/title>\n<meta name=\"description\" content=\"Si todo marcha seg\u00fan lo previsto las obras para convertir el Edificio Espa\u00f1a de Plaza de Espa\u00f1a en un hotel de lujo y viviendas exclusivas estar\u00e1n terminadas en cuatro a\u00f1os\" \/>\n<meta name=\"robots\" content=\"index, follow, max-snippet:-1, max-image-preview:large, max-video-preview:-1\" \/>\n<link rel=\"canonical\" href=\"https:\/\/www.estateone.biz\/blog\/la-transformacion-del-edificio-espana\/\" \/>\n<meta property=\"og:locale\" content=\"es_ES\" \/>\n<meta property=\"og:type\" content=\"article\" \/>\n<meta property=\"og:title\" content=\"La transformaci\u00f3n del Edificio Espa\u00f1a - Blog, dulce blog\" \/>\n<meta property=\"og:description\" content=\"Si todo marcha seg\u00fan lo previsto las obras para convertir el Edificio Espa\u00f1a de Plaza de Espa\u00f1a en un hotel de lujo y viviendas exclusivas estar\u00e1n terminadas en cuatro a\u00f1os\" \/>\n<meta property=\"og:url\" content=\"https:\/\/www.estateone.biz\/blog\/la-transformacion-del-edificio-espana\/\" \/>\n<meta property=\"og:site_name\" content=\"Blog, dulce blog\" \/>\n<meta property=\"article:published_time\" content=\"2015-05-25T07:52:41+00:00\" \/>\n<meta property=\"article:modified_time\" content=\"2015-05-25T08:02:46+00:00\" \/>\n<meta property=\"og:image\" content=\"https:\/\/www.estateone.biz\/blog\/wp-content\/uploads\/2015\/05\/00-espana.jpg\" \/>\n\t<meta property=\"og:image:width\" content=\"650\" \/>\n\t<meta property=\"og:image:height\" content=\"498\" \/>\n\t<meta property=\"og:image:type\" content=\"image\/jpeg\" \/>\n<meta name=\"author\" content=\"Estate One\" \/>\n<meta name=\"twitter:card\" content=\"summary\" \/>\n<meta name=\"twitter:label1\" content=\"Escrito por\" \/>\n\t<meta name=\"twitter:data1\" content=\"Estate One\" \/>\n\t<meta name=\"twitter:label2\" content=\"Tiempo de lectura\" \/>\n\t<meta name=\"twitter:data2\" content=\"3 minutos\" \/>\n<script type=\"application\/ld+json\" class=\"yoast-schema-graph\">{\"@context\":\"https:\/\/schema.org\",\"@graph\":[{\"@type\":\"WebPage\",\"@id\":\"https:\/\/www.estateone.biz\/blog\/la-transformacion-del-edificio-espana\/\",\"url\":\"https:\/\/www.estateone.biz\/blog\/la-transformacion-del-edificio-espana\/\",\"name\":\"La transformaci\u00f3n del Edificio Espa\u00f1a - Blog, dulce blog\",\"isPartOf\":{\"@id\":\"https:\/\/www.estateone.biz\/blog\/?lang=en\/#website\"},\"datePublished\":\"2015-05-25T07:52:41+00:00\",\"dateModified\":\"2015-05-25T08:02:46+00:00\",\"author\":{\"@id\":\"https:\/\/www.estateone.biz\/blog\/?lang=en\/#\/schema\/person\/5c4d73bb88472ee2f9325e6ce4f634d7\"},\"description\":\"Si todo marcha seg\u00fan lo previsto las obras para convertir el Edificio Espa\u00f1a de Plaza de Espa\u00f1a en un hotel de lujo y viviendas exclusivas estar\u00e1n terminadas en cuatro a\u00f1os\",\"breadcrumb\":{\"@id\":\"https:\/\/www.estateone.biz\/blog\/la-transformacion-del-edificio-espana\/#breadcrumb\"},\"inLanguage\":\"es\",\"potentialAction\":[{\"@type\":\"ReadAction\",\"target\":[\"https:\/\/www.estateone.biz\/blog\/la-transformacion-del-edificio-espana\/\"]}]},{\"@type\":\"BreadcrumbList\",\"@id\":\"https:\/\/www.estateone.biz\/blog\/la-transformacion-del-edificio-espana\/#breadcrumb\",\"itemListElement\":[{\"@type\":\"ListItem\",\"position\":1,\"name\":\"Portada\",\"item\":\"https:\/\/www.estateone.biz\/blog\/?lang=en\/\"},{\"@type\":\"ListItem\",\"position\":2,\"name\":\"La transformaci\u00f3n del Edificio Espa\u00f1a\"}]},{\"@type\":\"WebSite\",\"@id\":\"https:\/\/www.estateone.biz\/blog\/?lang=en\/#website\",\"url\":\"https:\/\/www.estateone.biz\/blog\/?lang=en\/\",\"name\":\"Blog, dulce blog\",\"description\":\"El blog inmobiliario de Estate One\",\"potentialAction\":[{\"@type\":\"SearchAction\",\"target\":{\"@type\":\"EntryPoint\",\"urlTemplate\":\"https:\/\/www.estateone.biz\/blog\/?lang=en\/?s={search_term_string}\"},\"query-input\":\"required name=search_term_string\"}],\"inLanguage\":\"es\"},{\"@type\":\"Person\",\"@id\":\"https:\/\/www.estateone.biz\/blog\/?lang=en\/#\/schema\/person\/5c4d73bb88472ee2f9325e6ce4f634d7\",\"name\":\"Estate One\",\"image\":{\"@type\":\"ImageObject\",\"inLanguage\":\"es\",\"@id\":\"https:\/\/www.estateone.biz\/blog\/?lang=en\/#\/schema\/person\/image\/\",\"url\":\"https:\/\/secure.gravatar.com\/avatar\/b36ec0d2dc5448ccdc0852ddf52cf7a4?s=96&d=identicon&r=g\",\"contentUrl\":\"https:\/\/secure.gravatar.com\/avatar\/b36ec0d2dc5448ccdc0852ddf52cf7a4?s=96&d=identicon&r=g\",\"caption\":\"Estate One\"},\"description\":\"Estate One somos una compa\u00f1\u00eda con un amplio conocimiento del mercado inmobiliario en Espa\u00f1a y una s\u00f3lida experiencia en prestigiosas empresas del sector.\",\"sameAs\":[\"http:\/\/estateone.biz\/\"],\"url\":\"https:\/\/www.estateone.biz\/blog\/author\/wpluzti\/\"}]}<\/script>\n<!-- \/ Yoast SEO plugin. -->","yoast_head_json":{"title":"La transformaci\u00f3n del Edificio Espa\u00f1a - Blog, dulce blog","description":"Si todo marcha seg\u00fan lo previsto las obras para convertir el Edificio Espa\u00f1a de Plaza de Espa\u00f1a en un hotel de lujo y viviendas exclusivas estar\u00e1n terminadas en cuatro a\u00f1os","robots":{"index":"index","follow":"follow","max-snippet":"max-snippet:-1","max-image-preview":"max-image-preview:large","max-video-preview":"max-video-preview:-1"},"canonical":"https:\/\/www.estateone.biz\/blog\/la-transformacion-del-edificio-espana\/","og_locale":"es_ES","og_type":"article","og_title":"La transformaci\u00f3n del Edificio Espa\u00f1a - Blog, dulce blog","og_description":"Si todo marcha seg\u00fan lo previsto las obras para convertir el Edificio Espa\u00f1a de Plaza de Espa\u00f1a en un hotel de lujo y viviendas exclusivas estar\u00e1n terminadas en cuatro a\u00f1os","og_url":"https:\/\/www.estateone.biz\/blog\/la-transformacion-del-edificio-espana\/","og_site_name":"Blog, dulce blog","article_published_time":"2015-05-25T07:52:41+00:00","article_modified_time":"2015-05-25T08:02:46+00:00","og_image":[{"width":650,"height":498,"url":"https:\/\/www.estateone.biz\/blog\/wp-content\/uploads\/2015\/05\/00-espana.jpg","type":"image\/jpeg"}],"author":"Estate One","twitter_card":"summary","twitter_misc":{"Escrito por":"Estate One","Tiempo de lectura":"3 minutos"},"schema":{"@context":"https:\/\/schema.org","@graph":[{"@type":"WebPage","@id":"https:\/\/www.estateone.biz\/blog\/la-transformacion-del-edificio-espana\/","url":"https:\/\/www.estateone.biz\/blog\/la-transformacion-del-edificio-espana\/","name":"La transformaci\u00f3n del Edificio Espa\u00f1a - Blog, dulce blog","isPartOf":{"@id":"https:\/\/www.estateone.biz\/blog\/?lang=en\/#website"},"datePublished":"2015-05-25T07:52:41+00:00","dateModified":"2015-05-25T08:02:46+00:00","author":{"@id":"https:\/\/www.estateone.biz\/blog\/?lang=en\/#\/schema\/person\/5c4d73bb88472ee2f9325e6ce4f634d7"},"description":"Si todo marcha seg\u00fan lo previsto las obras para convertir el Edificio Espa\u00f1a de Plaza de Espa\u00f1a en un hotel de lujo y viviendas exclusivas estar\u00e1n terminadas en cuatro a\u00f1os","breadcrumb":{"@id":"https:\/\/www.estateone.biz\/blog\/la-transformacion-del-edificio-espana\/#breadcrumb"},"inLanguage":"es","potentialAction":[{"@type":"ReadAction","target":["https:\/\/www.estateone.biz\/blog\/la-transformacion-del-edificio-espana\/"]}]},{"@type":"BreadcrumbList","@id":"https:\/\/www.estateone.biz\/blog\/la-transformacion-del-edificio-espana\/#breadcrumb","itemListElement":[{"@type":"ListItem","position":1,"name":"Portada","item":"https:\/\/www.estateone.biz\/blog\/?lang=en\/"},{"@type":"ListItem","position":2,"name":"La transformaci\u00f3n del Edificio Espa\u00f1a"}]},{"@type":"WebSite","@id":"https:\/\/www.estateone.biz\/blog\/?lang=en\/#website","url":"https:\/\/www.estateone.biz\/blog\/?lang=en\/","name":"Blog, dulce blog","description":"El blog inmobiliario de Estate One","potentialAction":[{"@type":"SearchAction","target":{"@type":"EntryPoint","urlTemplate":"https:\/\/www.estateone.biz\/blog\/?lang=en\/?s={search_term_string}"},"query-input":"required name=search_term_string"}],"inLanguage":"es"},{"@type":"Person","@id":"https:\/\/www.estateone.biz\/blog\/?lang=en\/#\/schema\/person\/5c4d73bb88472ee2f9325e6ce4f634d7","name":"Estate One","image":{"@type":"ImageObject","inLanguage":"es","@id":"https:\/\/www.estateone.biz\/blog\/?lang=en\/#\/schema\/person\/image\/","url":"https:\/\/secure.gravatar.com\/avatar\/b36ec0d2dc5448ccdc0852ddf52cf7a4?s=96&d=identicon&r=g","contentUrl":"https:\/\/secure.gravatar.com\/avatar\/b36ec0d2dc5448ccdc0852ddf52cf7a4?s=96&d=identicon&r=g","caption":"Estate One"},"description":"Estate One somos una compa\u00f1\u00eda con un amplio conocimiento del mercado inmobiliario en Espa\u00f1a y una s\u00f3lida experiencia en prestigiosas empresas del sector.","sameAs":["http:\/\/estateone.biz\/"],"url":"https:\/\/www.estateone.biz\/blog\/author\/wpluzti\/"}]}},"_links":{"self":[{"href":"https:\/\/www.estateone.biz\/blog\/wp-json\/wp\/v2\/posts\/1298"}],"collection":[{"href":"https:\/\/www.estateone.biz\/blog\/wp-json\/wp\/v2\/posts"}],"about":[{"href":"https:\/\/www.estateone.biz\/blog\/wp-json\/wp\/v2\/types\/post"}],"author":[{"embeddable":true,"href":"https:\/\/www.estateone.biz\/blog\/wp-json\/wp\/v2\/users\/1"}],"replies":[{"embeddable":true,"href":"https:\/\/www.estateone.biz\/blog\/wp-json\/wp\/v2\/comments?post=1298"}],"version-history":[{"count":4,"href":"https:\/\/www.estateone.biz\/blog\/wp-json\/wp\/v2\/posts\/1298\/revisions"}],"predecessor-version":[{"id":1312,"href":"https:\/\/www.estateone.biz\/blog\/wp-json\/wp\/v2\/posts\/1298\/revisions\/1312"}],"wp:featuredmedia":[{"embeddable":true,"href":"https:\/\/www.estateone.biz\/blog\/wp-json\/wp\/v2\/media\/1299"}],"wp:attachment":[{"href":"https:\/\/www.estateone.biz\/blog\/wp-json\/wp\/v2\/media?parent=1298"}],"wp:term":[{"taxonomy":"category","embeddable":true,"href":"https:\/\/www.estateone.biz\/blog\/wp-json\/wp\/v2\/categories?post=1298"},{"taxonomy":"post_tag","embeddable":true,"href":"https:\/\/www.estateone.biz\/blog\/wp-json\/wp\/v2\/tags?post=1298"}],"curies":[{"name":"wp","href":"https:\/\/api.w.org\/{rel}","templated":true}]}}