{"id":2421,"date":"2016-02-22T10:22:17","date_gmt":"2016-02-22T09:22:17","guid":{"rendered":"https:\/\/www.estateone.biz\/blog\/?p=2421"},"modified":"2016-02-22T13:06:38","modified_gmt":"2016-02-22T12:06:38","slug":"idoia-otegui-arquitecta-de-la-obra-gusta-hasta-el-olor-2","status":"publish","type":"post","link":"https:\/\/www.estateone.biz\/blog\/idoia-otegui-arquitecta-de-la-obra-gusta-hasta-el-olor-2\/","title":{"rendered":"Idoia Otegui, arquitecta: \u201cDe la obra me gusta hasta el olor\u201d"},"content":{"rendered":"<p><strong>Idoia Otegui<\/strong> lleva casi 20 a\u00f1os en el mundo de la <strong>arquitectura<\/strong>, y a pesar de su juventud ya ha conseguido <strong>importantes premios y reconocimientos <\/strong>por su labor como<strong> arquitecta<\/strong>. Idoia fund\u00f3 el estudio de arquitectura PO2, aunque actualmente ejerce su profesi\u00f3n en solitario; hace poco <a href=\"https:\/\/www.estateone.biz\/blog\/de-chamberi-al-cielo-2\/\" target=\"_blank\">dedic\u00e1bamos en este blog un art\u00edculo al proyecto que Idoia llev\u00f3 a cabo en una azotea de Chamber\u00ed, <\/a>ahora queremos saber un poco m\u00e1s de su forma de trabajar y de su visi\u00f3n sobre la arquitectura. Hoy <strong>inauguramos secci\u00f3n <\/strong>en nuestro <strong><em>Blog, dulce blog<\/em><\/strong>: esta secci\u00f3n la hemos llamado <strong>Estate One Entrevista<\/strong>, y para nosotros es un placer comenzar la secci\u00f3n charlando con Idoia.<\/p>\n<p><a href=\"https:\/\/www.estateone.biz\/blog\/wp-content\/uploads\/2016\/02\/01-idoia.jpg\"><img loading=\"lazy\" class=\"alignnone size-full wp-image-2423\" src=\"https:\/\/www.estateone.biz\/blog\/wp-content\/uploads\/2016\/02\/01-idoia.jpg\" alt=\"Idoia Otegui\" width=\"650\" height=\"679\" srcset=\"https:\/\/www.estateone.biz\/blog\/wp-content\/uploads\/2016\/02\/01-idoia.jpg 650w, https:\/\/www.estateone.biz\/blog\/wp-content\/uploads\/2016\/02\/01-idoia-287x300.jpg 287w, https:\/\/www.estateone.biz\/blog\/wp-content\/uploads\/2016\/02\/01-idoia-478x500.jpg 478w\" sizes=\"(max-width: 650px) 100vw, 650px\" \/><\/a><\/p>\n<p><strong>Hola Idoia, bienvenida al blog de Estate One. \u00bfCu\u00e1ndo empezaste a interesarte en la arquitectura y por qu\u00e9 te atrajo esta profesi\u00f3n?<\/strong><\/p>\n<p>Pues la verdad es que empec\u00e9 a interesarme una vez empezada la carrera. Yo quer\u00eda hacer algo relacionado con el dise\u00f1o, algo creativo, pero sin tener que estudiar 6 a\u00f1os m\u00e1s, y cuando ten\u00eda que empezar a estudiar me dijeron que al a\u00f1o siguiente empezaba la carrera de dise\u00f1o industrial en Madrid (hasta entonces s\u00f3lo hab\u00eda en Barcelona). As\u00ed que decid\u00ed meterme un a\u00f1o en arquitectura, con la idea de cambiarme luego, \u00a1pero me enamor\u00e9 de la arquitectura! Y hasta hoy. A veces pienso que si me hubiera metido en cualquier creativa hoy no ser\u00eda arquitecta.<\/p>\n<p><strong>\u00bfQu\u00e9 es lo que m\u00e1s te gusta de tu trabajo? <\/strong><\/p>\n<p>La parte creativa, el proceso de creaci\u00f3n de un proyecto, las primeras ideas y su desarrollo. Y tambi\u00e9n me gusta la obra: \u00a1de la obra me gusta hasta el olor! Y la lucha, hay que pelear mucho y ser muy duro para que las cosas salgan como quieres, pero es muy gratificante ver tus ideas construidas.<\/p>\n<p><a href=\"https:\/\/www.estateone.biz\/blog\/wp-content\/uploads\/2016\/02\/02-idoia.jpg\"><img loading=\"lazy\" class=\"alignnone size-full wp-image-2426\" src=\"https:\/\/www.estateone.biz\/blog\/wp-content\/uploads\/2016\/02\/02-idoia.jpg\" alt=\"Idoia Otegui arquitectura\" width=\"650\" height=\"322\" srcset=\"https:\/\/www.estateone.biz\/blog\/wp-content\/uploads\/2016\/02\/02-idoia.jpg 650w, https:\/\/www.estateone.biz\/blog\/wp-content\/uploads\/2016\/02\/02-idoia-300x148.jpg 300w\" sizes=\"(max-width: 650px) 100vw, 650px\" \/><\/a><\/p>\n<p><strong>\u00bfCu\u00e1l dir\u00edas que es la parte m\u00e1s ingrata?<\/strong><\/p>\n<p>Las normativas y el papeleo. Para desarrollar un proyecto y construirlo ahora mismo se invierte mucho m\u00e1s tiempo en cumplimentar normativas, memorias y miles de folios de documentaci\u00f3n y requerimientos del ayuntamiento (y no exagero) que en desarrollar buenas ideas y espacios arquitect\u00f3nicos para que la gente que los usa y los viva sean m\u00e1s felices.<\/p>\n<p><strong>\u00bfQu\u00e9 cualidades crees que debe tener un buen arquitecto?<\/strong><\/p>\n<p>\u00a1Ahora mismo debe tener muchas! Creatividad, capacidad de trabajo, dominio de la t\u00e9cnica profesional, conocimientos legales, psicolog\u00eda y capacidad de escuchar al cliente, gesti\u00f3n de tiempo y de presupuestos, capacidad de dirigir un equipo en la parte de oficina y de los gremios en la obra, paciencia, mano izquierda, productividad\u2026 \u00bfSigo? \u00a1Hay que ser un superhombre!<\/p>\n<p><a href=\"https:\/\/www.estateone.biz\/blog\/wp-content\/uploads\/2016\/02\/03-idoia.jpg\"><img loading=\"lazy\" class=\"alignnone size-full wp-image-2428\" src=\"https:\/\/www.estateone.biz\/blog\/wp-content\/uploads\/2016\/02\/03-idoia.jpg\" alt=\"Idoia Otegui arquitectura\" width=\"650\" height=\"890\" srcset=\"https:\/\/www.estateone.biz\/blog\/wp-content\/uploads\/2016\/02\/03-idoia.jpg 650w, https:\/\/www.estateone.biz\/blog\/wp-content\/uploads\/2016\/02\/03-idoia-219x300.jpg 219w, https:\/\/www.estateone.biz\/blog\/wp-content\/uploads\/2016\/02\/03-idoia-365x500.jpg 365w\" sizes=\"(max-width: 650px) 100vw, 650px\" \/><\/a><\/p>\n<p><strong>En nuestro blog dedicamos una secci\u00f3n a algunos edificios hist\u00f3ricos de Madrid. Arquitect\u00f3nicamente hablando, \u00bfcu\u00e1les son tus construcciones madrile\u00f1as preferidas?<\/strong><\/p>\n<p>Me gusta mucho el Edificio Espa\u00f1a, que est\u00e1 ahora de radiante actualidad y en el que viv\u00ed 10 a\u00f1os, la torre BBVA de Oiza, el gimnasio del Colegio Maravillas de Sota, el C\u00edrculo de Bellas Artes, la calle Gran V\u00eda, Caixa Forum\u2026<\/p>\n<p><strong>Hay gente que piensa que Madrid es una ciudad invivible. Como arquitecta, \u00bfqu\u00e9 opinas al respecto?<\/strong><\/p>\n<p>No soy objetiva, me gusta mucho Madrid y soy muy urbanita, me encantan las grandes urbes\u2026 Y me encanta pasear por Madrid, me parece una ciudad muy amable, y f\u00e1cil de vivir. Como arquitecta debo decir que lo que me gusta es el centro. Conforme nos vamos separando del centro la ciudad se va estropeando proporcionalmente. Lo que es invivible son las periferias, los ensanches y los Paus de finales del S.XX y del XXI.<\/p>\n<p><a href=\"https:\/\/www.estateone.biz\/blog\/wp-content\/uploads\/2016\/02\/04-idoia1.jpg\"><img loading=\"lazy\" class=\"alignnone size-full wp-image-2445\" src=\"https:\/\/www.estateone.biz\/blog\/wp-content\/uploads\/2016\/02\/04-idoia1.jpg\" alt=\"Idoia Otegui arquitectura\" width=\"650\" height=\"845\" srcset=\"https:\/\/www.estateone.biz\/blog\/wp-content\/uploads\/2016\/02\/04-idoia1.jpg 650w, https:\/\/www.estateone.biz\/blog\/wp-content\/uploads\/2016\/02\/04-idoia1-230x300.jpg 230w, https:\/\/www.estateone.biz\/blog\/wp-content\/uploads\/2016\/02\/04-idoia1-384x500.jpg 384w\" sizes=\"(max-width: 650px) 100vw, 650px\" \/><\/a><\/p>\n<p><strong>\u00bfQu\u00e9 crees que necesitar\u00eda Madrid para ser una ciudad urban\u00edsticamente m\u00e1s agradable?<\/strong><\/p>\n<p>La periferia y los PAUS (Proyectos de Arquitectura y Urbanismo) de Vallecas o Sanchinarro para m\u00ed son un aut\u00e9ntico desastre urban\u00edstico. Es la <em>no-ciudad<\/em> y habr\u00eda que mejorarlo todo. Si hablamos del centro, el problema m\u00e1s importante que le veo es el del tr\u00e1fico, c\u00f3mo conciliar el aumento del tr\u00e1fico privado con el transporte p\u00fablico, las motos, las bicis, el turismo, el peat\u00f3n, las mercanc\u00edas\u2026 Ese ese el gran reto, y no es f\u00e1cil, no vale con peatonalizar y prohibir el veh\u00edculo privado, es mucho m\u00e1s complejo.<\/p>\n<p><strong>Participaste en una exposici\u00f3n itinerante por todo el mundo bajo el t\u00edtulo \u201cMADRID, arquitectura 100%\u201d. \u00bfEn qu\u00e9 consist\u00eda la exposici\u00f3n?<\/strong><\/p>\n<p>Consist\u00eda en difundir 100 obras construidas en Madrid por 100 arquitectos madrile\u00f1os, fue un lujo viajar con el proyecto de la ampliaci\u00f3n del colegio Bernadette por todos los continentes. Chile, Ecuador, Puerto Rico, Colombia, Turqu\u00eda, Argelia, Brasil, China, Italia\u2026 Me pas\u00f3 lo mismo con una exposici\u00f3n de J\u00f3venes Arquitectos Espa\u00f1oles (JAE), la exposici\u00f3n a Nueva York, Chicago, Washington, Canad\u00e1, Roma, par\u00eds, Estocolmo, Bruselas\u2026 Un lujazo.<\/p>\n<p><a href=\"https:\/\/www.estateone.biz\/blog\/wp-content\/uploads\/2016\/02\/05-idoia3.jpg\"><img loading=\"lazy\" class=\"alignnone size-full wp-image-2473\" src=\"https:\/\/www.estateone.biz\/blog\/wp-content\/uploads\/2016\/02\/05-idoia3.jpg\" alt=\"Idoia Otegui arquitectura\" width=\"650\" height=\"296\" srcset=\"https:\/\/www.estateone.biz\/blog\/wp-content\/uploads\/2016\/02\/05-idoia3.jpg 650w, https:\/\/www.estateone.biz\/blog\/wp-content\/uploads\/2016\/02\/05-idoia3-300x136.jpg 300w\" sizes=\"(max-width: 650px) 100vw, 650px\" \/><\/a><\/p>\n<p><strong>\u00bfC\u00f3mo ves el papel de la mujer en la arquitectura, un mundo tradicionalmente masculino?<\/strong><\/p>\n<p>Yo no veo diferencias en el ejercicio profesional diario, lo que s\u00ed veo son menos reconocimientos, premios o divulgaci\u00f3n que a los hombres, pero poco a poco las cosas van cambiando. Yo fui invitada a participar en la Bienal de Arquitectura de Venecia del 2006 (el mayor escaparate del mundo) porque ese a\u00f1o Espa\u00f1a lo dedicaba a las Mujeres. Eso tampoco deber\u00eda ser as\u00ed, deber\u00edan reconocer tu trabajo por s\u00ed mismo, no por el hecho de ser de una mujer.<\/p>\n<p><strong>\u00bfCrees que las arquitectas cada vez est\u00e1n m\u00e1s reconocidas?<\/strong><\/p>\n<p>S\u00ed, poco a poco. Cada vez hay m\u00e1s iniciativas para darnos visibilidad, charlas, congresos\u2026. En las escuelas de arquitectura ahora mismo ya hay entre un 60 y un 70% de mujeres, lo digo con conocimiento porque soy profesora de Proyectos Arquitect\u00f3nicos en la Universidad de Alcal\u00e1 de Henares \u00a1y este cuatrimestre hab\u00eda s\u00f3lo 5 chicos en clase! As\u00ed que a la fuerza iremos conquistando territorio.<\/p>\n<p><a href=\"https:\/\/www.estateone.biz\/blog\/wp-content\/uploads\/2016\/02\/06-idoia.jpg\"><img loading=\"lazy\" class=\"alignnone size-full wp-image-2434\" src=\"https:\/\/www.estateone.biz\/blog\/wp-content\/uploads\/2016\/02\/06-idoia.jpg\" alt=\"Idoia Otegui arquitectura\" width=\"650\" height=\"487\" srcset=\"https:\/\/www.estateone.biz\/blog\/wp-content\/uploads\/2016\/02\/06-idoia.jpg 650w, https:\/\/www.estateone.biz\/blog\/wp-content\/uploads\/2016\/02\/06-idoia-300x224.jpg 300w, https:\/\/www.estateone.biz\/blog\/wp-content\/uploads\/2016\/02\/06-idoia-175x131.jpg 175w\" sizes=\"(max-width: 650px) 100vw, 650px\" \/><\/a><\/p>\n<p><strong>\u00bfCu\u00e1les son tus referentes en el mundo de la arquitectura, bien sean masculinos o femeninos?<\/strong><\/p>\n<p>Por seguir con lo femenino: Kazuyo Sehima, Anne Lacaton, Lina Bobardi, Carmen Pinos, Maria Langarita, Fuensanta Nieto, Blanca Lle\u00f3, Beatriz Colomina\u2026 \u00a1Hay muchas, as\u00ed que esta vez me quedo s\u00f3lo con las chicas!<\/p>\n<p><strong>Hace poco habl\u00e1bamos en nuestro blog del gran trabajo que realizaste en un apartamento del Barrio de Chamber\u00ed. \u00bfQu\u00e9 puedes decirnos de ese proyecto?<\/strong><\/p>\n<p>Que ha sido un lujo poder trabajar en un espacio tan especial, con unas vistas tan espectaculares de todo Madrid y respetando el trabajo del arquitecto construido hace 50 a\u00f1os por Luciano Diez Canedo, que hizo un gran trabajo. Todo esto ha hecho que todo fuera m\u00e1s dif\u00edcil, porque ten\u00eda una gran responsabilidad, ten\u00eda que quedar bien s\u00ed o s\u00ed.<\/p>\n<p><a href=\"https:\/\/www.estateone.biz\/blog\/wp-content\/uploads\/2016\/02\/08-idoia2.jpg\"><img loading=\"lazy\" class=\"alignnone size-full wp-image-2475\" src=\"https:\/\/www.estateone.biz\/blog\/wp-content\/uploads\/2016\/02\/08-idoia2.jpg\" alt=\"Idoia Otegui arquitectura\" width=\"650\" height=\"466\" srcset=\"https:\/\/www.estateone.biz\/blog\/wp-content\/uploads\/2016\/02\/08-idoia2.jpg 650w, https:\/\/www.estateone.biz\/blog\/wp-content\/uploads\/2016\/02\/08-idoia2-300x215.jpg 300w\" sizes=\"(max-width: 650px) 100vw, 650px\" \/><\/a><\/p>\n<p><strong>Tu obra ha sido premiada en diferentes concursos nacionales e internacionales. \u00bfHay alguna de estas obras premiadas a la que tengas un especial afecto?<\/strong><\/p>\n<p>Los primeros premios se recuerdan con m\u00e1s emoci\u00f3n. Recuerdo que el primer concurso al que me present\u00e9 con otros compa\u00f1eros y con s\u00f3lo 27 a\u00f1os lo ganamos, y no era algo peque\u00f1o: era un teatro auditorio en Galicia\u2026 \u00a1De 12.000m2! Fue algo incre\u00edble y pensaba que irrepetible, pero despu\u00e9s el segundo concurso que hicimos tambi\u00e9n lo ganamos: un polideportivo en Santander. Despu\u00e9s ya fue m\u00e1s dif\u00edcil ganar concursos. El primer premio, la primera exposici\u00f3n, la primera publicaci\u00f3n que fue en portada, o la primera conferencia\u2026 Se recuerdan todos con especial cari\u00f1o.<\/p>\n<p><a href=\"https:\/\/www.estateone.biz\/blog\/wp-content\/uploads\/2016\/02\/09-idoia3.jpg\"><img loading=\"lazy\" class=\"alignnone size-full wp-image-2479\" src=\"https:\/\/www.estateone.biz\/blog\/wp-content\/uploads\/2016\/02\/09-idoia3.jpg\" alt=\"Idoia Otegui arquitectura\" width=\"650\" height=\"362\" srcset=\"https:\/\/www.estateone.biz\/blog\/wp-content\/uploads\/2016\/02\/09-idoia3.jpg 650w, https:\/\/www.estateone.biz\/blog\/wp-content\/uploads\/2016\/02\/09-idoia3-300x167.jpg 300w\" sizes=\"(max-width: 650px) 100vw, 650px\" \/><\/a><\/p>\n<p><strong>M\u00e1s all\u00e1 de los premios, \u00bftienes alg\u00fan proyecto realizado que sea tu favorito?<\/strong><\/p>\n<p>S\u00ed, hay uno que es mi favorito, es un edificio enorme en Vicalvaro, de 12.000m2, un Centro Ocupacional (Centro Especial de Empleo y Centro de D\u00eda para discapacitados intelectuales). No tiene premios (aunque est\u00e1 en la gu\u00eda de edificios emblem\u00e1ticos de la periferia de Madrid, editada por el Colegio de Arquitectos), pero el gran premio para m\u00ed es haber realizado un edificio que ha hecho que mejore el espacio de trabajo de m\u00e1s de 400 personas. Y nos lo han dicho, \u00a1uno de los trabajadores me dijo una vez que le hab\u00edamos hecho un Palacio! Ese es el mejor de los premios, el agradecimiento de las personas que viven, trabajan y pasan muchas horas en un espacio que has dise\u00f1ado t\u00fa, y donde se sienten mejor, m\u00e1s productivos, m\u00e1s felices. Es dif\u00edcil de explicar, y es algo que pasa cuando tienes un buen cliente.<\/p>\n<p><a href=\"https:\/\/www.estateone.biz\/blog\/wp-content\/uploads\/2016\/02\/10-idoia.jpg\"><img loading=\"lazy\" class=\"alignnone size-full wp-image-2438\" src=\"https:\/\/www.estateone.biz\/blog\/wp-content\/uploads\/2016\/02\/10-idoia.jpg\" alt=\"Idoia Otegui arquitectura\" width=\"650\" height=\"725\" srcset=\"https:\/\/www.estateone.biz\/blog\/wp-content\/uploads\/2016\/02\/10-idoia.jpg 650w, https:\/\/www.estateone.biz\/blog\/wp-content\/uploads\/2016\/02\/10-idoia-268x300.jpg 268w, https:\/\/www.estateone.biz\/blog\/wp-content\/uploads\/2016\/02\/10-idoia-448x500.jpg 448w\" sizes=\"(max-width: 650px) 100vw, 650px\" \/><\/a><\/p>\n<p><strong>\u00bfCu\u00e1les son tus planes de futuro? \u00bfTienes alg\u00fan proyecto en mente?<\/strong><\/p>\n<p>Siempre hay cosas, \u00faltimamente m\u00e1s peque\u00f1as que antes. Ya no son superficies de 10.000m2, pero son igualmente bonitas. Ahora estoy haciendo una reforma de un local para un espacio de entrenamientos personales; queda poco para terminarlo y creo que va a quedar muy bien. Adem\u00e1s tengo ganas de que salga un proyecto muy bonito para hacer un espacio de coworking para artistas en unas naves industriales enormes y preciosas, y por \u00faltimo tengo que terminar mi tesis doctoral\u2026 \u00a1No son pocas cosas!<\/p>\n<p><a href=\"https:\/\/www.estateone.biz\/blog\/wp-content\/uploads\/2016\/02\/07-idoia.jpg\"><img loading=\"lazy\" class=\"alignnone size-full wp-image-2442\" src=\"https:\/\/www.estateone.biz\/blog\/wp-content\/uploads\/2016\/02\/07-idoia.jpg\" alt=\"Idoia Otegui arquitectura\" width=\"650\" height=\"377\" srcset=\"https:\/\/www.estateone.biz\/blog\/wp-content\/uploads\/2016\/02\/07-idoia.jpg 650w, https:\/\/www.estateone.biz\/blog\/wp-content\/uploads\/2016\/02\/07-idoia-300x174.jpg 300w\" sizes=\"(max-width: 650px) 100vw, 650px\" \/><\/a><\/p>\n<p>Idoia, ha sido un placer hablar contigo. Muchas gracias por venir al blog de Estate One.<\/p>\n","protected":false},"excerpt":{"rendered":"<p>Idoia Otegui lleva casi 20 a\u00f1os en el mundo de la arquitectura, y a pesar de su juventud ya ha conseguido importantes premios y reconocimientos por su labor como arquitecta. Idoia fund\u00f3 el estudio de arquitectura PO2, aunque actualmente ejerce su profesi\u00f3n en solitario; hace poco dedic\u00e1bamos en este blog un art\u00edculo al proyecto que &hellip;<\/p>\n","protected":false},"author":1,"featured_media":2415,"comment_status":"open","ping_status":"open","sticky":false,"template":"","format":"standard","meta":[],"categories":[430],"tags":[12,26,432,433,434],"yoast_head":"<!-- This site is optimized with the Yoast SEO plugin v19.6.1 - https:\/\/yoast.com\/wordpress\/plugins\/seo\/ -->\n<title>Idoia Otegui, arquitecta: \u201cDe la obra me gusta hasta el olor\u201d - Blog, dulce blog<\/title>\n<meta name=\"description\" content=\"Idoia Otegui lleva casi 30 a\u00f1os en el mundo de la arquitectura, y a pesar de su juventud ya ha conseguido importantes premios y reconocimientos por su labor como arquitecta\" \/>\n<meta name=\"robots\" content=\"index, follow, max-snippet:-1, max-image-preview:large, max-video-preview:-1\" \/>\n<link rel=\"canonical\" href=\"https:\/\/www.estateone.biz\/blog\/idoia-otegui-arquitecta-de-la-obra-gusta-hasta-el-olor-2\/\" \/>\n<meta property=\"og:locale\" content=\"es_ES\" \/>\n<meta property=\"og:type\" content=\"article\" \/>\n<meta property=\"og:title\" content=\"Idoia Otegui, arquitecta: \u201cDe la obra me gusta hasta el olor\u201d - Blog, dulce blog\" \/>\n<meta property=\"og:description\" content=\"Idoia Otegui lleva casi 30 a\u00f1os en el mundo de la arquitectura, y a pesar de su juventud ya ha conseguido importantes premios y reconocimientos por su labor como arquitecta\" \/>\n<meta property=\"og:url\" content=\"https:\/\/www.estateone.biz\/blog\/idoia-otegui-arquitecta-de-la-obra-gusta-hasta-el-olor-2\/\" \/>\n<meta property=\"og:site_name\" content=\"Blog, dulce blog\" \/>\n<meta property=\"article:published_time\" content=\"2016-02-22T09:22:17+00:00\" \/>\n<meta property=\"article:modified_time\" content=\"2016-02-22T12:06:38+00:00\" \/>\n<meta property=\"og:image\" content=\"https:\/\/www.estateone.biz\/blog\/wp-content\/uploads\/2016\/02\/00-idoia.jpg\" \/>\n\t<meta property=\"og:image:width\" content=\"650\" \/>\n\t<meta property=\"og:image:height\" content=\"417\" \/>\n\t<meta property=\"og:image:type\" content=\"image\/jpeg\" \/>\n<meta name=\"author\" content=\"Estate One\" \/>\n<meta name=\"twitter:card\" content=\"summary\" \/>\n<meta name=\"twitter:label1\" content=\"Escrito por\" \/>\n\t<meta name=\"twitter:data1\" content=\"Estate One\" \/>\n\t<meta name=\"twitter:label2\" content=\"Tiempo de lectura\" \/>\n\t<meta name=\"twitter:data2\" content=\"8 minutos\" \/>\n<script type=\"application\/ld+json\" class=\"yoast-schema-graph\">{\"@context\":\"https:\/\/schema.org\",\"@graph\":[{\"@type\":\"WebPage\",\"@id\":\"https:\/\/www.estateone.biz\/blog\/idoia-otegui-arquitecta-de-la-obra-gusta-hasta-el-olor-2\/\",\"url\":\"https:\/\/www.estateone.biz\/blog\/idoia-otegui-arquitecta-de-la-obra-gusta-hasta-el-olor-2\/\",\"name\":\"Idoia Otegui, arquitecta: \u201cDe la obra me gusta hasta el olor\u201d - Blog, dulce blog\",\"isPartOf\":{\"@id\":\"https:\/\/www.estateone.biz\/blog\/?lang=en\/#website\"},\"datePublished\":\"2016-02-22T09:22:17+00:00\",\"dateModified\":\"2016-02-22T12:06:38+00:00\",\"author\":{\"@id\":\"https:\/\/www.estateone.biz\/blog\/?lang=en\/#\/schema\/person\/5c4d73bb88472ee2f9325e6ce4f634d7\"},\"description\":\"Idoia Otegui lleva casi 30 a\u00f1os en el mundo de la arquitectura, y a pesar de su juventud ya ha conseguido importantes premios y reconocimientos por su labor como arquitecta\",\"breadcrumb\":{\"@id\":\"https:\/\/www.estateone.biz\/blog\/idoia-otegui-arquitecta-de-la-obra-gusta-hasta-el-olor-2\/#breadcrumb\"},\"inLanguage\":\"es\",\"potentialAction\":[{\"@type\":\"ReadAction\",\"target\":[\"https:\/\/www.estateone.biz\/blog\/idoia-otegui-arquitecta-de-la-obra-gusta-hasta-el-olor-2\/\"]}]},{\"@type\":\"BreadcrumbList\",\"@id\":\"https:\/\/www.estateone.biz\/blog\/idoia-otegui-arquitecta-de-la-obra-gusta-hasta-el-olor-2\/#breadcrumb\",\"itemListElement\":[{\"@type\":\"ListItem\",\"position\":1,\"name\":\"Portada\",\"item\":\"https:\/\/www.estateone.biz\/blog\/?lang=en\/\"},{\"@type\":\"ListItem\",\"position\":2,\"name\":\"Idoia Otegui, arquitecta: \u201cDe la obra me gusta hasta el olor\u201d\"}]},{\"@type\":\"WebSite\",\"@id\":\"https:\/\/www.estateone.biz\/blog\/?lang=en\/#website\",\"url\":\"https:\/\/www.estateone.biz\/blog\/?lang=en\/\",\"name\":\"Blog, dulce blog\",\"description\":\"El blog inmobiliario de Estate One\",\"potentialAction\":[{\"@type\":\"SearchAction\",\"target\":{\"@type\":\"EntryPoint\",\"urlTemplate\":\"https:\/\/www.estateone.biz\/blog\/?lang=en\/?s={search_term_string}\"},\"query-input\":\"required name=search_term_string\"}],\"inLanguage\":\"es\"},{\"@type\":\"Person\",\"@id\":\"https:\/\/www.estateone.biz\/blog\/?lang=en\/#\/schema\/person\/5c4d73bb88472ee2f9325e6ce4f634d7\",\"name\":\"Estate One\",\"image\":{\"@type\":\"ImageObject\",\"inLanguage\":\"es\",\"@id\":\"https:\/\/www.estateone.biz\/blog\/?lang=en\/#\/schema\/person\/image\/\",\"url\":\"https:\/\/secure.gravatar.com\/avatar\/b36ec0d2dc5448ccdc0852ddf52cf7a4?s=96&d=identicon&r=g\",\"contentUrl\":\"https:\/\/secure.gravatar.com\/avatar\/b36ec0d2dc5448ccdc0852ddf52cf7a4?s=96&d=identicon&r=g\",\"caption\":\"Estate One\"},\"description\":\"Estate One somos una compa\u00f1\u00eda con un amplio conocimiento del mercado inmobiliario en Espa\u00f1a y una s\u00f3lida experiencia en prestigiosas empresas del sector.\",\"sameAs\":[\"http:\/\/estateone.biz\/\"],\"url\":\"https:\/\/www.estateone.biz\/blog\/author\/wpluzti\/\"}]}<\/script>\n<!-- \/ Yoast SEO plugin. -->","yoast_head_json":{"title":"Idoia Otegui, arquitecta: \u201cDe la obra me gusta hasta el olor\u201d - Blog, dulce blog","description":"Idoia Otegui lleva casi 30 a\u00f1os en el mundo de la arquitectura, y a pesar de su juventud ya ha conseguido importantes premios y reconocimientos por su labor como arquitecta","robots":{"index":"index","follow":"follow","max-snippet":"max-snippet:-1","max-image-preview":"max-image-preview:large","max-video-preview":"max-video-preview:-1"},"canonical":"https:\/\/www.estateone.biz\/blog\/idoia-otegui-arquitecta-de-la-obra-gusta-hasta-el-olor-2\/","og_locale":"es_ES","og_type":"article","og_title":"Idoia Otegui, arquitecta: \u201cDe la obra me gusta hasta el olor\u201d - Blog, dulce blog","og_description":"Idoia Otegui lleva casi 30 a\u00f1os en el mundo de la arquitectura, y a pesar de su juventud ya ha conseguido importantes premios y reconocimientos por su labor como arquitecta","og_url":"https:\/\/www.estateone.biz\/blog\/idoia-otegui-arquitecta-de-la-obra-gusta-hasta-el-olor-2\/","og_site_name":"Blog, dulce blog","article_published_time":"2016-02-22T09:22:17+00:00","article_modified_time":"2016-02-22T12:06:38+00:00","og_image":[{"width":650,"height":417,"url":"https:\/\/www.estateone.biz\/blog\/wp-content\/uploads\/2016\/02\/00-idoia.jpg","type":"image\/jpeg"}],"author":"Estate One","twitter_card":"summary","twitter_misc":{"Escrito por":"Estate One","Tiempo de lectura":"8 minutos"},"schema":{"@context":"https:\/\/schema.org","@graph":[{"@type":"WebPage","@id":"https:\/\/www.estateone.biz\/blog\/idoia-otegui-arquitecta-de-la-obra-gusta-hasta-el-olor-2\/","url":"https:\/\/www.estateone.biz\/blog\/idoia-otegui-arquitecta-de-la-obra-gusta-hasta-el-olor-2\/","name":"Idoia Otegui, arquitecta: \u201cDe la obra me gusta hasta el olor\u201d - Blog, dulce blog","isPartOf":{"@id":"https:\/\/www.estateone.biz\/blog\/?lang=en\/#website"},"datePublished":"2016-02-22T09:22:17+00:00","dateModified":"2016-02-22T12:06:38+00:00","author":{"@id":"https:\/\/www.estateone.biz\/blog\/?lang=en\/#\/schema\/person\/5c4d73bb88472ee2f9325e6ce4f634d7"},"description":"Idoia Otegui lleva casi 30 a\u00f1os en el mundo de la arquitectura, y a pesar de su juventud ya ha conseguido importantes premios y reconocimientos por su labor como arquitecta","breadcrumb":{"@id":"https:\/\/www.estateone.biz\/blog\/idoia-otegui-arquitecta-de-la-obra-gusta-hasta-el-olor-2\/#breadcrumb"},"inLanguage":"es","potentialAction":[{"@type":"ReadAction","target":["https:\/\/www.estateone.biz\/blog\/idoia-otegui-arquitecta-de-la-obra-gusta-hasta-el-olor-2\/"]}]},{"@type":"BreadcrumbList","@id":"https:\/\/www.estateone.biz\/blog\/idoia-otegui-arquitecta-de-la-obra-gusta-hasta-el-olor-2\/#breadcrumb","itemListElement":[{"@type":"ListItem","position":1,"name":"Portada","item":"https:\/\/www.estateone.biz\/blog\/?lang=en\/"},{"@type":"ListItem","position":2,"name":"Idoia Otegui, arquitecta: \u201cDe la obra me gusta hasta el olor\u201d"}]},{"@type":"WebSite","@id":"https:\/\/www.estateone.biz\/blog\/?lang=en\/#website","url":"https:\/\/www.estateone.biz\/blog\/?lang=en\/","name":"Blog, dulce blog","description":"El blog inmobiliario de Estate One","potentialAction":[{"@type":"SearchAction","target":{"@type":"EntryPoint","urlTemplate":"https:\/\/www.estateone.biz\/blog\/?lang=en\/?s={search_term_string}"},"query-input":"required name=search_term_string"}],"inLanguage":"es"},{"@type":"Person","@id":"https:\/\/www.estateone.biz\/blog\/?lang=en\/#\/schema\/person\/5c4d73bb88472ee2f9325e6ce4f634d7","name":"Estate One","image":{"@type":"ImageObject","inLanguage":"es","@id":"https:\/\/www.estateone.biz\/blog\/?lang=en\/#\/schema\/person\/image\/","url":"https:\/\/secure.gravatar.com\/avatar\/b36ec0d2dc5448ccdc0852ddf52cf7a4?s=96&d=identicon&r=g","contentUrl":"https:\/\/secure.gravatar.com\/avatar\/b36ec0d2dc5448ccdc0852ddf52cf7a4?s=96&d=identicon&r=g","caption":"Estate One"},"description":"Estate One somos una compa\u00f1\u00eda con un amplio conocimiento del mercado inmobiliario en Espa\u00f1a y una s\u00f3lida experiencia en prestigiosas empresas del sector.","sameAs":["http:\/\/estateone.biz\/"],"url":"https:\/\/www.estateone.biz\/blog\/author\/wpluzti\/"}]}},"_links":{"self":[{"href":"https:\/\/www.estateone.biz\/blog\/wp-json\/wp\/v2\/posts\/2421"}],"collection":[{"href":"https:\/\/www.estateone.biz\/blog\/wp-json\/wp\/v2\/posts"}],"about":[{"href":"https:\/\/www.estateone.biz\/blog\/wp-json\/wp\/v2\/types\/post"}],"author":[{"embeddable":true,"href":"https:\/\/www.estateone.biz\/blog\/wp-json\/wp\/v2\/users\/1"}],"replies":[{"embeddable":true,"href":"https:\/\/www.estateone.biz\/blog\/wp-json\/wp\/v2\/comments?post=2421"}],"version-history":[{"count":7,"href":"https:\/\/www.estateone.biz\/blog\/wp-json\/wp\/v2\/posts\/2421\/revisions"}],"predecessor-version":[{"id":2490,"href":"https:\/\/www.estateone.biz\/blog\/wp-json\/wp\/v2\/posts\/2421\/revisions\/2490"}],"wp:featuredmedia":[{"embeddable":true,"href":"https:\/\/www.estateone.biz\/blog\/wp-json\/wp\/v2\/media\/2415"}],"wp:attachment":[{"href":"https:\/\/www.estateone.biz\/blog\/wp-json\/wp\/v2\/media?parent=2421"}],"wp:term":[{"taxonomy":"category","embeddable":true,"href":"https:\/\/www.estateone.biz\/blog\/wp-json\/wp\/v2\/categories?post=2421"},{"taxonomy":"post_tag","embeddable":true,"href":"https:\/\/www.estateone.biz\/blog\/wp-json\/wp\/v2\/tags?post=2421"}],"curies":[{"name":"wp","href":"https:\/\/api.w.org\/{rel}","templated":true}]}}