{"id":28768,"date":"2017-12-05T08:38:40","date_gmt":"2017-12-05T07:38:40","guid":{"rendered":"https:\/\/www.estateone.biz\/blog\/?p=28768"},"modified":"2020-01-20T11:52:10","modified_gmt":"2020-01-20T10:52:10","slug":"madrid-dia-1955","status":"publish","type":"post","link":"https:\/\/www.estateone.biz\/blog\/madrid-dia-1955\/","title":{"rendered":"Madrid, un d\u00eda de 1955"},"content":{"rendered":"<p><strong>Madrid, un d\u00eda de 1955: <\/strong>el pa\u00eds atravesaba por momentos dif\u00edciles, pero a\u00fan as\u00ed continuaba con su <strong>agitada y bulliciosa vida<\/strong>. Hoy podemos revivir c\u00f3mo era un d\u00eda de 1955 en Madrid gracias a <strong>Cas Oorthuys<\/strong>. Este fot\u00f3grafo holand\u00e9s nos visit\u00f3 a mediados de los 50 para realizar un reportaje, y quiso <strong>retratar la capital alej\u00e1ndose del contexto pol\u00edtico<\/strong> que se viv\u00eda en ese momento. Oorthuys se interes\u00f3 por las <strong>vendedoras de postales y peri\u00f3dicos<\/strong> de la Puerta del Sol, <strong>los caf\u00e9s de la ciudad<\/strong>, el incesante <strong>tr\u00e1nsito de la Gran V\u00eda<\/strong>, las <strong>estampas familiares del Rastro<\/strong>, o los madrile\u00f1os divirti\u00e9ndose en la <strong>m\u00edtica sala de fiestas Pasapoga<\/strong>.<\/p>\n<p><img loading=\"lazy\" class=\"alignnone size-full wp-image-28785\" src=\"https:\/\/www.estateone.biz\/blog\/wp-content\/uploads\/2017\/12\/01-cas-1.jpg\" alt=\"Madrid, un d\u00eda de 1955\" width=\"650\" height=\"613\" srcset=\"https:\/\/www.estateone.biz\/blog\/wp-content\/uploads\/2017\/12\/01-cas-1.jpg 650w, https:\/\/www.estateone.biz\/blog\/wp-content\/uploads\/2017\/12\/01-cas-1-300x283.jpg 300w, https:\/\/www.estateone.biz\/blog\/wp-content\/uploads\/2017\/12\/01-cas-1-530x500.jpg 530w\" sizes=\"(max-width: 650px) 100vw, 650px\" \/><\/p>\n<p>El fot\u00f3grafo holand\u00e9s recorri\u00f3 algunas zonas de Madrid con su c\u00e1mara para tratar de <strong>captar instantes amables del d\u00eda a d\u00eda de los madrile\u00f1os<\/strong>, que a pesar de encontrarse en plena dictadura segu\u00edan adelante con sus vidas de la mejor forma que pod\u00edan. La mirada de Oorthuys se detuvo en <strong>momentos cotidianos<\/strong> que ahora resultan de gran inter\u00e9s, pues nos permiten <strong>intuir<\/strong> <strong>c\u00f3mo era la vida de Madrid en la d\u00e9cada de los 50<\/strong>. \u00c9ste es nuestro viaje al pasado; nos damos una vuelta por <strong>el Madrid de los 50<\/strong> <a href=\"https:\/\/www.estateone.biz\/blog\/calle-mayor-pasado-presente-madrid\/\" target=\"_blank\" rel=\"noopener noreferrer\">despu\u00e9s de que visit\u00e1ramos la calle Mayor<\/a>.<\/p>\n<p><img loading=\"lazy\" class=\"alignnone size-full wp-image-28776\" src=\"https:\/\/www.estateone.biz\/blog\/wp-content\/uploads\/2017\/12\/02-cas.jpg\" alt=\"Madrid, un d\u00eda de 1955\" width=\"650\" height=\"644\" srcset=\"https:\/\/www.estateone.biz\/blog\/wp-content\/uploads\/2017\/12\/02-cas.jpg 650w, https:\/\/www.estateone.biz\/blog\/wp-content\/uploads\/2017\/12\/02-cas-150x150.jpg 150w, https:\/\/www.estateone.biz\/blog\/wp-content\/uploads\/2017\/12\/02-cas-300x297.jpg 300w, https:\/\/www.estateone.biz\/blog\/wp-content\/uploads\/2017\/12\/02-cas-505x500.jpg 505w\" sizes=\"(max-width: 650px) 100vw, 650px\" \/><\/p>\n<h2><strong>1955: UN FOT\u00d3GRAFO Y UN POETA HOLAND\u00c9S NOS VISITAN<\/strong><\/h2>\n<p>Corr\u00eda el mes de mayo del a\u00f1o <strong>1955 <\/strong>cuando <strong>el fot\u00f3grafo Cas Oorthuys y el poeta <\/strong><strong>Bert Schierbeek vinieron a Madrid<\/strong> desde Holanda para tratar de contar c\u00f3mo era la vida en nuestra ciudad.<\/p>\n<p><img loading=\"lazy\" class=\"alignnone size-full wp-image-28777\" src=\"https:\/\/www.estateone.biz\/blog\/wp-content\/uploads\/2017\/12\/03-cas.jpg\" alt=\"Madrid, un d\u00eda de 1955\" width=\"650\" height=\"913\" srcset=\"https:\/\/www.estateone.biz\/blog\/wp-content\/uploads\/2017\/12\/03-cas.jpg 650w, https:\/\/www.estateone.biz\/blog\/wp-content\/uploads\/2017\/12\/03-cas-214x300.jpg 214w, https:\/\/www.estateone.biz\/blog\/wp-content\/uploads\/2017\/12\/03-cas-356x500.jpg 356w\" sizes=\"(max-width: 650px) 100vw, 650px\" \/><\/p>\n<p>Los dos eran conscientes del dif\u00edcil momento pol\u00edtico que se viv\u00eda en Espa\u00f1a, pero <strong>quisieron centrarse en la cultura y forma de vida espa\u00f1ola<\/strong>, un mundo totalmente ajeno a ellos. Ambos ven\u00edan a la capital a hacer un trabajo para un libro de viajes (<em>El coraz\u00f3n de Espa\u00f1a<\/em>), y en el libro Madrid ten\u00eda un papel muy protagonista.<\/p>\n<p><img loading=\"lazy\" class=\"alignnone size-full wp-image-28778\" src=\"https:\/\/www.estateone.biz\/blog\/wp-content\/uploads\/2017\/12\/04-cas.jpg\" alt=\"Madrid, un d\u00eda de 1955\" width=\"650\" height=\"743\" srcset=\"https:\/\/www.estateone.biz\/blog\/wp-content\/uploads\/2017\/12\/04-cas.jpg 650w, https:\/\/www.estateone.biz\/blog\/wp-content\/uploads\/2017\/12\/04-cas-262x300.jpg 262w, https:\/\/www.estateone.biz\/blog\/wp-content\/uploads\/2017\/12\/04-cas-437x500.jpg 437w\" sizes=\"(max-width: 650px) 100vw, 650px\" \/><\/p>\n<p>Los dos quedaron asombrados de <strong>una cultura y una forma de vivir desconocidos<\/strong> para ellos, y Oorthuys pos\u00f3 su mirada en <strong>aspectos del Madrid de entonces<\/strong> que le llamaron la atenci\u00f3n y le cautivaron. El poeta ilustraba los textos de las im\u00e1genes de Oorthuys, y resulta muy curioso ver c\u00f3mo <strong>esas im\u00e1genes de Madrid nos sirven hoy para hacernos una idea de c\u00f3mo era la ciudad <\/strong>en aquellos a\u00f1os.<\/p>\n<p><img loading=\"lazy\" class=\"alignnone size-full wp-image-28779\" src=\"https:\/\/www.estateone.biz\/blog\/wp-content\/uploads\/2017\/12\/05-cas.jpg\" alt=\"Madrid, un d\u00eda de 1955\" width=\"650\" height=\"655\" srcset=\"https:\/\/www.estateone.biz\/blog\/wp-content\/uploads\/2017\/12\/05-cas.jpg 650w, https:\/\/www.estateone.biz\/blog\/wp-content\/uploads\/2017\/12\/05-cas-150x150.jpg 150w, https:\/\/www.estateone.biz\/blog\/wp-content\/uploads\/2017\/12\/05-cas-298x300.jpg 298w, https:\/\/www.estateone.biz\/blog\/wp-content\/uploads\/2017\/12\/05-cas-496x500.jpg 496w\" sizes=\"(max-width: 650px) 100vw, 650px\" \/><\/p>\n<p>El hecho de que los dos artistas quisieran apartarse de cuestiones pol\u00edticas, sirvi\u00f3 para que <strong>las fotograf\u00edas buscaran ese lado humano y optimista<\/strong> que pod\u00eda encontrarse en las calles de Madrid a trav\u00e9s de sus gentes.<\/p>\n<p><img loading=\"lazy\" class=\"alignnone size-full wp-image-28780\" src=\"https:\/\/www.estateone.biz\/blog\/wp-content\/uploads\/2017\/12\/06-cas.jpg\" alt=\"Madrid, un d\u00eda de 1955\" width=\"650\" height=\"654\" srcset=\"https:\/\/www.estateone.biz\/blog\/wp-content\/uploads\/2017\/12\/06-cas.jpg 650w, https:\/\/www.estateone.biz\/blog\/wp-content\/uploads\/2017\/12\/06-cas-150x150.jpg 150w, https:\/\/www.estateone.biz\/blog\/wp-content\/uploads\/2017\/12\/06-cas-298x300.jpg 298w, https:\/\/www.estateone.biz\/blog\/wp-content\/uploads\/2017\/12\/06-cas-497x500.jpg 497w\" sizes=\"(max-width: 650px) 100vw, 650px\" \/><\/p>\n<h2><strong>UN D\u00cdA COMPLETO EN EL MADRID DE LOS A\u00d1OS 50<\/strong><\/h2>\n<p>En el <strong>a\u00f1o 2005<\/strong>, la <a href=\"http:\/\/www.fcamberes.org\/Home\" target=\"_blank\" rel=\"noopener noreferrer\">Fundaci\u00f3n Carlos de Amberes<\/a>\u00a0acogi\u00f3 una <strong>interesant\u00edsima exposici\u00f3n <\/strong>llamada<strong> <em>Madrid, mayo 1955<\/em><\/strong>, que mostraba un total de <strong>77 fotograf\u00edas de Cas Oorthuys.<\/strong><\/p>\n<p><img loading=\"lazy\" class=\"alignnone size-full wp-image-28781\" src=\"https:\/\/www.estateone.biz\/blog\/wp-content\/uploads\/2017\/12\/07-cas.jpg\" alt=\"Madrid, un d\u00eda de 1955\" width=\"650\" height=\"655\" srcset=\"https:\/\/www.estateone.biz\/blog\/wp-content\/uploads\/2017\/12\/07-cas.jpg 650w, https:\/\/www.estateone.biz\/blog\/wp-content\/uploads\/2017\/12\/07-cas-150x150.jpg 150w, https:\/\/www.estateone.biz\/blog\/wp-content\/uploads\/2017\/12\/07-cas-298x300.jpg 298w, https:\/\/www.estateone.biz\/blog\/wp-content\/uploads\/2017\/12\/07-cas-496x500.jpg 496w\" sizes=\"(max-width: 650px) 100vw, 650px\" \/><\/p>\n<p>Fueron todas tomadas el mismo d\u00eda, desde las primeras horas de sol de la ma\u00f1ana en las zonas m\u00e1s c\u00e9ntricas de la ciudad, hasta la madrugada en la sala de fiestas Pasapoga. Oorthuys quiso captar <strong>c\u00f3mo era el transcurso de un d\u00eda completo de 1955 en la capital<\/strong>, de ah\u00ed el importante valor documental que las im\u00e1genes tienen ahora.<\/p>\n<p><img loading=\"lazy\" class=\"alignnone size-full wp-image-28782\" src=\"https:\/\/www.estateone.biz\/blog\/wp-content\/uploads\/2017\/12\/08-cas.jpg\" alt=\"Madrid, un d\u00eda de 1955\" width=\"650\" height=\"634\" srcset=\"https:\/\/www.estateone.biz\/blog\/wp-content\/uploads\/2017\/12\/08-cas.jpg 650w, https:\/\/www.estateone.biz\/blog\/wp-content\/uploads\/2017\/12\/08-cas-300x293.jpg 300w, https:\/\/www.estateone.biz\/blog\/wp-content\/uploads\/2017\/12\/08-cas-513x500.jpg 513w\" sizes=\"(max-width: 650px) 100vw, 650px\" \/><\/p>\n<p>\u00bfQu\u00e9 pod\u00edamos encontrarnos en la Plaza Mayor de Madrid durante un d\u00eda cualquiera de 1955? \u00bfC\u00f3mo era una jornada de Rastro? \u00bfQu\u00e9 ambiente se respiraba en la noche madrile\u00f1a m\u00e1s festiva? Todas estas respuestas las tenemos en estas fotograf\u00edas, que en su momento buscaron <strong>acercar la gente y el pueblo de Madrid a una Europa que nos desconoc\u00eda<\/strong>.<\/p>\n<p><img loading=\"lazy\" class=\"alignnone size-full wp-image-28783\" src=\"https:\/\/www.estateone.biz\/blog\/wp-content\/uploads\/2017\/12\/09-cas.jpg\" alt=\"Madrid, un d\u00eda de 1955\" width=\"650\" height=\"646\" srcset=\"https:\/\/www.estateone.biz\/blog\/wp-content\/uploads\/2017\/12\/09-cas.jpg 650w, https:\/\/www.estateone.biz\/blog\/wp-content\/uploads\/2017\/12\/09-cas-150x150.jpg 150w, https:\/\/www.estateone.biz\/blog\/wp-content\/uploads\/2017\/12\/09-cas-300x298.jpg 300w, https:\/\/www.estateone.biz\/blog\/wp-content\/uploads\/2017\/12\/09-cas-503x500.jpg 503w\" sizes=\"(max-width: 650px) 100vw, 650px\" \/><\/p>\n<p><strong>Fotograf\u00edas:<\/strong> Cas Oorthuys, Museo de la Fotograf\u00eda de los Pa\u00edses Bajos.<\/p>\n","protected":false},"excerpt":{"rendered":"<p>Madrid, un d\u00eda de 1955: el pa\u00eds atravesaba por momentos dif\u00edciles, pero a\u00fan as\u00ed continuaba con su agitada y bulliciosa vida. Hoy podemos revivir c\u00f3mo era un d\u00eda de 1955 en Madrid gracias a Cas Oorthuys. Este fot\u00f3grafo holand\u00e9s nos visit\u00f3 a mediados de los 50 para realizar un reportaje, y quiso retratar la capital &hellip;<\/p>\n","protected":false},"author":1,"featured_media":28769,"comment_status":"open","ping_status":"open","sticky":false,"template":"","format":"standard","meta":[],"categories":[98],"tags":[26,684,685,686,687,688,689],"yoast_head":"<!-- This site is optimized with the Yoast SEO plugin v19.6.1 - https:\/\/yoast.com\/wordpress\/plugins\/seo\/ -->\n<title>Madrid, un d\u00eda de 1955 - Blog, dulce blog<\/title>\n<meta name=\"description\" content=\"Madrid, un d\u00eda de 1955: el pa\u00eds atravesaba por momentos dif\u00edciles, pero a\u00fan as\u00ed continuaba con su agitada y bulliciosa vida\" \/>\n<meta name=\"robots\" content=\"index, follow, max-snippet:-1, max-image-preview:large, max-video-preview:-1\" \/>\n<link rel=\"canonical\" href=\"https:\/\/www.estateone.biz\/blog\/madrid-dia-1955\/\" \/>\n<meta property=\"og:locale\" content=\"es_ES\" \/>\n<meta property=\"og:type\" content=\"article\" \/>\n<meta property=\"og:title\" content=\"Madrid, un d\u00eda de 1955 - Blog, dulce blog\" \/>\n<meta property=\"og:description\" content=\"Madrid, un d\u00eda de 1955: el pa\u00eds atravesaba por momentos dif\u00edciles, pero a\u00fan as\u00ed continuaba con su agitada y bulliciosa vida\" \/>\n<meta property=\"og:url\" content=\"https:\/\/www.estateone.biz\/blog\/madrid-dia-1955\/\" \/>\n<meta property=\"og:site_name\" content=\"Blog, dulce blog\" \/>\n<meta property=\"article:published_time\" content=\"2017-12-05T07:38:40+00:00\" \/>\n<meta property=\"article:modified_time\" content=\"2020-01-20T10:52:10+00:00\" \/>\n<meta property=\"og:image\" content=\"https:\/\/www.estateone.biz\/blog\/wp-content\/uploads\/2017\/12\/00-cas.jpg\" \/>\n\t<meta property=\"og:image:width\" content=\"650\" \/>\n\t<meta property=\"og:image:height\" content=\"618\" \/>\n\t<meta property=\"og:image:type\" content=\"image\/jpeg\" \/>\n<meta name=\"author\" content=\"Estate One\" \/>\n<meta name=\"twitter:card\" content=\"summary\" \/>\n<meta name=\"twitter:label1\" content=\"Escrito por\" \/>\n\t<meta name=\"twitter:data1\" content=\"Estate One\" \/>\n\t<meta name=\"twitter:label2\" content=\"Tiempo de lectura\" \/>\n\t<meta name=\"twitter:data2\" content=\"3 minutos\" \/>\n<script type=\"application\/ld+json\" class=\"yoast-schema-graph\">{\"@context\":\"https:\/\/schema.org\",\"@graph\":[{\"@type\":\"WebPage\",\"@id\":\"https:\/\/www.estateone.biz\/blog\/madrid-dia-1955\/\",\"url\":\"https:\/\/www.estateone.biz\/blog\/madrid-dia-1955\/\",\"name\":\"Madrid, un d\u00eda de 1955 - Blog, dulce blog\",\"isPartOf\":{\"@id\":\"https:\/\/www.estateone.biz\/blog\/?lang=en\/#website\"},\"datePublished\":\"2017-12-05T07:38:40+00:00\",\"dateModified\":\"2020-01-20T10:52:10+00:00\",\"author\":{\"@id\":\"https:\/\/www.estateone.biz\/blog\/?lang=en\/#\/schema\/person\/5c4d73bb88472ee2f9325e6ce4f634d7\"},\"description\":\"Madrid, un d\u00eda de 1955: el pa\u00eds atravesaba por momentos dif\u00edciles, pero a\u00fan as\u00ed continuaba con su agitada y bulliciosa vida\",\"breadcrumb\":{\"@id\":\"https:\/\/www.estateone.biz\/blog\/madrid-dia-1955\/#breadcrumb\"},\"inLanguage\":\"es\",\"potentialAction\":[{\"@type\":\"ReadAction\",\"target\":[\"https:\/\/www.estateone.biz\/blog\/madrid-dia-1955\/\"]}]},{\"@type\":\"BreadcrumbList\",\"@id\":\"https:\/\/www.estateone.biz\/blog\/madrid-dia-1955\/#breadcrumb\",\"itemListElement\":[{\"@type\":\"ListItem\",\"position\":1,\"name\":\"Portada\",\"item\":\"https:\/\/www.estateone.biz\/blog\/?lang=en\/\"},{\"@type\":\"ListItem\",\"position\":2,\"name\":\"Madrid, un d\u00eda de 1955\"}]},{\"@type\":\"WebSite\",\"@id\":\"https:\/\/www.estateone.biz\/blog\/?lang=en\/#website\",\"url\":\"https:\/\/www.estateone.biz\/blog\/?lang=en\/\",\"name\":\"Blog, dulce blog\",\"description\":\"El blog inmobiliario de Estate One\",\"potentialAction\":[{\"@type\":\"SearchAction\",\"target\":{\"@type\":\"EntryPoint\",\"urlTemplate\":\"https:\/\/www.estateone.biz\/blog\/?lang=en\/?s={search_term_string}\"},\"query-input\":\"required name=search_term_string\"}],\"inLanguage\":\"es\"},{\"@type\":\"Person\",\"@id\":\"https:\/\/www.estateone.biz\/blog\/?lang=en\/#\/schema\/person\/5c4d73bb88472ee2f9325e6ce4f634d7\",\"name\":\"Estate One\",\"image\":{\"@type\":\"ImageObject\",\"inLanguage\":\"es\",\"@id\":\"https:\/\/www.estateone.biz\/blog\/?lang=en\/#\/schema\/person\/image\/\",\"url\":\"https:\/\/secure.gravatar.com\/avatar\/b36ec0d2dc5448ccdc0852ddf52cf7a4?s=96&d=identicon&r=g\",\"contentUrl\":\"https:\/\/secure.gravatar.com\/avatar\/b36ec0d2dc5448ccdc0852ddf52cf7a4?s=96&d=identicon&r=g\",\"caption\":\"Estate One\"},\"description\":\"Estate One somos una compa\u00f1\u00eda con un amplio conocimiento del mercado inmobiliario en Espa\u00f1a y una s\u00f3lida experiencia en prestigiosas empresas del sector.\",\"sameAs\":[\"http:\/\/estateone.biz\/\"],\"url\":\"https:\/\/www.estateone.biz\/blog\/author\/wpluzti\/\"}]}<\/script>\n<!-- \/ Yoast SEO plugin. -->","yoast_head_json":{"title":"Madrid, un d\u00eda de 1955 - Blog, dulce blog","description":"Madrid, un d\u00eda de 1955: el pa\u00eds atravesaba por momentos dif\u00edciles, pero a\u00fan as\u00ed continuaba con su agitada y bulliciosa vida","robots":{"index":"index","follow":"follow","max-snippet":"max-snippet:-1","max-image-preview":"max-image-preview:large","max-video-preview":"max-video-preview:-1"},"canonical":"https:\/\/www.estateone.biz\/blog\/madrid-dia-1955\/","og_locale":"es_ES","og_type":"article","og_title":"Madrid, un d\u00eda de 1955 - Blog, dulce blog","og_description":"Madrid, un d\u00eda de 1955: el pa\u00eds atravesaba por momentos dif\u00edciles, pero a\u00fan as\u00ed continuaba con su agitada y bulliciosa vida","og_url":"https:\/\/www.estateone.biz\/blog\/madrid-dia-1955\/","og_site_name":"Blog, dulce blog","article_published_time":"2017-12-05T07:38:40+00:00","article_modified_time":"2020-01-20T10:52:10+00:00","og_image":[{"width":650,"height":618,"url":"https:\/\/www.estateone.biz\/blog\/wp-content\/uploads\/2017\/12\/00-cas.jpg","type":"image\/jpeg"}],"author":"Estate One","twitter_card":"summary","twitter_misc":{"Escrito por":"Estate One","Tiempo de lectura":"3 minutos"},"schema":{"@context":"https:\/\/schema.org","@graph":[{"@type":"WebPage","@id":"https:\/\/www.estateone.biz\/blog\/madrid-dia-1955\/","url":"https:\/\/www.estateone.biz\/blog\/madrid-dia-1955\/","name":"Madrid, un d\u00eda de 1955 - Blog, dulce blog","isPartOf":{"@id":"https:\/\/www.estateone.biz\/blog\/?lang=en\/#website"},"datePublished":"2017-12-05T07:38:40+00:00","dateModified":"2020-01-20T10:52:10+00:00","author":{"@id":"https:\/\/www.estateone.biz\/blog\/?lang=en\/#\/schema\/person\/5c4d73bb88472ee2f9325e6ce4f634d7"},"description":"Madrid, un d\u00eda de 1955: el pa\u00eds atravesaba por momentos dif\u00edciles, pero a\u00fan as\u00ed continuaba con su agitada y bulliciosa vida","breadcrumb":{"@id":"https:\/\/www.estateone.biz\/blog\/madrid-dia-1955\/#breadcrumb"},"inLanguage":"es","potentialAction":[{"@type":"ReadAction","target":["https:\/\/www.estateone.biz\/blog\/madrid-dia-1955\/"]}]},{"@type":"BreadcrumbList","@id":"https:\/\/www.estateone.biz\/blog\/madrid-dia-1955\/#breadcrumb","itemListElement":[{"@type":"ListItem","position":1,"name":"Portada","item":"https:\/\/www.estateone.biz\/blog\/?lang=en\/"},{"@type":"ListItem","position":2,"name":"Madrid, un d\u00eda de 1955"}]},{"@type":"WebSite","@id":"https:\/\/www.estateone.biz\/blog\/?lang=en\/#website","url":"https:\/\/www.estateone.biz\/blog\/?lang=en\/","name":"Blog, dulce blog","description":"El blog inmobiliario de Estate One","potentialAction":[{"@type":"SearchAction","target":{"@type":"EntryPoint","urlTemplate":"https:\/\/www.estateone.biz\/blog\/?lang=en\/?s={search_term_string}"},"query-input":"required name=search_term_string"}],"inLanguage":"es"},{"@type":"Person","@id":"https:\/\/www.estateone.biz\/blog\/?lang=en\/#\/schema\/person\/5c4d73bb88472ee2f9325e6ce4f634d7","name":"Estate One","image":{"@type":"ImageObject","inLanguage":"es","@id":"https:\/\/www.estateone.biz\/blog\/?lang=en\/#\/schema\/person\/image\/","url":"https:\/\/secure.gravatar.com\/avatar\/b36ec0d2dc5448ccdc0852ddf52cf7a4?s=96&d=identicon&r=g","contentUrl":"https:\/\/secure.gravatar.com\/avatar\/b36ec0d2dc5448ccdc0852ddf52cf7a4?s=96&d=identicon&r=g","caption":"Estate One"},"description":"Estate One somos una compa\u00f1\u00eda con un amplio conocimiento del mercado inmobiliario en Espa\u00f1a y una s\u00f3lida experiencia en prestigiosas empresas del sector.","sameAs":["http:\/\/estateone.biz\/"],"url":"https:\/\/www.estateone.biz\/blog\/author\/wpluzti\/"}]}},"_links":{"self":[{"href":"https:\/\/www.estateone.biz\/blog\/wp-json\/wp\/v2\/posts\/28768"}],"collection":[{"href":"https:\/\/www.estateone.biz\/blog\/wp-json\/wp\/v2\/posts"}],"about":[{"href":"https:\/\/www.estateone.biz\/blog\/wp-json\/wp\/v2\/types\/post"}],"author":[{"embeddable":true,"href":"https:\/\/www.estateone.biz\/blog\/wp-json\/wp\/v2\/users\/1"}],"replies":[{"embeddable":true,"href":"https:\/\/www.estateone.biz\/blog\/wp-json\/wp\/v2\/comments?post=28768"}],"version-history":[{"count":4,"href":"https:\/\/www.estateone.biz\/blog\/wp-json\/wp\/v2\/posts\/28768\/revisions"}],"predecessor-version":[{"id":31829,"href":"https:\/\/www.estateone.biz\/blog\/wp-json\/wp\/v2\/posts\/28768\/revisions\/31829"}],"wp:featuredmedia":[{"embeddable":true,"href":"https:\/\/www.estateone.biz\/blog\/wp-json\/wp\/v2\/media\/28769"}],"wp:attachment":[{"href":"https:\/\/www.estateone.biz\/blog\/wp-json\/wp\/v2\/media?parent=28768"}],"wp:term":[{"taxonomy":"category","embeddable":true,"href":"https:\/\/www.estateone.biz\/blog\/wp-json\/wp\/v2\/categories?post=28768"},{"taxonomy":"post_tag","embeddable":true,"href":"https:\/\/www.estateone.biz\/blog\/wp-json\/wp\/v2\/tags?post=28768"}],"curies":[{"name":"wp","href":"https:\/\/api.w.org\/{rel}","templated":true}]}}