{"id":29714,"date":"2018-09-19T08:12:23","date_gmt":"2018-09-19T07:12:23","guid":{"rendered":"https:\/\/www.estateone.biz\/blog\/?p=29714"},"modified":"2018-09-26T09:58:19","modified_gmt":"2018-09-26T08:58:19","slug":"calle-arenal-in-black-and-white","status":"publish","type":"post","link":"https:\/\/www.estateone.biz\/blog\/calle-arenal-in-black-and-white\/?lang=en","title":{"rendered":"Calle Arenal: in black-and-white"},"content":{"rendered":"<p class=\"p1\">In <strong>Madrid<\/strong>, there are few streets that are brighter, livelier or more bustling than <strong>Calle Arenal<\/strong>. This street is <strong>located just a stone\u00b4s throw from Puerta del Sol<\/strong> and has all the excitement of the centre of the city. <strong>Calle Arenal<\/strong> starts next to the very <strong>central point of Madrid<\/strong>, thus making it <strong>one of the busiest streets of the city<\/strong>. We must also add that<strong> it is a very commercial street full of businesses<\/strong> that are open to the public. Hence, large numbers of people enjoy walking along it night and day.<\/p>\n<p class=\"p1\"><img loading=\"lazy\" class=\"alignnone size-full wp-image-29730\" src=\"https:\/\/www.estateone.biz\/blog\/wp-content\/uploads\/2018\/09\/01-arenal-1.jpg\" alt=\"Calle Arenal: in black-and-white\" width=\"650\" height=\"455\" srcset=\"https:\/\/www.estateone.biz\/blog\/wp-content\/uploads\/2018\/09\/01-arenal-1.jpg 650w, https:\/\/www.estateone.biz\/blog\/wp-content\/uploads\/2018\/09\/01-arenal-1-300x210.jpg 300w\" sizes=\"(max-width: 650px) 100vw, 650px\" \/><\/p>\n<p class=\"p1\">But, what was <strong>Calle Arenal like decades ago<\/strong>? What kind of atmosphere and aspect did it have in those days? <a href=\"https:\/\/www.estateone.biz\/blog\/what-plaza-cibeles-was-like-decades-ago\/?lang=en\" target=\"_blank\">Some time ago, in the <strong>blog of Estate One<\/strong>, we took a walk into the past and wrote about <\/a><strong>Plaza de Cibeles.\u00a0<\/strong>Today, we will tell you about <strong>the past of<\/strong> <strong>Calle Arenal<\/strong> and show you what life was like in one of the most traditional and authentic streets in Madrid.<\/p>\n<p class=\"p1\"><img loading=\"lazy\" class=\"alignnone wp-image-29732 size-full\" src=\"https:\/\/www.estateone.biz\/blog\/wp-content\/uploads\/2018\/09\/02-arenal-1.jpg\" alt=\"Calle Arenal: in black-and-white\" width=\"650\" height=\"788\" srcset=\"https:\/\/www.estateone.biz\/blog\/wp-content\/uploads\/2018\/09\/02-arenal-1.jpg 650w, https:\/\/www.estateone.biz\/blog\/wp-content\/uploads\/2018\/09\/02-arenal-1-247x300.jpg 247w, https:\/\/www.estateone.biz\/blog\/wp-content\/uploads\/2018\/09\/02-arenal-1-412x500.jpg 412w\" sizes=\"(max-width: 650px) 100vw, 650px\" \/><\/p>\n<p class=\"p1\"><strong>A VERY PALATIAL ASPECT<\/strong><\/p>\n<p class=\"p1\">The name <strong>Calle Arenal (\u201cSandy Spot Street\u201d)<\/strong>, comes from the <strong>sandy ground that was located<\/strong>, centuries ago, in the area and that <strong>separated the suburbs from Madrid<\/strong>. In the <strong>XVI century<\/strong>, this street was lined with <strong>small palaces which were later replaced by mansions<\/strong> where wealthy families lived.<\/p>\n<p class=\"p1\"><img loading=\"lazy\" class=\"alignnone size-full wp-image-29759\" src=\"https:\/\/www.estateone.biz\/blog\/wp-content\/uploads\/2018\/09\/03-arenal-3.jpg\" alt=\"La Calle Arenal en blanco y negro\" width=\"650\" height=\"444\" srcset=\"https:\/\/www.estateone.biz\/blog\/wp-content\/uploads\/2018\/09\/03-arenal-3.jpg 650w, https:\/\/www.estateone.biz\/blog\/wp-content\/uploads\/2018\/09\/03-arenal-3-300x205.jpg 300w\" sizes=\"(max-width: 650px) 100vw, 650px\" \/><\/p>\n<p class=\"p1\">Even though the <strong>small palaces<\/strong> did not last over time, <strong>their indelible memory did<\/strong>; proof of this is that<strong> in the following centuries new small palaces were built in Calle Arenal<\/strong>. For instance, <strong>Palacio de Gaviria<\/strong> which was constructed in the XIX century and still exists nowadays in 9, Calle Arenal.<\/p>\n<p class=\"p1\"><img loading=\"lazy\" class=\"alignnone wp-image-29734 size-full\" src=\"https:\/\/www.estateone.biz\/blog\/wp-content\/uploads\/2018\/09\/04-arenal-1.jpg\" alt=\"Calle Arenal: in black-and-white\" width=\"650\" height=\"790\" srcset=\"https:\/\/www.estateone.biz\/blog\/wp-content\/uploads\/2018\/09\/04-arenal-1.jpg 650w, https:\/\/www.estateone.biz\/blog\/wp-content\/uploads\/2018\/09\/04-arenal-1-247x300.jpg 247w, https:\/\/www.estateone.biz\/blog\/wp-content\/uploads\/2018\/09\/04-arenal-1-411x500.jpg 411w\" sizes=\"(max-width: 650px) 100vw, 650px\" \/><\/p>\n<p class=\"p1\">Just like at present, Calle Arenal has always been <strong>very hectic and busy<\/strong>, full of <strong>people coming and going incessantly<\/strong>, filling the street with splendour and colour. In the XIX century, the street was already known for having <strong>a large number of boarding houses, hostels and inns<\/strong>. Currently, some of them still exist and this shows us that travellers have not stopped going throughout the years to Calle Arenal.<\/p>\n<p class=\"p1\"><img loading=\"lazy\" class=\"alignnone size-full wp-image-29735\" src=\"https:\/\/www.estateone.biz\/blog\/wp-content\/uploads\/2018\/09\/06-arenal-1.jpg\" alt=\"Calle Arenal: in black-and-white\" width=\"650\" height=\"654\" srcset=\"https:\/\/www.estateone.biz\/blog\/wp-content\/uploads\/2018\/09\/06-arenal-1.jpg 650w, https:\/\/www.estateone.biz\/blog\/wp-content\/uploads\/2018\/09\/06-arenal-1-150x150.jpg 150w, https:\/\/www.estateone.biz\/blog\/wp-content\/uploads\/2018\/09\/06-arenal-1-298x300.jpg 298w, https:\/\/www.estateone.biz\/blog\/wp-content\/uploads\/2018\/09\/06-arenal-1-497x500.jpg 497w\" sizes=\"(max-width: 650px) 100vw, 650px\" \/><\/p>\n<p class=\"p1\"><strong>CAFES WITH A LONG-ESTABLISHED TRADITION<\/strong><\/p>\n<p class=\"p1\">We cannot talk about the past of Calle Arenal without recalling <strong>its mythical cafes<\/strong> where <strong>important people and the bohemian in vogue<\/strong> arranged to meet decades ago. We refer to places of the stature of <strong>Caf\u00e9 de Europa<\/strong> or <strong>Nuevo Caf\u00e9 de Levante<\/strong>, both of which have disappeared but are nonetheless impossible to forget if we think about <strong>the social gatherings that took place there in those days<\/strong>.<\/p>\n<p class=\"p1\"><img loading=\"lazy\" class=\"alignnone size-full wp-image-29736\" src=\"https:\/\/www.estateone.biz\/blog\/wp-content\/uploads\/2018\/09\/05-arenal-2.jpg\" alt=\"Calle Arenal: in black-and-white\" width=\"650\" height=\"398\" srcset=\"https:\/\/www.estateone.biz\/blog\/wp-content\/uploads\/2018\/09\/05-arenal-2.jpg 650w, https:\/\/www.estateone.biz\/blog\/wp-content\/uploads\/2018\/09\/05-arenal-2-300x184.jpg 300w\" sizes=\"(max-width: 650px) 100vw, 650px\" \/><\/p>\n<p class=\"p1\">Some of the cultural figures who used to go<span class=\"Apple-converted-space\">\u00a0 <\/span>were Azor\u00edn, Valle-Incl\u00e1n, P\u00edo Baroja or Julio Romero de Torres. In the past, Calle Arenal had plenty of <strong>mythical bookshops<\/strong> such as <strong>Librer\u00eda de Requena<\/strong>, <strong>Librer\u00eda Pupart<\/strong> or <strong>Librer\u00eda Hernando<\/strong>. None of them exist nowadays.<\/p>\n<p class=\"p1\"><img loading=\"lazy\" class=\"alignnone size-full wp-image-29737\" src=\"https:\/\/www.estateone.biz\/blog\/wp-content\/uploads\/2018\/09\/08-arenal-1.jpg\" alt=\"Calle Arenal: in black-and-white\" width=\"650\" height=\"674\" srcset=\"https:\/\/www.estateone.biz\/blog\/wp-content\/uploads\/2018\/09\/08-arenal-1.jpg 650w, https:\/\/www.estateone.biz\/blog\/wp-content\/uploads\/2018\/09\/08-arenal-1-289x300.jpg 289w, https:\/\/www.estateone.biz\/blog\/wp-content\/uploads\/2018\/09\/08-arenal-1-482x500.jpg 482w\" sizes=\"(max-width: 650px) 100vw, 650px\" \/><\/p>\n<p class=\"p1\">Nevertheless, at present, we can still visit <strong>Librer\u00eda de los Bibli\u00f3filos Espa\u00f1oles<\/strong> which dates back to 1910 and is located in 1, Calle Arenal. We can also visit centenary shops such as <strong>Confiter\u00eda Prast<\/strong> which opened in 1866 and is located in 8, Calle Arenal. Also, <strong>Chocolater\u00eda de San Gin\u00e9s<\/strong> which dates back to 1894 and is located in the alley of San Gin\u00e9s, next to Calle Arenal.<\/p>\n<p class=\"p1\"><img loading=\"lazy\" class=\"alignnone size-full wp-image-29738\" src=\"https:\/\/www.estateone.biz\/blog\/wp-content\/uploads\/2018\/09\/07-arenal-1.jpg\" alt=\"Calle Arenal: in black-and-white\" width=\"650\" height=\"808\" srcset=\"https:\/\/www.estateone.biz\/blog\/wp-content\/uploads\/2018\/09\/07-arenal-1.jpg 650w, https:\/\/www.estateone.biz\/blog\/wp-content\/uploads\/2018\/09\/07-arenal-1-241x300.jpg 241w, https:\/\/www.estateone.biz\/blog\/wp-content\/uploads\/2018\/09\/07-arenal-1-402x500.jpg 402w\" sizes=\"(max-width: 650px) 100vw, 650px\" \/><\/p>\n<p class=\"p1\">We must also highlight <strong>Teatro Eslava<\/strong>, currently known as <strong>Sala Joy Eslava<\/strong>, inaugurated in 1870 and located in 11, Calle Arenal. Sala Joy Eslava has witnessed hectic and frenetic nights throughout the years. Calle Arenal underwent one of its most important transformations between the <strong>years 2006-2007<\/strong>; in that time<strong> it was completely renovated in order to pedestrianise it<\/strong>.<\/p>\n<p class=\"p1\"><img loading=\"lazy\" class=\"alignnone size-full wp-image-29739\" src=\"https:\/\/www.estateone.biz\/blog\/wp-content\/uploads\/2018\/09\/09-arenal-1.jpg\" alt=\"Calle Arenal: in black-and-white\" width=\"650\" height=\"487\" srcset=\"https:\/\/www.estateone.biz\/blog\/wp-content\/uploads\/2018\/09\/09-arenal-1.jpg 650w, https:\/\/www.estateone.biz\/blog\/wp-content\/uploads\/2018\/09\/09-arenal-1-300x225.jpg 300w, https:\/\/www.estateone.biz\/blog\/wp-content\/uploads\/2018\/09\/09-arenal-1-175x131.jpg 175w\" sizes=\"(max-width: 650px) 100vw, 650px\" \/><\/p>\n<p class=\"p1\"><strong>DID YOU KNOW THAT&#8230;?<\/strong><\/p>\n<p class=\"p1\">In 1896, <strong>an unprecedented measure was taken<\/strong> in order to try to <strong>reduce the tremendous noise in Madri<\/strong>d. It was decided that the roads were to be <strong>covered with cork<\/strong> so as to deafen and muffle the noise of wheels and horse hooves. But, before introducing this noise-reduction system in all the city, it was decided that it should first be tested on one road, and <strong>the one chosen was Calle Arenal<\/strong>. When the road was covered, the result was amazing: the noise was greatly reduced. However, this joy did not last for long. It only lasted till the first rainy day. The rain crumbled and dissolved the cork turning the project into a complete disaster, to the dismay of the ruling class who naturally did not extend this initiative to any other street.<\/p>\n<p class=\"p1\"><strong>Nowadays picture:<\/strong>\u00a0<a href=\"https:\/\/www.flickr.com\/photos\/martius\/\" target=\"_blank\">Manuel M. V.<\/a><\/p>\n","protected":false},"excerpt":{"rendered":"<p>In Madrid, there are few streets that are brighter, livelier or more bustling than Calle Arenal. This street is located just a stone\u00b4s throw from Puerta del Sol and has all the excitement of the centre of the city. Calle Arenal starts next to the very central point of Madrid, thus making it one of &hellip;<\/p>\n","protected":false},"author":1,"featured_media":29715,"comment_status":"open","ping_status":"open","sticky":false,"template":"","format":"standard","meta":[],"categories":[],"tags":[26,101,754],"yoast_head":"<!-- This site is optimized with the Yoast SEO plugin v19.6.1 - https:\/\/yoast.com\/wordpress\/plugins\/seo\/ -->\n<title>Calle Arenal: in black-and-white - Blog, dulce blog<\/title>\n<meta name=\"description\" content=\"In Madrid, there are few streets that are brighter, livelier or more bustling than Calle Arenal.\" \/>\n<meta name=\"robots\" content=\"index, follow, max-snippet:-1, max-image-preview:large, max-video-preview:-1\" \/>\n<link rel=\"canonical\" href=\"https:\/\/www.estateone.biz\/blog\/calle-arenal-in-black-and-white\/?lang=en\" \/>\n<meta property=\"og:locale\" content=\"es_ES\" \/>\n<meta property=\"og:type\" content=\"article\" \/>\n<meta property=\"og:title\" content=\"Calle Arenal: in black-and-white - Blog, dulce blog\" \/>\n<meta property=\"og:description\" content=\"In Madrid, there are few streets that are brighter, livelier or more bustling than Calle Arenal.\" \/>\n<meta property=\"og:url\" content=\"https:\/\/www.estateone.biz\/blog\/calle-arenal-in-black-and-white\/?lang=en\" \/>\n<meta property=\"og:site_name\" content=\"Blog, dulce blog\" \/>\n<meta property=\"article:published_time\" content=\"2018-09-19T07:12:23+00:00\" \/>\n<meta property=\"article:modified_time\" content=\"2018-09-26T08:58:19+00:00\" \/>\n<meta property=\"og:image\" content=\"https:\/\/www.estateone.biz\/blog\/wp-content\/uploads\/2018\/09\/00-arenal-1.jpg\" \/>\n\t<meta property=\"og:image:width\" content=\"650\" \/>\n\t<meta property=\"og:image:height\" content=\"365\" \/>\n\t<meta property=\"og:image:type\" content=\"image\/jpeg\" \/>\n<meta name=\"author\" content=\"Estate One\" \/>\n<meta name=\"twitter:card\" content=\"summary\" \/>\n<meta name=\"twitter:label1\" content=\"Escrito por\" \/>\n\t<meta name=\"twitter:data1\" content=\"Estate One\" \/>\n\t<meta name=\"twitter:label2\" content=\"Tiempo de lectura\" \/>\n\t<meta name=\"twitter:data2\" content=\"4 minutos\" \/>\n<script type=\"application\/ld+json\" class=\"yoast-schema-graph\">{\"@context\":\"https:\/\/schema.org\",\"@graph\":[{\"@type\":\"WebPage\",\"@id\":\"https:\/\/www.estateone.biz\/blog\/calle-arenal-in-black-and-white\/?lang=en\",\"url\":\"https:\/\/www.estateone.biz\/blog\/calle-arenal-in-black-and-white\/?lang=en\",\"name\":\"Calle Arenal: in black-and-white - Blog, dulce blog\",\"isPartOf\":{\"@id\":\"https:\/\/www.estateone.biz\/blog\/?lang=en\/#website\"},\"datePublished\":\"2018-09-19T07:12:23+00:00\",\"dateModified\":\"2018-09-26T08:58:19+00:00\",\"author\":{\"@id\":\"https:\/\/www.estateone.biz\/blog\/?lang=en\/#\/schema\/person\/5c4d73bb88472ee2f9325e6ce4f634d7\"},\"description\":\"In Madrid, there are few streets that are brighter, livelier or more bustling than Calle Arenal.\",\"breadcrumb\":{\"@id\":\"https:\/\/www.estateone.biz\/blog\/calle-arenal-in-black-and-white\/?lang=en#breadcrumb\"},\"inLanguage\":\"es\",\"potentialAction\":[{\"@type\":\"ReadAction\",\"target\":[\"https:\/\/www.estateone.biz\/blog\/calle-arenal-in-black-and-white\/?lang=en\"]}]},{\"@type\":\"BreadcrumbList\",\"@id\":\"https:\/\/www.estateone.biz\/blog\/calle-arenal-in-black-and-white\/?lang=en#breadcrumb\",\"itemListElement\":[{\"@type\":\"ListItem\",\"position\":1,\"name\":\"Portada\",\"item\":\"https:\/\/www.estateone.biz\/blog\/?lang=en\/\"},{\"@type\":\"ListItem\",\"position\":2,\"name\":\"Calle Arenal: in black-and-white\"}]},{\"@type\":\"WebSite\",\"@id\":\"https:\/\/www.estateone.biz\/blog\/?lang=en\/#website\",\"url\":\"https:\/\/www.estateone.biz\/blog\/?lang=en\/\",\"name\":\"Blog, dulce blog\",\"description\":\"El blog inmobiliario de Estate One\",\"potentialAction\":[{\"@type\":\"SearchAction\",\"target\":{\"@type\":\"EntryPoint\",\"urlTemplate\":\"https:\/\/www.estateone.biz\/blog\/?lang=en\/?s={search_term_string}\"},\"query-input\":\"required name=search_term_string\"}],\"inLanguage\":\"es\"},{\"@type\":\"Person\",\"@id\":\"https:\/\/www.estateone.biz\/blog\/?lang=en\/#\/schema\/person\/5c4d73bb88472ee2f9325e6ce4f634d7\",\"name\":\"Estate One\",\"image\":{\"@type\":\"ImageObject\",\"inLanguage\":\"es\",\"@id\":\"https:\/\/www.estateone.biz\/blog\/?lang=en\/#\/schema\/person\/image\/\",\"url\":\"https:\/\/secure.gravatar.com\/avatar\/b36ec0d2dc5448ccdc0852ddf52cf7a4?s=96&d=identicon&r=g\",\"contentUrl\":\"https:\/\/secure.gravatar.com\/avatar\/b36ec0d2dc5448ccdc0852ddf52cf7a4?s=96&d=identicon&r=g\",\"caption\":\"Estate One\"},\"description\":\"Estate One somos una compa\u00f1\u00eda con un amplio conocimiento del mercado inmobiliario en Espa\u00f1a y una s\u00f3lida experiencia en prestigiosas empresas del sector.\",\"sameAs\":[\"http:\/\/estateone.biz\/\"],\"url\":\"https:\/\/www.estateone.biz\/blog\/author\/wpluzti\/\"}]}<\/script>\n<!-- \/ Yoast SEO plugin. -->","yoast_head_json":{"title":"Calle Arenal: in black-and-white - Blog, dulce blog","description":"In Madrid, there are few streets that are brighter, livelier or more bustling than Calle Arenal.","robots":{"index":"index","follow":"follow","max-snippet":"max-snippet:-1","max-image-preview":"max-image-preview:large","max-video-preview":"max-video-preview:-1"},"canonical":"https:\/\/www.estateone.biz\/blog\/calle-arenal-in-black-and-white\/?lang=en","og_locale":"es_ES","og_type":"article","og_title":"Calle Arenal: in black-and-white - Blog, dulce blog","og_description":"In Madrid, there are few streets that are brighter, livelier or more bustling than Calle Arenal.","og_url":"https:\/\/www.estateone.biz\/blog\/calle-arenal-in-black-and-white\/?lang=en","og_site_name":"Blog, dulce blog","article_published_time":"2018-09-19T07:12:23+00:00","article_modified_time":"2018-09-26T08:58:19+00:00","og_image":[{"width":650,"height":365,"url":"https:\/\/www.estateone.biz\/blog\/wp-content\/uploads\/2018\/09\/00-arenal-1.jpg","type":"image\/jpeg"}],"author":"Estate One","twitter_card":"summary","twitter_misc":{"Escrito por":"Estate One","Tiempo de lectura":"4 minutos"},"schema":{"@context":"https:\/\/schema.org","@graph":[{"@type":"WebPage","@id":"https:\/\/www.estateone.biz\/blog\/calle-arenal-in-black-and-white\/?lang=en","url":"https:\/\/www.estateone.biz\/blog\/calle-arenal-in-black-and-white\/?lang=en","name":"Calle Arenal: in black-and-white - Blog, dulce blog","isPartOf":{"@id":"https:\/\/www.estateone.biz\/blog\/?lang=en\/#website"},"datePublished":"2018-09-19T07:12:23+00:00","dateModified":"2018-09-26T08:58:19+00:00","author":{"@id":"https:\/\/www.estateone.biz\/blog\/?lang=en\/#\/schema\/person\/5c4d73bb88472ee2f9325e6ce4f634d7"},"description":"In Madrid, there are few streets that are brighter, livelier or more bustling than Calle Arenal.","breadcrumb":{"@id":"https:\/\/www.estateone.biz\/blog\/calle-arenal-in-black-and-white\/?lang=en#breadcrumb"},"inLanguage":"es","potentialAction":[{"@type":"ReadAction","target":["https:\/\/www.estateone.biz\/blog\/calle-arenal-in-black-and-white\/?lang=en"]}]},{"@type":"BreadcrumbList","@id":"https:\/\/www.estateone.biz\/blog\/calle-arenal-in-black-and-white\/?lang=en#breadcrumb","itemListElement":[{"@type":"ListItem","position":1,"name":"Portada","item":"https:\/\/www.estateone.biz\/blog\/?lang=en\/"},{"@type":"ListItem","position":2,"name":"Calle Arenal: in black-and-white"}]},{"@type":"WebSite","@id":"https:\/\/www.estateone.biz\/blog\/?lang=en\/#website","url":"https:\/\/www.estateone.biz\/blog\/?lang=en\/","name":"Blog, dulce blog","description":"El blog inmobiliario de Estate One","potentialAction":[{"@type":"SearchAction","target":{"@type":"EntryPoint","urlTemplate":"https:\/\/www.estateone.biz\/blog\/?lang=en\/?s={search_term_string}"},"query-input":"required name=search_term_string"}],"inLanguage":"es"},{"@type":"Person","@id":"https:\/\/www.estateone.biz\/blog\/?lang=en\/#\/schema\/person\/5c4d73bb88472ee2f9325e6ce4f634d7","name":"Estate One","image":{"@type":"ImageObject","inLanguage":"es","@id":"https:\/\/www.estateone.biz\/blog\/?lang=en\/#\/schema\/person\/image\/","url":"https:\/\/secure.gravatar.com\/avatar\/b36ec0d2dc5448ccdc0852ddf52cf7a4?s=96&d=identicon&r=g","contentUrl":"https:\/\/secure.gravatar.com\/avatar\/b36ec0d2dc5448ccdc0852ddf52cf7a4?s=96&d=identicon&r=g","caption":"Estate One"},"description":"Estate One somos una compa\u00f1\u00eda con un amplio conocimiento del mercado inmobiliario en Espa\u00f1a y una s\u00f3lida experiencia en prestigiosas empresas del sector.","sameAs":["http:\/\/estateone.biz\/"],"url":"https:\/\/www.estateone.biz\/blog\/author\/wpluzti\/"}]}},"_links":{"self":[{"href":"https:\/\/www.estateone.biz\/blog\/wp-json\/wp\/v2\/posts\/29714"}],"collection":[{"href":"https:\/\/www.estateone.biz\/blog\/wp-json\/wp\/v2\/posts"}],"about":[{"href":"https:\/\/www.estateone.biz\/blog\/wp-json\/wp\/v2\/types\/post"}],"author":[{"embeddable":true,"href":"https:\/\/www.estateone.biz\/blog\/wp-json\/wp\/v2\/users\/1"}],"replies":[{"embeddable":true,"href":"https:\/\/www.estateone.biz\/blog\/wp-json\/wp\/v2\/comments?post=29714"}],"version-history":[{"count":5,"href":"https:\/\/www.estateone.biz\/blog\/wp-json\/wp\/v2\/posts\/29714\/revisions"}],"predecessor-version":[{"id":29761,"href":"https:\/\/www.estateone.biz\/blog\/wp-json\/wp\/v2\/posts\/29714\/revisions\/29761"}],"wp:featuredmedia":[{"embeddable":true,"href":"https:\/\/www.estateone.biz\/blog\/wp-json\/wp\/v2\/media\/29715"}],"wp:attachment":[{"href":"https:\/\/www.estateone.biz\/blog\/wp-json\/wp\/v2\/media?parent=29714"}],"wp:term":[{"taxonomy":"category","embeddable":true,"href":"https:\/\/www.estateone.biz\/blog\/wp-json\/wp\/v2\/categories?post=29714"},{"taxonomy":"post_tag","embeddable":true,"href":"https:\/\/www.estateone.biz\/blog\/wp-json\/wp\/v2\/tags?post=29714"}],"curies":[{"name":"wp","href":"https:\/\/api.w.org\/{rel}","templated":true}]}}