{"id":30029,"date":"2018-12-19T10:30:43","date_gmt":"2018-12-19T09:30:43","guid":{"rendered":"https:\/\/www.estateone.biz\/blog\/?p=30029"},"modified":"2019-06-17T10:45:47","modified_gmt":"2019-06-17T09:45:47","slug":"navidad-blanco-negro","status":"publish","type":"post","link":"https:\/\/www.estateone.biz\/blog\/navidad-blanco-negro\/","title":{"rendered":"Navidad en blanco y negro"},"content":{"rendered":"<p>Ya est\u00e1 muy cerca la <strong>Navidad<\/strong>, y hoy proponemos <strong>un viaje en el tiempo<\/strong> para recordar <strong>c\u00f3mo se viv\u00edan estas fechas en Madrid d\u00e9cadas atr\u00e1s<\/strong>. \u00bfCu\u00e1nto ha cambiado <strong>la forma de celebrar la Navidad en nuestra ciudad<\/strong> con el paso de los a\u00f1os?<\/p>\n<p><img loading=\"lazy\" class=\"alignnone size-full wp-image-30047\" src=\"https:\/\/www.estateone.biz\/blog\/wp-content\/uploads\/2018\/12\/01-navidad-1.jpg\" alt=\"Ya est\u00e1 muy cerca la Navidad, y hoy proponemos un viaje en el tiempo para recordar c\u00f3mo se viv\u00edan estas fechas en Madrid d\u00e9cadas atr\u00e1s.\" width=\"650\" height=\"431\" srcset=\"https:\/\/www.estateone.biz\/blog\/wp-content\/uploads\/2018\/12\/01-navidad-1.jpg 650w, https:\/\/www.estateone.biz\/blog\/wp-content\/uploads\/2018\/12\/01-navidad-1-300x199.jpg 300w\" sizes=\"(max-width: 650px) 100vw, 650px\" \/><\/p>\n<p>Una de las cosas m\u00e1gicas que nos permite la fotograf\u00eda es <strong>retroceder en el tiempo<\/strong>, y en esta era dominada por la tecnolog\u00eda y los tel\u00e9fonos m\u00f3viles, nos encanta comprobar que a pesar del paso de los a\u00f1os, <strong>se siguen conservando algunas tradiciones<\/strong>.<\/p>\n<p><img loading=\"lazy\" class=\"alignnone size-full wp-image-30040\" src=\"https:\/\/www.estateone.biz\/blog\/wp-content\/uploads\/2018\/12\/06-navidad.jpg\" alt=\"Navidad en blanco y negro\" width=\"650\" height=\"918\" srcset=\"https:\/\/www.estateone.biz\/blog\/wp-content\/uploads\/2018\/12\/06-navidad.jpg 650w, https:\/\/www.estateone.biz\/blog\/wp-content\/uploads\/2018\/12\/06-navidad-212x300.jpg 212w, https:\/\/www.estateone.biz\/blog\/wp-content\/uploads\/2018\/12\/06-navidad-354x500.jpg 354w\" sizes=\"(max-width: 650px) 100vw, 650px\" \/><\/p>\n<p>Porque una de las conclusiones que sacamos en Estate One despu\u00e9s de ver estas fotograf\u00edas que ahora compartimos es que, en esencia, <strong>la forma de celebrar la Navidad que tenemos los madrile\u00f1os no ha cambiado tanto<\/strong>.<\/p>\n<p><img loading=\"lazy\" class=\"alignnone size-full wp-image-30048\" src=\"https:\/\/www.estateone.biz\/blog\/wp-content\/uploads\/2018\/12\/04-navidad-1.jpg\" alt=\"Ya est\u00e1 muy cerca la Navidad, y hoy proponemos un viaje en el tiempo para recordar c\u00f3mo se viv\u00edan estas fechas en Madrid d\u00e9cadas atr\u00e1s.\" width=\"650\" height=\"494\" srcset=\"https:\/\/www.estateone.biz\/blog\/wp-content\/uploads\/2018\/12\/04-navidad-1.jpg 650w, https:\/\/www.estateone.biz\/blog\/wp-content\/uploads\/2018\/12\/04-navidad-1-300x228.jpg 300w\" sizes=\"(max-width: 650px) 100vw, 650px\" \/><\/p>\n<p>\u00bfHay alguna Navidad en la que no hayamos visto esas interminables colas para <strong>comprar un d\u00e9cimo en Do\u00f1a Manolita<\/strong>? \u00bfQu\u00e9 d\u00eda 22 de diciembre no hemos pasado la ma\u00f1ana cruzando los dedos para ver si tenemos suerte en el <strong>Sorteo de Navidad<\/strong>?<\/p>\n<p><img loading=\"lazy\" class=\"alignnone size-full wp-image-30036\" src=\"https:\/\/www.estateone.biz\/blog\/wp-content\/uploads\/2018\/12\/02-navidad.jpg\" alt=\"Navidad en blanco y negro\" width=\"650\" height=\"533\" srcset=\"https:\/\/www.estateone.biz\/blog\/wp-content\/uploads\/2018\/12\/02-navidad.jpg 650w, https:\/\/www.estateone.biz\/blog\/wp-content\/uploads\/2018\/12\/02-navidad-300x246.jpg 300w, https:\/\/www.estateone.biz\/blog\/wp-content\/uploads\/2018\/12\/02-navidad-610x500.jpg 610w\" sizes=\"(max-width: 650px) 100vw, 650px\" \/><\/p>\n<p>\u00bfQu\u00e9 Navidad no hemos elegido <strong>un \u00e1rbol para decorarlo<\/strong>? \u00bfQui\u00e9n no se ha acercado nunca a <strong>los puestos de alg\u00fan mercadillo navide\u00f1o?<\/strong>Todas estas estampas las encontramos en las fotograf\u00edas de hoy, que a buen seguro traer\u00e1n muchos recuerdos a los lectores m\u00e1s veteranos de nuestro blog.<\/p>\n<p><img loading=\"lazy\" class=\"alignnone size-full wp-image-30071\" src=\"https:\/\/www.estateone.biz\/blog\/wp-content\/uploads\/2018\/12\/03-navidad-2.jpg\" alt=\"Navidad en blanco y negro\" width=\"650\" height=\"517\" srcset=\"https:\/\/www.estateone.biz\/blog\/wp-content\/uploads\/2018\/12\/03-navidad-2.jpg 650w, https:\/\/www.estateone.biz\/blog\/wp-content\/uploads\/2018\/12\/03-navidad-2-300x239.jpg 300w, https:\/\/www.estateone.biz\/blog\/wp-content\/uploads\/2018\/12\/03-navidad-2-629x500.jpg 629w\" sizes=\"(max-width: 650px) 100vw, 650px\" \/><\/p>\n<h2><strong>LA ILUSI\u00d3N PERMANECE INTACTA<\/strong><\/h2>\n<p>La fotograf\u00eda que se sit\u00faa bajo estas l\u00edneas es, con toda probabilidad, la m\u00e1s antigua de todas las que compartimos hoy; se trata de una <strong>imagen del primer sorteo de loter\u00eda de Navidad celebrado en Espa\u00f1a, en el a\u00f1o 1812<\/strong>.<\/p>\n<p><img loading=\"lazy\" class=\"alignnone size-full wp-image-30041\" src=\"https:\/\/www.estateone.biz\/blog\/wp-content\/uploads\/2018\/12\/08-navidad.jpg\" alt=\"Navidad en blanco y negro\" width=\"650\" height=\"484\" srcset=\"https:\/\/www.estateone.biz\/blog\/wp-content\/uploads\/2018\/12\/08-navidad.jpg 650w, https:\/\/www.estateone.biz\/blog\/wp-content\/uploads\/2018\/12\/08-navidad-300x223.jpg 300w, https:\/\/www.estateone.biz\/blog\/wp-content\/uploads\/2018\/12\/08-navidad-175x131.jpg 175w\" sizes=\"(max-width: 650px) 100vw, 650px\" \/><\/p>\n<p>Entonces el sorteo todav\u00eda no se llamaba de Navidad, a pesar de que se celebr\u00f3 el d\u00eda 18 de diciembre. El nombre con el que se conoci\u00f3 entonces a este sorteo fue de <strong>Loter\u00eda Moderna<\/strong> (esto se hizo para diferenciarlo de la Loter\u00eda Primitiva, que exist\u00eda en Espa\u00f1a desde 1763, y de la Loter\u00eda Nacional). Habr\u00eda que esperar todav\u00eda 80 a\u00f1os para que el sorteo fuera conocido con el nombre de Sorteo de Navidad (esto ocurri\u00f3 en 1892). Este primer sorteo navide\u00f1o <strong>fue celebrado en C\u00e1diz<\/strong>; las Cortes pensaron en el sorteo como un buen m\u00e9todo para recaudar dinero sin tener que recurrir a los impuestos. Los ni\u00f1os que cantaron los n\u00fameros del sorteo fueron <strong>los ni\u00f1os del Colegio de San Ildefonso<\/strong> (la tradici\u00f3n de que estos ni\u00f1os canten los n\u00fameros de la loter\u00eda se remonta nada menos que al a\u00f1o 1771).<\/p>\n<p><img loading=\"lazy\" class=\"alignnone size-full wp-image-30043\" src=\"https:\/\/www.estateone.biz\/blog\/wp-content\/uploads\/2018\/12\/09-navidad.jpg\" alt=\"Navidad en blanco y negro\" width=\"650\" height=\"394\" srcset=\"https:\/\/www.estateone.biz\/blog\/wp-content\/uploads\/2018\/12\/09-navidad.jpg 650w, https:\/\/www.estateone.biz\/blog\/wp-content\/uploads\/2018\/12\/09-navidad-300x182.jpg 300w\" sizes=\"(max-width: 650px) 100vw, 650px\" \/><\/p>\n<p>La otra fotograf\u00eda que compartimos relacionada con la loter\u00eda es \u00e9sta de <strong>1906, con los ni\u00f1os de San Ildefonso engalanados para la ocasi\u00f3n<\/strong>. \u00bfCu\u00e1nto ha cambiado la ilusi\u00f3n de todos los espa\u00f1oles a lo largo de las d\u00e9cadas por que la suerte les sonr\u00eda y los ni\u00f1os canten su n\u00famero? Seguramente que muy poco.<\/p>\n<p><img loading=\"lazy\" class=\"alignnone size-full wp-image-30050\" src=\"https:\/\/www.estateone.biz\/blog\/wp-content\/uploads\/2018\/12\/07-navidad-1.jpg\" alt=\"Ya est\u00e1 muy cerca la Navidad, y hoy proponemos un viaje en el tiempo para recordar c\u00f3mo se viv\u00edan estas fechas en Madrid d\u00e9cadas atr\u00e1s.\" width=\"650\" height=\"980\" srcset=\"https:\/\/www.estateone.biz\/blog\/wp-content\/uploads\/2018\/12\/07-navidad-1.jpg 650w, https:\/\/www.estateone.biz\/blog\/wp-content\/uploads\/2018\/12\/07-navidad-1-199x300.jpg 199w, https:\/\/www.estateone.biz\/blog\/wp-content\/uploads\/2018\/12\/07-navidad-1-332x500.jpg 332w\" sizes=\"(max-width: 650px) 100vw, 650px\" \/><\/p>\n<h2><strong>DISTINTAS FORMAS, EL MISMO FONDO<\/strong><\/h2>\n<p>La <strong>Cabalgata de los Reyes Magos <\/strong>sigue siendo otra de las im\u00e1genes imprescindibles de Madrid en cualquier Navidad. <strong>El 5 de enero los m\u00e1s peque\u00f1os viven su noche m\u00e1s m\u00e1gica<\/strong> cuando ven a los Reyes Magos recorrer las calles de Madrid. Una de las ciudades espa\u00f1olas pioneras en hacer esta representaci\u00f3n fue <strong>Granada<\/strong>, pues ya en el S. XIX se escenificaba all\u00ed la llegada de los Reyes Magos. Pero fue <strong>en 1912<\/strong> cuando <strong>se organiz\u00f3 en Granada una verdadera cabalgata<\/strong> para recoger juguetes destinados a ni\u00f1os sin recursos. Tal fue el \u00e9xito de la iniciativa que, con el paso de los a\u00f1os, el resto de ciudades espa\u00f1olas decidieron organizar tambi\u00e9n sus propias cabalgatas de reyes. Hoy en d\u00eda ser\u00eda impensable una Navidad madrile\u00f1a sin cabalgata. La fotograf\u00eda que mostramos bajo estas l\u00edneas es de la <strong>cabalgata de Madrid, en 1959<\/strong>.<\/p>\n<p><img loading=\"lazy\" class=\"alignnone size-full wp-image-30045\" src=\"https:\/\/www.estateone.biz\/blog\/wp-content\/uploads\/2018\/12\/11-navidad.jpg\" alt=\"Navidad en blanco y negro\" width=\"650\" height=\"494\" srcset=\"https:\/\/www.estateone.biz\/blog\/wp-content\/uploads\/2018\/12\/11-navidad.jpg 650w, https:\/\/www.estateone.biz\/blog\/wp-content\/uploads\/2018\/12\/11-navidad-300x228.jpg 300w\" sizes=\"(max-width: 650px) 100vw, 650px\" \/><\/p>\n<p>\u00bfAlguien se imagina hoy a los Reyes Magos bajando en Vespa por la Gran V\u00eda? Una imagen muy actual en cualquier Navidad madrile\u00f1a son las colas para comprar un d\u00e9cimo en el <strong>establecimiento de Do\u00f1a Manolita<\/strong> (situado actualmente en la calle del Carmen). Manuela de Pablo (conocida siempre como Do\u00f1a Manolita) junto a sus tres hermanas origin\u00f3 el negocio en el <strong>a\u00f1o 1904<\/strong>, en la calle San Bernardo. En 1931 el establecimiento se traslad\u00f3 a la Puerta del Sol y a Gran V\u00eda, y en 2011 a su actual sede, en la calle del Carmen. La fotograf\u00eda que situamos bajo estas l\u00edneas es del establecimiento original de San Bernardo, en <strong>1929<\/strong>.<\/p>\n<p><img loading=\"lazy\" class=\"alignnone size-full wp-image-30051\" src=\"https:\/\/www.estateone.biz\/blog\/wp-content\/uploads\/2018\/12\/10-navidad-1.jpg\" alt=\"10-navidad\" width=\"650\" height=\"911\" srcset=\"https:\/\/www.estateone.biz\/blog\/wp-content\/uploads\/2018\/12\/10-navidad-1.jpg 650w, https:\/\/www.estateone.biz\/blog\/wp-content\/uploads\/2018\/12\/10-navidad-1-214x300.jpg 214w, https:\/\/www.estateone.biz\/blog\/wp-content\/uploads\/2018\/12\/10-navidad-1-357x500.jpg 357w\" sizes=\"(max-width: 650px) 100vw, 650px\" \/><\/p>\n","protected":false},"excerpt":{"rendered":"<p>Ya est\u00e1 muy cerca la Navidad, y hoy proponemos un viaje en el tiempo para recordar c\u00f3mo se viv\u00edan estas fechas en Madrid d\u00e9cadas atr\u00e1s. \u00bfCu\u00e1nto ha cambiado la forma de celebrar la Navidad en nuestra ciudad con el paso de los a\u00f1os? Una de las cosas m\u00e1gicas que nos permite la fotograf\u00eda es retroceder &hellip;<\/p>\n","protected":false},"author":1,"featured_media":30030,"comment_status":"open","ping_status":"open","sticky":false,"template":"","format":"standard","meta":[],"categories":[98],"tags":[26,100,142,161],"yoast_head":"<!-- This site is optimized with the Yoast SEO plugin v19.6.1 - https:\/\/yoast.com\/wordpress\/plugins\/seo\/ -->\n<title>Navidad en blanco y negro - Blog, dulce blog<\/title>\n<meta name=\"description\" content=\"Ya est\u00e1 muy cerca la Navidad, y hoy proponemos un viaje en el tiempo para recordar c\u00f3mo se viv\u00edan estas fechas en Madrid d\u00e9cadas atr\u00e1s.\" \/>\n<meta name=\"robots\" content=\"index, follow, max-snippet:-1, max-image-preview:large, max-video-preview:-1\" \/>\n<link rel=\"canonical\" href=\"https:\/\/www.estateone.biz\/blog\/navidad-blanco-negro\/\" \/>\n<meta property=\"og:locale\" content=\"es_ES\" \/>\n<meta property=\"og:type\" content=\"article\" \/>\n<meta property=\"og:title\" content=\"Navidad en blanco y negro - Blog, dulce blog\" \/>\n<meta property=\"og:description\" content=\"Ya est\u00e1 muy cerca la Navidad, y hoy proponemos un viaje en el tiempo para recordar c\u00f3mo se viv\u00edan estas fechas en Madrid d\u00e9cadas atr\u00e1s.\" \/>\n<meta property=\"og:url\" content=\"https:\/\/www.estateone.biz\/blog\/navidad-blanco-negro\/\" \/>\n<meta property=\"og:site_name\" content=\"Blog, dulce blog\" \/>\n<meta property=\"article:published_time\" content=\"2018-12-19T09:30:43+00:00\" \/>\n<meta property=\"article:modified_time\" content=\"2019-06-17T09:45:47+00:00\" \/>\n<meta property=\"og:image\" content=\"https:\/\/www.estateone.biz\/blog\/wp-content\/uploads\/2018\/12\/0-navidad.jpg\" \/>\n\t<meta property=\"og:image:width\" content=\"650\" \/>\n\t<meta property=\"og:image:height\" content=\"394\" \/>\n\t<meta property=\"og:image:type\" content=\"image\/jpeg\" \/>\n<meta name=\"author\" content=\"Estate One\" \/>\n<meta name=\"twitter:card\" content=\"summary\" \/>\n<meta name=\"twitter:label1\" content=\"Escrito por\" \/>\n\t<meta name=\"twitter:data1\" content=\"Estate One\" \/>\n\t<meta name=\"twitter:label2\" content=\"Tiempo de lectura\" \/>\n\t<meta name=\"twitter:data2\" content=\"4 minutos\" \/>\n<script type=\"application\/ld+json\" class=\"yoast-schema-graph\">{\"@context\":\"https:\/\/schema.org\",\"@graph\":[{\"@type\":\"WebPage\",\"@id\":\"https:\/\/www.estateone.biz\/blog\/navidad-blanco-negro\/\",\"url\":\"https:\/\/www.estateone.biz\/blog\/navidad-blanco-negro\/\",\"name\":\"Navidad en blanco y negro - Blog, dulce blog\",\"isPartOf\":{\"@id\":\"https:\/\/www.estateone.biz\/blog\/?lang=en\/#website\"},\"datePublished\":\"2018-12-19T09:30:43+00:00\",\"dateModified\":\"2019-06-17T09:45:47+00:00\",\"author\":{\"@id\":\"https:\/\/www.estateone.biz\/blog\/?lang=en\/#\/schema\/person\/5c4d73bb88472ee2f9325e6ce4f634d7\"},\"description\":\"Ya est\u00e1 muy cerca la Navidad, y hoy proponemos un viaje en el tiempo para recordar c\u00f3mo se viv\u00edan estas fechas en Madrid d\u00e9cadas atr\u00e1s.\",\"breadcrumb\":{\"@id\":\"https:\/\/www.estateone.biz\/blog\/navidad-blanco-negro\/#breadcrumb\"},\"inLanguage\":\"es\",\"potentialAction\":[{\"@type\":\"ReadAction\",\"target\":[\"https:\/\/www.estateone.biz\/blog\/navidad-blanco-negro\/\"]}]},{\"@type\":\"BreadcrumbList\",\"@id\":\"https:\/\/www.estateone.biz\/blog\/navidad-blanco-negro\/#breadcrumb\",\"itemListElement\":[{\"@type\":\"ListItem\",\"position\":1,\"name\":\"Portada\",\"item\":\"https:\/\/www.estateone.biz\/blog\/?lang=en\/\"},{\"@type\":\"ListItem\",\"position\":2,\"name\":\"Navidad en blanco y negro\"}]},{\"@type\":\"WebSite\",\"@id\":\"https:\/\/www.estateone.biz\/blog\/?lang=en\/#website\",\"url\":\"https:\/\/www.estateone.biz\/blog\/?lang=en\/\",\"name\":\"Blog, dulce blog\",\"description\":\"El blog inmobiliario de Estate One\",\"potentialAction\":[{\"@type\":\"SearchAction\",\"target\":{\"@type\":\"EntryPoint\",\"urlTemplate\":\"https:\/\/www.estateone.biz\/blog\/?lang=en\/?s={search_term_string}\"},\"query-input\":\"required name=search_term_string\"}],\"inLanguage\":\"es\"},{\"@type\":\"Person\",\"@id\":\"https:\/\/www.estateone.biz\/blog\/?lang=en\/#\/schema\/person\/5c4d73bb88472ee2f9325e6ce4f634d7\",\"name\":\"Estate One\",\"image\":{\"@type\":\"ImageObject\",\"inLanguage\":\"es\",\"@id\":\"https:\/\/www.estateone.biz\/blog\/?lang=en\/#\/schema\/person\/image\/\",\"url\":\"https:\/\/secure.gravatar.com\/avatar\/b36ec0d2dc5448ccdc0852ddf52cf7a4?s=96&d=identicon&r=g\",\"contentUrl\":\"https:\/\/secure.gravatar.com\/avatar\/b36ec0d2dc5448ccdc0852ddf52cf7a4?s=96&d=identicon&r=g\",\"caption\":\"Estate One\"},\"description\":\"Estate One somos una compa\u00f1\u00eda con un amplio conocimiento del mercado inmobiliario en Espa\u00f1a y una s\u00f3lida experiencia en prestigiosas empresas del sector.\",\"sameAs\":[\"http:\/\/estateone.biz\/\"],\"url\":\"https:\/\/www.estateone.biz\/blog\/author\/wpluzti\/\"}]}<\/script>\n<!-- \/ Yoast SEO plugin. -->","yoast_head_json":{"title":"Navidad en blanco y negro - Blog, dulce blog","description":"Ya est\u00e1 muy cerca la Navidad, y hoy proponemos un viaje en el tiempo para recordar c\u00f3mo se viv\u00edan estas fechas en Madrid d\u00e9cadas atr\u00e1s.","robots":{"index":"index","follow":"follow","max-snippet":"max-snippet:-1","max-image-preview":"max-image-preview:large","max-video-preview":"max-video-preview:-1"},"canonical":"https:\/\/www.estateone.biz\/blog\/navidad-blanco-negro\/","og_locale":"es_ES","og_type":"article","og_title":"Navidad en blanco y negro - Blog, dulce blog","og_description":"Ya est\u00e1 muy cerca la Navidad, y hoy proponemos un viaje en el tiempo para recordar c\u00f3mo se viv\u00edan estas fechas en Madrid d\u00e9cadas atr\u00e1s.","og_url":"https:\/\/www.estateone.biz\/blog\/navidad-blanco-negro\/","og_site_name":"Blog, dulce blog","article_published_time":"2018-12-19T09:30:43+00:00","article_modified_time":"2019-06-17T09:45:47+00:00","og_image":[{"width":650,"height":394,"url":"https:\/\/www.estateone.biz\/blog\/wp-content\/uploads\/2018\/12\/0-navidad.jpg","type":"image\/jpeg"}],"author":"Estate One","twitter_card":"summary","twitter_misc":{"Escrito por":"Estate One","Tiempo de lectura":"4 minutos"},"schema":{"@context":"https:\/\/schema.org","@graph":[{"@type":"WebPage","@id":"https:\/\/www.estateone.biz\/blog\/navidad-blanco-negro\/","url":"https:\/\/www.estateone.biz\/blog\/navidad-blanco-negro\/","name":"Navidad en blanco y negro - Blog, dulce blog","isPartOf":{"@id":"https:\/\/www.estateone.biz\/blog\/?lang=en\/#website"},"datePublished":"2018-12-19T09:30:43+00:00","dateModified":"2019-06-17T09:45:47+00:00","author":{"@id":"https:\/\/www.estateone.biz\/blog\/?lang=en\/#\/schema\/person\/5c4d73bb88472ee2f9325e6ce4f634d7"},"description":"Ya est\u00e1 muy cerca la Navidad, y hoy proponemos un viaje en el tiempo para recordar c\u00f3mo se viv\u00edan estas fechas en Madrid d\u00e9cadas atr\u00e1s.","breadcrumb":{"@id":"https:\/\/www.estateone.biz\/blog\/navidad-blanco-negro\/#breadcrumb"},"inLanguage":"es","potentialAction":[{"@type":"ReadAction","target":["https:\/\/www.estateone.biz\/blog\/navidad-blanco-negro\/"]}]},{"@type":"BreadcrumbList","@id":"https:\/\/www.estateone.biz\/blog\/navidad-blanco-negro\/#breadcrumb","itemListElement":[{"@type":"ListItem","position":1,"name":"Portada","item":"https:\/\/www.estateone.biz\/blog\/?lang=en\/"},{"@type":"ListItem","position":2,"name":"Navidad en blanco y negro"}]},{"@type":"WebSite","@id":"https:\/\/www.estateone.biz\/blog\/?lang=en\/#website","url":"https:\/\/www.estateone.biz\/blog\/?lang=en\/","name":"Blog, dulce blog","description":"El blog inmobiliario de Estate One","potentialAction":[{"@type":"SearchAction","target":{"@type":"EntryPoint","urlTemplate":"https:\/\/www.estateone.biz\/blog\/?lang=en\/?s={search_term_string}"},"query-input":"required name=search_term_string"}],"inLanguage":"es"},{"@type":"Person","@id":"https:\/\/www.estateone.biz\/blog\/?lang=en\/#\/schema\/person\/5c4d73bb88472ee2f9325e6ce4f634d7","name":"Estate One","image":{"@type":"ImageObject","inLanguage":"es","@id":"https:\/\/www.estateone.biz\/blog\/?lang=en\/#\/schema\/person\/image\/","url":"https:\/\/secure.gravatar.com\/avatar\/b36ec0d2dc5448ccdc0852ddf52cf7a4?s=96&d=identicon&r=g","contentUrl":"https:\/\/secure.gravatar.com\/avatar\/b36ec0d2dc5448ccdc0852ddf52cf7a4?s=96&d=identicon&r=g","caption":"Estate One"},"description":"Estate One somos una compa\u00f1\u00eda con un amplio conocimiento del mercado inmobiliario en Espa\u00f1a y una s\u00f3lida experiencia en prestigiosas empresas del sector.","sameAs":["http:\/\/estateone.biz\/"],"url":"https:\/\/www.estateone.biz\/blog\/author\/wpluzti\/"}]}},"_links":{"self":[{"href":"https:\/\/www.estateone.biz\/blog\/wp-json\/wp\/v2\/posts\/30029"}],"collection":[{"href":"https:\/\/www.estateone.biz\/blog\/wp-json\/wp\/v2\/posts"}],"about":[{"href":"https:\/\/www.estateone.biz\/blog\/wp-json\/wp\/v2\/types\/post"}],"author":[{"embeddable":true,"href":"https:\/\/www.estateone.biz\/blog\/wp-json\/wp\/v2\/users\/1"}],"replies":[{"embeddable":true,"href":"https:\/\/www.estateone.biz\/blog\/wp-json\/wp\/v2\/comments?post=30029"}],"version-history":[{"count":6,"href":"https:\/\/www.estateone.biz\/blog\/wp-json\/wp\/v2\/posts\/30029\/revisions"}],"predecessor-version":[{"id":31414,"href":"https:\/\/www.estateone.biz\/blog\/wp-json\/wp\/v2\/posts\/30029\/revisions\/31414"}],"wp:featuredmedia":[{"embeddable":true,"href":"https:\/\/www.estateone.biz\/blog\/wp-json\/wp\/v2\/media\/30030"}],"wp:attachment":[{"href":"https:\/\/www.estateone.biz\/blog\/wp-json\/wp\/v2\/media?parent=30029"}],"wp:term":[{"taxonomy":"category","embeddable":true,"href":"https:\/\/www.estateone.biz\/blog\/wp-json\/wp\/v2\/categories?post=30029"},{"taxonomy":"post_tag","embeddable":true,"href":"https:\/\/www.estateone.biz\/blog\/wp-json\/wp\/v2\/tags?post=30029"}],"curies":[{"name":"wp","href":"https:\/\/api.w.org\/{rel}","templated":true}]}}