{"id":30181,"date":"2019-02-06T09:30:59","date_gmt":"2019-02-06T08:30:59","guid":{"rendered":"https:\/\/www.estateone.biz\/blog\/?p=30181"},"modified":"2019-06-14T10:40:59","modified_gmt":"2019-06-14T09:40:59","slug":"el-precio-de-la-vivienda-en-2019","status":"publish","type":"post","link":"https:\/\/www.estateone.biz\/blog\/el-precio-de-la-vivienda-en-2019\/","title":{"rendered":"El precio de la vivienda en 2019"},"content":{"rendered":"<p>El <strong>precio de la vivienda en 2019<\/strong> seguir\u00e1 en la <strong>senda del crecimiento<\/strong>, aunque <strong>con bastante moderaci\u00f3n<\/strong> respecto a a\u00f1os precedentes. \u00c9sa es la conclusi\u00f3n que comparten la gran mayor\u00eda de <strong>expertos inmobiliarios.<\/strong> Si se cumplen sus pron\u00f3sticos, <strong>no deber\u00edamos esperar grandes subidas en los precios de los inmuebles para este 2019<\/strong>. A principios de a\u00f1o <a href=\"https:\/\/www.estateone.biz\/blog\/la-vivienda-2019\/\" target=\"_blank\" rel=\"noopener noreferrer\">publicamos en este blog un <strong>art\u00edculo sobre las previsiones para la vivienda en 2019<\/strong><\/a> en el que dec\u00edamos que <strong>la subida de precios generalizada que llevamos a\u00f1os viviendo estar\u00eda llegando a su fin<\/strong> en el centro de las principales ciudades espa\u00f1olas. Ya hablamos en su d\u00eda de <a href=\"https:\/\/www.estateone.biz\/blog\/el-contraste-de-la-vivienda-en-madrid\/\" target=\"_blank\" rel=\"noopener noreferrer\"><strong>los contrastes que existen en los precios de los inmuebles de Madrid<\/strong> dependiendo de la zona en la que nos encontremos<\/a>. Las zonas m\u00e1s demandadas por los compradores <strong>fueron aumentando sus precios paulatinamente despu\u00e9s del estallido de la burbuja inmobiliaria<\/strong>, pero parece que esta subida ya se est\u00e1 atenuando. Como dec\u00edamos antes, se est\u00e1 produciendo <strong>un enfriamiento con los precios de los inmuebles en el centro de las principales ciudades<\/strong> espa\u00f1olas. Este enfriamiento de precios es sintom\u00e1tico e <strong>invita a pensar en cierta moderaci\u00f3n<\/strong>, despu\u00e9s de unos a\u00f1os en los que los precios no han dejado de subir. \u00bfQu\u00e9 podemos esperar del <strong>precio de la vivienda para este 2019<\/strong>? Ve\u00e1moslo.<\/p>\n<h2><img loading=\"lazy\" class=\"alignnone size-full wp-image-30186\" src=\"https:\/\/www.estateone.biz\/blog\/wp-content\/uploads\/2019\/02\/01-precios.jpg\" alt=\"El precio de la vivienda en 2019\" width=\"650\" height=\"445\" srcset=\"https:\/\/www.estateone.biz\/blog\/wp-content\/uploads\/2019\/02\/01-precios.jpg 650w, https:\/\/www.estateone.biz\/blog\/wp-content\/uploads\/2019\/02\/01-precios-300x205.jpg 300w\" sizes=\"(max-width: 650px) 100vw, 650px\" \/><\/h2>\n<h2><strong>EN LA SENDA DE LA MODERACI\u00d3N<\/strong><\/h2>\n<p>Seg\u00fan <a href=\"http:\/\/www.urbandataanalytics.com\/\" target=\"_blank\" rel=\"noopener noreferrer\"><strong>Urban Data Analytics<\/strong><\/a>\u00a0el a\u00f1o pasado el precio de los inmuebles aument\u00f3 en Espa\u00f1a un 5,15%, y <strong>para este 2019 se espera que el precio de la vivienda aumente un 3,75%<\/strong>. Se trata de un <strong>descenso no muy acusado <\/strong>respecto a 2018, pero es significativo si tenemos en cuenta que en aquel a\u00f1o el precio ya hab\u00eda descendido respecto al a\u00f1o precedente. Parece claro que <strong>esa subida generalizada que hemos visto a\u00f1o tras a\u00f1o en el precio de la vivienda va tocando ya a su fin<\/strong>, y que <strong>el mercado inmobiliario espa\u00f1ol poco a poco quiere recuperar la senda de la moderaci\u00f3n<\/strong>. No obstante, tenemos que se\u00f1alar que ese 3,75% pronosticado para este 2019 se refiere a la media nacional, y que <strong>hay diferencias notables entre unas provincias y otras<\/strong>. En este sentido, <strong>Madrid, Barcelona y Baleares se diferencian considerablemente del resto,<\/strong> y existen unas previsiones bastante distintas para ellas. Llama la atenci\u00f3n el caso de las <strong>Islas Baleares<\/strong>, pues se trata de <strong>la provincia para la cual existe una previsi\u00f3n de mayor aumento de precio<\/strong> en toda Espa\u00f1a (<strong>superior a un 10%<\/strong>). Le seguir\u00eda <strong>Barcelona<\/strong> (con un <strong>8,58% de subida<\/strong>) y <strong>Madrid<\/strong> (con un <strong>8,35%<\/strong>). Por otro lado, <strong>se espera un descenso de precios para un total de 15 provincias<\/strong>; podemos afirmar, por lo tanto, que <strong>se espera una bajada generalizada en el precio de la vivienda para la mayor\u00eda de provincias espa\u00f1olas<\/strong>.<\/p>\n<p><img loading=\"lazy\" class=\"alignnone size-full wp-image-30188\" src=\"https:\/\/www.estateone.biz\/blog\/wp-content\/uploads\/2019\/02\/02-precios.jpg\" alt=\"El precio de la vivienda en 2019\" width=\"650\" height=\"451\" srcset=\"https:\/\/www.estateone.biz\/blog\/wp-content\/uploads\/2019\/02\/02-precios.jpg 650w, https:\/\/www.estateone.biz\/blog\/wp-content\/uploads\/2019\/02\/02-precios-300x208.jpg 300w\" sizes=\"(max-width: 650px) 100vw, 650px\" \/><\/p>\n<h2><strong>LOS ALQUILERES, EN SUBIDA<\/strong><\/h2>\n<p>Urban Data Analytics tambi\u00e9n ha hecho una previsi\u00f3n de cara al<strong> precio del alquiler <\/strong>en 2019: \u00e9ste <strong>subir\u00e1 por encima de un 10% <\/strong>(concretamente un 10,15% de media nacional). <a href=\"https:\/\/www.estateone.biz\/blog\/alquiler-vivienda-sigue-desatado\/\" target=\"_blank\" rel=\"noopener noreferrer\">El a\u00f1o pasado ya dijimos en este blog que <strong>el alquiler de la vivienda en Espa\u00f1a estaba desatado<\/strong><\/a>; no parece que el panorama vaya a variar mucho en este 2019, seg\u00fan las previsiones de Urban Data Analytics. La empresa va m\u00e1s all\u00e1 y establece una <strong>comparaci\u00f3n respecto a los a\u00f1os de la burbuja inmobiliaria<\/strong>; <strong>entonces el precio de compra se situaba muy por encima<\/strong> <strong>del actual <\/strong>(nada menos que<strong> un 40% m\u00e1s elevado del que se prev\u00e9 para 2019)<\/strong>, sin embargo <strong>el del alquiler estaba por debajo (un 0,59%)<\/strong>. Esto quiere decir que, a diferencia del precio de la compraventa, <strong>el alquiler no se ha atenuado respecto a aquellos a\u00f1os<\/strong>, lo cual puede resultar un tanto inquietante si pensamos en lo que supuso salir entonces de la burbuja. Habr\u00e1 que seguir pendientes de la evoluci\u00f3n del alquiler para los pr\u00f3ximos meses y ver si inicia el camino de la moderaci\u00f3n.<\/p>\n<p><strong>Fotograf\u00eda 01:<\/strong> <a href=\"https:\/\/www.flickr.com\/photos\/59937401@N07\/\" target=\"_blank\" rel=\"noopener noreferrer\">Images Money\u00a0<\/a><\/p>\n","protected":false},"excerpt":{"rendered":"<p>El precio de la vivienda en 2019 seguir\u00e1 en la senda del crecimiento, aunque con bastante moderaci\u00f3n respecto a a\u00f1os precedentes. \u00c9sa es la conclusi\u00f3n que comparten la gran mayor\u00eda de expertos inmobiliarios. Si se cumplen sus pron\u00f3sticos, no deber\u00edamos esperar grandes subidas en los precios de los inmuebles para este 2019. A principios de &hellip;<\/p>\n","protected":false},"author":1,"featured_media":30184,"comment_status":"open","ping_status":"open","sticky":false,"template":"","format":"standard","meta":[],"categories":[66],"tags":[21,74,86,95,427,796],"yoast_head":"<!-- This site is optimized with the Yoast SEO plugin v19.6.1 - https:\/\/yoast.com\/wordpress\/plugins\/seo\/ -->\n<title>El precio de la vivienda en 2019 - Blog, dulce blog<\/title>\n<meta name=\"description\" content=\"El precio de la vivienda en 2019 seguir\u00e1 en la senda del crecimiento, aunque con bastante moderaci\u00f3n respecto a a\u00f1os precedentes.\" \/>\n<meta name=\"robots\" content=\"index, follow, max-snippet:-1, max-image-preview:large, max-video-preview:-1\" \/>\n<link rel=\"canonical\" href=\"https:\/\/www.estateone.biz\/blog\/el-precio-de-la-vivienda-en-2019\/\" \/>\n<meta property=\"og:locale\" content=\"es_ES\" \/>\n<meta property=\"og:type\" content=\"article\" \/>\n<meta property=\"og:title\" content=\"El precio de la vivienda en 2019 - Blog, dulce blog\" \/>\n<meta property=\"og:description\" content=\"El precio de la vivienda en 2019 seguir\u00e1 en la senda del crecimiento, aunque con bastante moderaci\u00f3n respecto a a\u00f1os precedentes.\" \/>\n<meta property=\"og:url\" content=\"https:\/\/www.estateone.biz\/blog\/el-precio-de-la-vivienda-en-2019\/\" \/>\n<meta property=\"og:site_name\" content=\"Blog, dulce blog\" \/>\n<meta property=\"article:published_time\" content=\"2019-02-06T08:30:59+00:00\" \/>\n<meta property=\"article:modified_time\" content=\"2019-06-14T09:40:59+00:00\" \/>\n<meta property=\"og:image\" content=\"https:\/\/www.estateone.biz\/blog\/wp-content\/uploads\/2019\/02\/00-precios.jpg\" \/>\n\t<meta property=\"og:image:width\" content=\"650\" \/>\n\t<meta property=\"og:image:height\" content=\"427\" \/>\n\t<meta property=\"og:image:type\" content=\"image\/jpeg\" \/>\n<meta name=\"author\" content=\"Estate One\" \/>\n<meta name=\"twitter:card\" content=\"summary\" \/>\n<meta name=\"twitter:label1\" content=\"Escrito por\" \/>\n\t<meta name=\"twitter:data1\" content=\"Estate One\" \/>\n\t<meta name=\"twitter:label2\" content=\"Tiempo de lectura\" \/>\n\t<meta name=\"twitter:data2\" content=\"3 minutos\" \/>\n<script type=\"application\/ld+json\" class=\"yoast-schema-graph\">{\"@context\":\"https:\/\/schema.org\",\"@graph\":[{\"@type\":\"WebPage\",\"@id\":\"https:\/\/www.estateone.biz\/blog\/el-precio-de-la-vivienda-en-2019\/\",\"url\":\"https:\/\/www.estateone.biz\/blog\/el-precio-de-la-vivienda-en-2019\/\",\"name\":\"El precio de la vivienda en 2019 - Blog, dulce blog\",\"isPartOf\":{\"@id\":\"https:\/\/www.estateone.biz\/blog\/?lang=en\/#website\"},\"datePublished\":\"2019-02-06T08:30:59+00:00\",\"dateModified\":\"2019-06-14T09:40:59+00:00\",\"author\":{\"@id\":\"https:\/\/www.estateone.biz\/blog\/?lang=en\/#\/schema\/person\/5c4d73bb88472ee2f9325e6ce4f634d7\"},\"description\":\"El precio de la vivienda en 2019 seguir\u00e1 en la senda del crecimiento, aunque con bastante moderaci\u00f3n respecto a a\u00f1os precedentes.\",\"breadcrumb\":{\"@id\":\"https:\/\/www.estateone.biz\/blog\/el-precio-de-la-vivienda-en-2019\/#breadcrumb\"},\"inLanguage\":\"es\",\"potentialAction\":[{\"@type\":\"ReadAction\",\"target\":[\"https:\/\/www.estateone.biz\/blog\/el-precio-de-la-vivienda-en-2019\/\"]}]},{\"@type\":\"BreadcrumbList\",\"@id\":\"https:\/\/www.estateone.biz\/blog\/el-precio-de-la-vivienda-en-2019\/#breadcrumb\",\"itemListElement\":[{\"@type\":\"ListItem\",\"position\":1,\"name\":\"Portada\",\"item\":\"https:\/\/www.estateone.biz\/blog\/?lang=en\/\"},{\"@type\":\"ListItem\",\"position\":2,\"name\":\"El precio de la vivienda en 2019\"}]},{\"@type\":\"WebSite\",\"@id\":\"https:\/\/www.estateone.biz\/blog\/?lang=en\/#website\",\"url\":\"https:\/\/www.estateone.biz\/blog\/?lang=en\/\",\"name\":\"Blog, dulce blog\",\"description\":\"El blog inmobiliario de Estate One\",\"potentialAction\":[{\"@type\":\"SearchAction\",\"target\":{\"@type\":\"EntryPoint\",\"urlTemplate\":\"https:\/\/www.estateone.biz\/blog\/?lang=en\/?s={search_term_string}\"},\"query-input\":\"required name=search_term_string\"}],\"inLanguage\":\"es\"},{\"@type\":\"Person\",\"@id\":\"https:\/\/www.estateone.biz\/blog\/?lang=en\/#\/schema\/person\/5c4d73bb88472ee2f9325e6ce4f634d7\",\"name\":\"Estate One\",\"image\":{\"@type\":\"ImageObject\",\"inLanguage\":\"es\",\"@id\":\"https:\/\/www.estateone.biz\/blog\/?lang=en\/#\/schema\/person\/image\/\",\"url\":\"https:\/\/secure.gravatar.com\/avatar\/b36ec0d2dc5448ccdc0852ddf52cf7a4?s=96&d=identicon&r=g\",\"contentUrl\":\"https:\/\/secure.gravatar.com\/avatar\/b36ec0d2dc5448ccdc0852ddf52cf7a4?s=96&d=identicon&r=g\",\"caption\":\"Estate One\"},\"description\":\"Estate One somos una compa\u00f1\u00eda con un amplio conocimiento del mercado inmobiliario en Espa\u00f1a y una s\u00f3lida experiencia en prestigiosas empresas del sector.\",\"sameAs\":[\"http:\/\/estateone.biz\/\"],\"url\":\"https:\/\/www.estateone.biz\/blog\/author\/wpluzti\/\"}]}<\/script>\n<!-- \/ Yoast SEO plugin. -->","yoast_head_json":{"title":"El precio de la vivienda en 2019 - Blog, dulce blog","description":"El precio de la vivienda en 2019 seguir\u00e1 en la senda del crecimiento, aunque con bastante moderaci\u00f3n respecto a a\u00f1os precedentes.","robots":{"index":"index","follow":"follow","max-snippet":"max-snippet:-1","max-image-preview":"max-image-preview:large","max-video-preview":"max-video-preview:-1"},"canonical":"https:\/\/www.estateone.biz\/blog\/el-precio-de-la-vivienda-en-2019\/","og_locale":"es_ES","og_type":"article","og_title":"El precio de la vivienda en 2019 - Blog, dulce blog","og_description":"El precio de la vivienda en 2019 seguir\u00e1 en la senda del crecimiento, aunque con bastante moderaci\u00f3n respecto a a\u00f1os precedentes.","og_url":"https:\/\/www.estateone.biz\/blog\/el-precio-de-la-vivienda-en-2019\/","og_site_name":"Blog, dulce blog","article_published_time":"2019-02-06T08:30:59+00:00","article_modified_time":"2019-06-14T09:40:59+00:00","og_image":[{"width":650,"height":427,"url":"https:\/\/www.estateone.biz\/blog\/wp-content\/uploads\/2019\/02\/00-precios.jpg","type":"image\/jpeg"}],"author":"Estate One","twitter_card":"summary","twitter_misc":{"Escrito por":"Estate One","Tiempo de lectura":"3 minutos"},"schema":{"@context":"https:\/\/schema.org","@graph":[{"@type":"WebPage","@id":"https:\/\/www.estateone.biz\/blog\/el-precio-de-la-vivienda-en-2019\/","url":"https:\/\/www.estateone.biz\/blog\/el-precio-de-la-vivienda-en-2019\/","name":"El precio de la vivienda en 2019 - Blog, dulce blog","isPartOf":{"@id":"https:\/\/www.estateone.biz\/blog\/?lang=en\/#website"},"datePublished":"2019-02-06T08:30:59+00:00","dateModified":"2019-06-14T09:40:59+00:00","author":{"@id":"https:\/\/www.estateone.biz\/blog\/?lang=en\/#\/schema\/person\/5c4d73bb88472ee2f9325e6ce4f634d7"},"description":"El precio de la vivienda en 2019 seguir\u00e1 en la senda del crecimiento, aunque con bastante moderaci\u00f3n respecto a a\u00f1os precedentes.","breadcrumb":{"@id":"https:\/\/www.estateone.biz\/blog\/el-precio-de-la-vivienda-en-2019\/#breadcrumb"},"inLanguage":"es","potentialAction":[{"@type":"ReadAction","target":["https:\/\/www.estateone.biz\/blog\/el-precio-de-la-vivienda-en-2019\/"]}]},{"@type":"BreadcrumbList","@id":"https:\/\/www.estateone.biz\/blog\/el-precio-de-la-vivienda-en-2019\/#breadcrumb","itemListElement":[{"@type":"ListItem","position":1,"name":"Portada","item":"https:\/\/www.estateone.biz\/blog\/?lang=en\/"},{"@type":"ListItem","position":2,"name":"El precio de la vivienda en 2019"}]},{"@type":"WebSite","@id":"https:\/\/www.estateone.biz\/blog\/?lang=en\/#website","url":"https:\/\/www.estateone.biz\/blog\/?lang=en\/","name":"Blog, dulce blog","description":"El blog inmobiliario de Estate One","potentialAction":[{"@type":"SearchAction","target":{"@type":"EntryPoint","urlTemplate":"https:\/\/www.estateone.biz\/blog\/?lang=en\/?s={search_term_string}"},"query-input":"required name=search_term_string"}],"inLanguage":"es"},{"@type":"Person","@id":"https:\/\/www.estateone.biz\/blog\/?lang=en\/#\/schema\/person\/5c4d73bb88472ee2f9325e6ce4f634d7","name":"Estate One","image":{"@type":"ImageObject","inLanguage":"es","@id":"https:\/\/www.estateone.biz\/blog\/?lang=en\/#\/schema\/person\/image\/","url":"https:\/\/secure.gravatar.com\/avatar\/b36ec0d2dc5448ccdc0852ddf52cf7a4?s=96&d=identicon&r=g","contentUrl":"https:\/\/secure.gravatar.com\/avatar\/b36ec0d2dc5448ccdc0852ddf52cf7a4?s=96&d=identicon&r=g","caption":"Estate One"},"description":"Estate One somos una compa\u00f1\u00eda con un amplio conocimiento del mercado inmobiliario en Espa\u00f1a y una s\u00f3lida experiencia en prestigiosas empresas del sector.","sameAs":["http:\/\/estateone.biz\/"],"url":"https:\/\/www.estateone.biz\/blog\/author\/wpluzti\/"}]}},"_links":{"self":[{"href":"https:\/\/www.estateone.biz\/blog\/wp-json\/wp\/v2\/posts\/30181"}],"collection":[{"href":"https:\/\/www.estateone.biz\/blog\/wp-json\/wp\/v2\/posts"}],"about":[{"href":"https:\/\/www.estateone.biz\/blog\/wp-json\/wp\/v2\/types\/post"}],"author":[{"embeddable":true,"href":"https:\/\/www.estateone.biz\/blog\/wp-json\/wp\/v2\/users\/1"}],"replies":[{"embeddable":true,"href":"https:\/\/www.estateone.biz\/blog\/wp-json\/wp\/v2\/comments?post=30181"}],"version-history":[{"count":4,"href":"https:\/\/www.estateone.biz\/blog\/wp-json\/wp\/v2\/posts\/30181\/revisions"}],"predecessor-version":[{"id":31405,"href":"https:\/\/www.estateone.biz\/blog\/wp-json\/wp\/v2\/posts\/30181\/revisions\/31405"}],"wp:featuredmedia":[{"embeddable":true,"href":"https:\/\/www.estateone.biz\/blog\/wp-json\/wp\/v2\/media\/30184"}],"wp:attachment":[{"href":"https:\/\/www.estateone.biz\/blog\/wp-json\/wp\/v2\/media?parent=30181"}],"wp:term":[{"taxonomy":"category","embeddable":true,"href":"https:\/\/www.estateone.biz\/blog\/wp-json\/wp\/v2\/categories?post=30181"},{"taxonomy":"post_tag","embeddable":true,"href":"https:\/\/www.estateone.biz\/blog\/wp-json\/wp\/v2\/tags?post=30181"}],"curies":[{"name":"wp","href":"https:\/\/api.w.org\/{rel}","templated":true}]}}