{"id":31646,"date":"2019-10-16T08:43:55","date_gmt":"2019-10-16T07:43:55","guid":{"rendered":"https:\/\/www.estateone.biz\/blog\/?p=31646"},"modified":"2019-10-16T08:59:28","modified_gmt":"2019-10-16T07:59:28","slug":"la-plaza-de-chamberi","status":"publish","type":"post","link":"https:\/\/www.estateone.biz\/blog\/la-plaza-de-chamberi\/","title":{"rendered":"La Plaza de Chamber\u00ed"},"content":{"rendered":"\n<p>La <strong>Plaza de Chamber\u00ed<\/strong> tiene el encanto de las plazas m\u00e1s recogidas, y <strong>visitarla o frecuentar alguna de sus terrazas<\/strong> siempre resulta un formidable plan. Adem\u00e1s de ser un lugar grato y sugestivo que recomendamos visitar, para <strong>Estate One<\/strong> la <strong>Plaza de Chamber\u00ed<\/strong> es una plaza especial. Y es que esta plaza <strong>se ubica<\/strong> <strong>en el Barrio de Almagro<\/strong>, muy cerca de nuestro estudio (situado en la <strong>calle de Almagro, n\u00famero 30<\/strong>). La plaza tiene unas dimensiones m\u00e1s bien peque\u00f1as, est\u00e1 <strong>rodeada de \u00e1rboles<\/strong>, y se adorna con <strong>una fuente<\/strong> y un <strong>quiosco de m\u00fasica<\/strong>. Todo ello consigue que <strong>el ambiente del lugar sea muy agradable<\/strong> y resulte especial. Su enclave privilegiado, en pleno Distrito de Chamber\u00ed, muy cerca del distrito financiero de la ciudad, del Barrio de Salamanca o del Distrito de Justicia, hacen de esta zona un lugar muy deseado para vivir. La <strong>oferta cultural <\/strong>que hay en torno a ella casi puede decirse que es inmejorable, con los principales museos de la ciudad muy cercanos, as\u00ed como diferentes salas o teatros repartidos por el barrio. Pero si lo que se busca son <strong>buenas cervecer\u00edas<\/strong>, <strong>restaurantes de cach\u00e9<\/strong>, o <strong>establecimientos de moda exclusivos,<\/strong> la Plaza de Chamber\u00ed tambi\u00e9n es un lugar perfecto, ya que caminando desde all\u00ed se puede llegar a ellos en muy poco tiempo. <a href=\"https:\/\/www.estateone.biz\/blog\/la-plaza-santa-ana\/\" target=\"_blank\" rel=\"noreferrer noopener\" aria-label=\"La Plaza de Santa Ana fue nuestro anterior rinc\u00f3n de Madrid que elegimos para este blog (abre en una nueva pesta\u00f1a)\">La <\/a><strong><a href=\"https:\/\/www.estateone.biz\/blog\/la-plaza-santa-ana\/\" target=\"_blank\" rel=\"noreferrer noopener\" aria-label=\"La Plaza de Santa Ana fue nuestro anterior rinc\u00f3n de Madrid que elegimos para este blog (abre en una nueva pesta\u00f1a)\">Plaza de Santa Ana<\/a><\/strong><a href=\"https:\/\/www.estateone.biz\/blog\/la-plaza-santa-ana\/\" target=\"_blank\" rel=\"noreferrer noopener\" aria-label=\"La Plaza de Santa Ana fue nuestro anterior rinc\u00f3n de Madrid que elegimos para este blog (abre en una nueva pesta\u00f1a)\"> fue nuestro anterior rinc\u00f3n de Madrid que elegimos para este blog<\/a>; hoy visitamos la <strong>Plaza de Chamber\u00ed<\/strong> y te invitamos a que la visites con nosotros.<\/p>\n\n\n\n<figure class=\"wp-block-image\"><img loading=\"lazy\" width=\"650\" height=\"498\" src=\"https:\/\/www.estateone.biz\/blog\/wp-content\/uploads\/2019\/10\/01-chamberi.jpg\" alt=\"La Plaza de Chamber\u00ed\n\" class=\"wp-image-31648\" srcset=\"https:\/\/www.estateone.biz\/blog\/wp-content\/uploads\/2019\/10\/01-chamberi.jpg 650w, https:\/\/www.estateone.biz\/blog\/wp-content\/uploads\/2019\/10\/01-chamberi-300x230.jpg 300w\" sizes=\"(max-width: 650px) 100vw, 650px\" \/><\/figure>\n\n\n\n<h2><strong>UNA PLAZA FAMILIAR<\/strong><\/h2>\n\n\n\n<p>La <strong>Plaza de Chamber\u00ed<\/strong> se sit\u00faa justo <strong>donde coinciden la calle de Santa Engracia y el Paseo de Eduardo Dato<\/strong>. Se ajardin\u00f3 en 1877, y unos a\u00f1os despu\u00e9s, en 1883, se inaugur\u00f3 en ella el <strong>Convento de las Siervas de Mar\u00eda. <\/strong>Este convento ser\u00eda mencionado por <strong>Benito P\u00e9rez Gald\u00f3s<\/strong> en su cl\u00e1sica novela <em>Tristana<\/em>. <\/p>\n\n\n\n<figure class=\"wp-block-image\"><img loading=\"lazy\" width=\"650\" height=\"425\" src=\"https:\/\/www.estateone.biz\/blog\/wp-content\/uploads\/2019\/10\/03-chamberi-1.jpg\" alt=\"La Plaza de Chamber\u00ed \" class=\"wp-image-31650\" srcset=\"https:\/\/www.estateone.biz\/blog\/wp-content\/uploads\/2019\/10\/03-chamberi-1.jpg 650w, https:\/\/www.estateone.biz\/blog\/wp-content\/uploads\/2019\/10\/03-chamberi-1-300x196.jpg 300w\" sizes=\"(max-width: 650px) 100vw, 650px\" \/><\/figure>\n\n\n\n<p>En 1985 la plaza fue reformada por <strong>Arturo Ordozgoiti<\/strong>, y actualmente en ella se ubica la <strong>sede de la Junta Municipal del distrito de Chamber\u00ed<\/strong>. Tambi\u00e9n en la plaza se levanta la escultura de <strong>Loreto Prado<\/strong>, m\u00edtica actriz de teatro que form\u00f3 pareja con Perico Chicote durante m\u00e1s de 50 a\u00f1os. Dicha escultura fue el \u00faltimo trabajo del <strong>escultor Mariano Benlliure<\/strong>, si bien tuvo que se reemplazada por una copia en el a\u00f1o 1989 debido al gran deterioro que sufr\u00eda la piedra. Como hemos dicho, la plaza no es para nada monumental; al contrario, casi podr\u00eda decirse que se trata de <strong>una plaza familiar, donde todo queda a mano<\/strong>. \u00c9se es precisamente el encanto que tiene; <strong>tomar una tapa o una cerveza<\/strong> en alguna de las <strong>terrazas o tabernas de la plaza<\/strong>, es un plan maravilloso para una ma\u00f1ana soleada.<\/p>\n\n\n\n<figure class=\"wp-block-image\"><img loading=\"lazy\" width=\"650\" height=\"487\" src=\"https:\/\/www.estateone.biz\/blog\/wp-content\/uploads\/2019\/10\/04-chamberi.jpg\" alt=\"La Plaza de Chamber\u00ed \" class=\"wp-image-31651\" srcset=\"https:\/\/www.estateone.biz\/blog\/wp-content\/uploads\/2019\/10\/04-chamberi.jpg 650w, https:\/\/www.estateone.biz\/blog\/wp-content\/uploads\/2019\/10\/04-chamberi-300x225.jpg 300w\" sizes=\"(max-width: 650px) 100vw, 650px\" \/><\/figure>\n\n\n\n<h2><strong>CHAMBER\u00cd: UN DISTRITO \u00daNICO<\/strong><\/h2>\n\n\n\n<p>El <strong>Distrito de Chamber\u00ed<\/strong> es un lugar diferente. Adem\u00e1s de sus <strong>majestuosas casas y calles<\/strong>, cuando uno camina por la zona tiene la sensaci\u00f3n de encontrarse en <strong>un sitio \u00fanico<\/strong>; a veces algunos de sus rincones incluso tienen cierto misterio. \u00bfSer\u00e1 porque all\u00ed mismo se encuentra <a rel=\"noreferrer noopener\" aria-label=\"esa estaci\u00f3n de metro fantasma que estuvo medio escondida durante d\u00e9cadas (abre en una nueva pesta\u00f1a)\" href=\"https:\/\/www.estateone.biz\/blog\/el-tiempo-se-para-en-chamberi\/\" target=\"_blank\">esa <\/a><strong><a rel=\"noreferrer noopener\" aria-label=\"esa estaci\u00f3n de metro fantasma que estuvo medio escondida durante d\u00e9cadas (abre en una nueva pesta\u00f1a)\" href=\"https:\/\/www.estateone.biz\/blog\/el-tiempo-se-para-en-chamberi\/\" target=\"_blank\">estaci\u00f3n de metro fantasma<\/a><\/strong><a rel=\"noreferrer noopener\" aria-label=\"esa estaci\u00f3n de metro fantasma que estuvo medio escondida durante d\u00e9cadas (abre en una nueva pesta\u00f1a)\" href=\"https:\/\/www.estateone.biz\/blog\/el-tiempo-se-para-en-chamberi\/\" target=\"_blank\"> que estuvo medio escondida durante d\u00e9cadas<\/a>, hoy <strong>reconvertida un interesante museo<\/strong>? No sabemos decir por qu\u00e9, pero algo tiene este distrito que lo hace ser especial. Hoy resulta casi inimaginable pensar que <strong>esta zona fue marginal hace no tantos a\u00f1os<\/strong>, pero as\u00ed fue. Era conocida como <strong>Los Tejares<\/strong>, y no fue hasta bien entrado el S. XIX cuando el lugar empez\u00f3 a cambiar, <strong>impulsado por la llegada de numerosos arist\u00f3cratas<\/strong>. Ya en el S. XX la zona se convirti\u00f3 en <strong>una de las m\u00e1s castizas de la capital, as\u00ed como una de las m\u00e1s selectas<\/strong>.<\/p>\n\n\n\n<figure class=\"wp-block-image\"><img loading=\"lazy\" width=\"650\" height=\"439\" src=\"https:\/\/www.estateone.biz\/blog\/wp-content\/uploads\/2019\/10\/02-chamberi.jpg\" alt=\"La Plaza de Chamber\u00ed \" class=\"wp-image-31652\" srcset=\"https:\/\/www.estateone.biz\/blog\/wp-content\/uploads\/2019\/10\/02-chamberi.jpg 650w, https:\/\/www.estateone.biz\/blog\/wp-content\/uploads\/2019\/10\/02-chamberi-300x203.jpg 300w\" sizes=\"(max-width: 650px) 100vw, 650px\" \/><\/figure>\n\n\n\n<h2><strong>\u00bfSAB\u00cdAS QU\u00c9\u2026?<\/strong><\/h2>\n\n\n\n<p>La Plaza de Chamber\u00ed fue <strong>el lugar que Napole\u00f3n eligi\u00f3 para instalar\nsu cuartel militar<\/strong> durante la ocupaci\u00f3n francesa. El nombre con el que los\nfranceses se refer\u00edan a \u00e9l, <em>Chamb\u00e8ry<\/em>,\norigin\u00f3 el nombre de Chamber\u00ed que finalmente adoptar\u00eda la plaza.<\/p>\n\n\n\n<p><strong>Fotograf\u00eda 01:<\/strong> Foupic<\/p>\n\n\n\n<p><strong>Fotograf\u00eda 02:<\/strong> Luis Garc\u00eda<\/p>\n","protected":false},"excerpt":{"rendered":"<p>La Plaza de Chamber\u00ed tiene el encanto de las plazas m\u00e1s recogidas, y visitarla o frecuentar alguna de sus terrazas siempre resulta un formidable plan. Adem\u00e1s de ser un lugar grato y sugestivo que recomendamos visitar, para Estate One la Plaza de Chamber\u00ed es una plaza especial. Y es que esta plaza se ubica en &hellip;<\/p>\n","protected":false},"author":1,"featured_media":31647,"comment_status":"open","ping_status":"open","sticky":false,"template":"","format":"standard","meta":[],"categories":[23],"tags":[26,917,918],"yoast_head":"<!-- This site is optimized with the Yoast SEO plugin v19.6.1 - https:\/\/yoast.com\/wordpress\/plugins\/seo\/ -->\n<title>La Plaza de Chamber\u00ed - Blog, dulce blog<\/title>\n<meta name=\"description\" content=\"La Plaza de Chamber\u00ed tiene el encanto de las plazas m\u00e1s recogidas, y visitarla o frecuentar alguna de sus terrazas siempre resulta un formidable plan.\" \/>\n<meta name=\"robots\" content=\"index, follow, max-snippet:-1, max-image-preview:large, max-video-preview:-1\" \/>\n<link rel=\"canonical\" href=\"https:\/\/www.estateone.biz\/blog\/la-plaza-de-chamberi\/\" \/>\n<meta property=\"og:locale\" content=\"es_ES\" \/>\n<meta property=\"og:type\" content=\"article\" \/>\n<meta property=\"og:title\" content=\"La Plaza de Chamber\u00ed - Blog, dulce blog\" \/>\n<meta property=\"og:description\" content=\"La Plaza de Chamber\u00ed tiene el encanto de las plazas m\u00e1s recogidas, y visitarla o frecuentar alguna de sus terrazas siempre resulta un formidable plan.\" \/>\n<meta property=\"og:url\" content=\"https:\/\/www.estateone.biz\/blog\/la-plaza-de-chamberi\/\" \/>\n<meta property=\"og:site_name\" content=\"Blog, dulce blog\" \/>\n<meta property=\"article:published_time\" content=\"2019-10-16T07:43:55+00:00\" \/>\n<meta property=\"article:modified_time\" content=\"2019-10-16T07:59:28+00:00\" \/>\n<meta property=\"og:image\" content=\"https:\/\/www.estateone.biz\/blog\/wp-content\/uploads\/2019\/10\/00-chamberi.jpg\" \/>\n\t<meta property=\"og:image:width\" content=\"650\" \/>\n\t<meta property=\"og:image:height\" content=\"401\" \/>\n\t<meta property=\"og:image:type\" content=\"image\/jpeg\" \/>\n<meta name=\"author\" content=\"Estate One\" \/>\n<meta name=\"twitter:card\" content=\"summary\" \/>\n<meta name=\"twitter:label1\" content=\"Escrito por\" \/>\n\t<meta name=\"twitter:data1\" content=\"Estate One\" \/>\n\t<meta name=\"twitter:label2\" content=\"Tiempo de lectura\" \/>\n\t<meta name=\"twitter:data2\" content=\"3 minutos\" \/>\n<script type=\"application\/ld+json\" class=\"yoast-schema-graph\">{\"@context\":\"https:\/\/schema.org\",\"@graph\":[{\"@type\":\"WebPage\",\"@id\":\"https:\/\/www.estateone.biz\/blog\/la-plaza-de-chamberi\/\",\"url\":\"https:\/\/www.estateone.biz\/blog\/la-plaza-de-chamberi\/\",\"name\":\"La Plaza de Chamber\u00ed - Blog, dulce blog\",\"isPartOf\":{\"@id\":\"https:\/\/www.estateone.biz\/blog\/?lang=en\/#website\"},\"datePublished\":\"2019-10-16T07:43:55+00:00\",\"dateModified\":\"2019-10-16T07:59:28+00:00\",\"author\":{\"@id\":\"https:\/\/www.estateone.biz\/blog\/?lang=en\/#\/schema\/person\/5c4d73bb88472ee2f9325e6ce4f634d7\"},\"description\":\"La Plaza de Chamber\u00ed tiene el encanto de las plazas m\u00e1s recogidas, y visitarla o frecuentar alguna de sus terrazas siempre resulta un formidable plan.\",\"breadcrumb\":{\"@id\":\"https:\/\/www.estateone.biz\/blog\/la-plaza-de-chamberi\/#breadcrumb\"},\"inLanguage\":\"es\",\"potentialAction\":[{\"@type\":\"ReadAction\",\"target\":[\"https:\/\/www.estateone.biz\/blog\/la-plaza-de-chamberi\/\"]}]},{\"@type\":\"BreadcrumbList\",\"@id\":\"https:\/\/www.estateone.biz\/blog\/la-plaza-de-chamberi\/#breadcrumb\",\"itemListElement\":[{\"@type\":\"ListItem\",\"position\":1,\"name\":\"Portada\",\"item\":\"https:\/\/www.estateone.biz\/blog\/?lang=en\/\"},{\"@type\":\"ListItem\",\"position\":2,\"name\":\"La Plaza de Chamber\u00ed\"}]},{\"@type\":\"WebSite\",\"@id\":\"https:\/\/www.estateone.biz\/blog\/?lang=en\/#website\",\"url\":\"https:\/\/www.estateone.biz\/blog\/?lang=en\/\",\"name\":\"Blog, dulce blog\",\"description\":\"El blog inmobiliario de Estate One\",\"potentialAction\":[{\"@type\":\"SearchAction\",\"target\":{\"@type\":\"EntryPoint\",\"urlTemplate\":\"https:\/\/www.estateone.biz\/blog\/?lang=en\/?s={search_term_string}\"},\"query-input\":\"required name=search_term_string\"}],\"inLanguage\":\"es\"},{\"@type\":\"Person\",\"@id\":\"https:\/\/www.estateone.biz\/blog\/?lang=en\/#\/schema\/person\/5c4d73bb88472ee2f9325e6ce4f634d7\",\"name\":\"Estate One\",\"image\":{\"@type\":\"ImageObject\",\"inLanguage\":\"es\",\"@id\":\"https:\/\/www.estateone.biz\/blog\/?lang=en\/#\/schema\/person\/image\/\",\"url\":\"https:\/\/secure.gravatar.com\/avatar\/b36ec0d2dc5448ccdc0852ddf52cf7a4?s=96&d=identicon&r=g\",\"contentUrl\":\"https:\/\/secure.gravatar.com\/avatar\/b36ec0d2dc5448ccdc0852ddf52cf7a4?s=96&d=identicon&r=g\",\"caption\":\"Estate One\"},\"description\":\"Estate One somos una compa\u00f1\u00eda con un amplio conocimiento del mercado inmobiliario en Espa\u00f1a y una s\u00f3lida experiencia en prestigiosas empresas del sector.\",\"sameAs\":[\"http:\/\/estateone.biz\/\"],\"url\":\"https:\/\/www.estateone.biz\/blog\/author\/wpluzti\/\"}]}<\/script>\n<!-- \/ Yoast SEO plugin. -->","yoast_head_json":{"title":"La Plaza de Chamber\u00ed - Blog, dulce blog","description":"La Plaza de Chamber\u00ed tiene el encanto de las plazas m\u00e1s recogidas, y visitarla o frecuentar alguna de sus terrazas siempre resulta un formidable plan.","robots":{"index":"index","follow":"follow","max-snippet":"max-snippet:-1","max-image-preview":"max-image-preview:large","max-video-preview":"max-video-preview:-1"},"canonical":"https:\/\/www.estateone.biz\/blog\/la-plaza-de-chamberi\/","og_locale":"es_ES","og_type":"article","og_title":"La Plaza de Chamber\u00ed - Blog, dulce blog","og_description":"La Plaza de Chamber\u00ed tiene el encanto de las plazas m\u00e1s recogidas, y visitarla o frecuentar alguna de sus terrazas siempre resulta un formidable plan.","og_url":"https:\/\/www.estateone.biz\/blog\/la-plaza-de-chamberi\/","og_site_name":"Blog, dulce blog","article_published_time":"2019-10-16T07:43:55+00:00","article_modified_time":"2019-10-16T07:59:28+00:00","og_image":[{"width":650,"height":401,"url":"https:\/\/www.estateone.biz\/blog\/wp-content\/uploads\/2019\/10\/00-chamberi.jpg","type":"image\/jpeg"}],"author":"Estate One","twitter_card":"summary","twitter_misc":{"Escrito por":"Estate One","Tiempo de lectura":"3 minutos"},"schema":{"@context":"https:\/\/schema.org","@graph":[{"@type":"WebPage","@id":"https:\/\/www.estateone.biz\/blog\/la-plaza-de-chamberi\/","url":"https:\/\/www.estateone.biz\/blog\/la-plaza-de-chamberi\/","name":"La Plaza de Chamber\u00ed - Blog, dulce blog","isPartOf":{"@id":"https:\/\/www.estateone.biz\/blog\/?lang=en\/#website"},"datePublished":"2019-10-16T07:43:55+00:00","dateModified":"2019-10-16T07:59:28+00:00","author":{"@id":"https:\/\/www.estateone.biz\/blog\/?lang=en\/#\/schema\/person\/5c4d73bb88472ee2f9325e6ce4f634d7"},"description":"La Plaza de Chamber\u00ed tiene el encanto de las plazas m\u00e1s recogidas, y visitarla o frecuentar alguna de sus terrazas siempre resulta un formidable plan.","breadcrumb":{"@id":"https:\/\/www.estateone.biz\/blog\/la-plaza-de-chamberi\/#breadcrumb"},"inLanguage":"es","potentialAction":[{"@type":"ReadAction","target":["https:\/\/www.estateone.biz\/blog\/la-plaza-de-chamberi\/"]}]},{"@type":"BreadcrumbList","@id":"https:\/\/www.estateone.biz\/blog\/la-plaza-de-chamberi\/#breadcrumb","itemListElement":[{"@type":"ListItem","position":1,"name":"Portada","item":"https:\/\/www.estateone.biz\/blog\/?lang=en\/"},{"@type":"ListItem","position":2,"name":"La Plaza de Chamber\u00ed"}]},{"@type":"WebSite","@id":"https:\/\/www.estateone.biz\/blog\/?lang=en\/#website","url":"https:\/\/www.estateone.biz\/blog\/?lang=en\/","name":"Blog, dulce blog","description":"El blog inmobiliario de Estate One","potentialAction":[{"@type":"SearchAction","target":{"@type":"EntryPoint","urlTemplate":"https:\/\/www.estateone.biz\/blog\/?lang=en\/?s={search_term_string}"},"query-input":"required name=search_term_string"}],"inLanguage":"es"},{"@type":"Person","@id":"https:\/\/www.estateone.biz\/blog\/?lang=en\/#\/schema\/person\/5c4d73bb88472ee2f9325e6ce4f634d7","name":"Estate One","image":{"@type":"ImageObject","inLanguage":"es","@id":"https:\/\/www.estateone.biz\/blog\/?lang=en\/#\/schema\/person\/image\/","url":"https:\/\/secure.gravatar.com\/avatar\/b36ec0d2dc5448ccdc0852ddf52cf7a4?s=96&d=identicon&r=g","contentUrl":"https:\/\/secure.gravatar.com\/avatar\/b36ec0d2dc5448ccdc0852ddf52cf7a4?s=96&d=identicon&r=g","caption":"Estate One"},"description":"Estate One somos una compa\u00f1\u00eda con un amplio conocimiento del mercado inmobiliario en Espa\u00f1a y una s\u00f3lida experiencia en prestigiosas empresas del sector.","sameAs":["http:\/\/estateone.biz\/"],"url":"https:\/\/www.estateone.biz\/blog\/author\/wpluzti\/"}]}},"_links":{"self":[{"href":"https:\/\/www.estateone.biz\/blog\/wp-json\/wp\/v2\/posts\/31646"}],"collection":[{"href":"https:\/\/www.estateone.biz\/blog\/wp-json\/wp\/v2\/posts"}],"about":[{"href":"https:\/\/www.estateone.biz\/blog\/wp-json\/wp\/v2\/types\/post"}],"author":[{"embeddable":true,"href":"https:\/\/www.estateone.biz\/blog\/wp-json\/wp\/v2\/users\/1"}],"replies":[{"embeddable":true,"href":"https:\/\/www.estateone.biz\/blog\/wp-json\/wp\/v2\/comments?post=31646"}],"version-history":[{"count":2,"href":"https:\/\/www.estateone.biz\/blog\/wp-json\/wp\/v2\/posts\/31646\/revisions"}],"predecessor-version":[{"id":31661,"href":"https:\/\/www.estateone.biz\/blog\/wp-json\/wp\/v2\/posts\/31646\/revisions\/31661"}],"wp:featuredmedia":[{"embeddable":true,"href":"https:\/\/www.estateone.biz\/blog\/wp-json\/wp\/v2\/media\/31647"}],"wp:attachment":[{"href":"https:\/\/www.estateone.biz\/blog\/wp-json\/wp\/v2\/media?parent=31646"}],"wp:term":[{"taxonomy":"category","embeddable":true,"href":"https:\/\/www.estateone.biz\/blog\/wp-json\/wp\/v2\/categories?post=31646"},{"taxonomy":"post_tag","embeddable":true,"href":"https:\/\/www.estateone.biz\/blog\/wp-json\/wp\/v2\/tags?post=31646"}],"curies":[{"name":"wp","href":"https:\/\/api.w.org\/{rel}","templated":true}]}}