{"id":31987,"date":"2020-03-25T09:18:49","date_gmt":"2020-03-25T08:18:49","guid":{"rendered":"https:\/\/www.estateone.biz\/blog\/?p=31987"},"modified":"2020-03-25T09:40:11","modified_gmt":"2020-03-25T08:40:11","slug":"decorar-con-la-primavera","status":"publish","type":"post","link":"https:\/\/www.estateone.biz\/blog\/decorar-con-la-primavera\/","title":{"rendered":"Decorar con la primavera"},"content":{"rendered":"\n<p>Ya est\u00e1 aqu\u00ed la <strong>primavera<\/strong>, y es un gran momento para que <strong>nuestra casa respire ese colorido<\/strong> que trae consigo esta estaci\u00f3n del a\u00f1o. En primavera <strong>la naturaleza se renueva: las plantas florecen<\/strong> y el campo se llena de <strong>alegr\u00eda y color<\/strong>: \u00bfno te parece una gran idea que <strong>esa sensaci\u00f3n de vitalidad y optimismo se refleje en tu vivienda<\/strong>? En Estate One creemos en la actualizaci\u00f3n de los espacios: la vida es cambio, <strong>la vida es transformaci\u00f3n, y un hogar debe renovarse<\/strong>. \u00bfHay algo m\u00e1s triste que una casa que transmite la sensaci\u00f3n ser un lugar herm\u00e9tico, inalterable, donde todo permanece siempre igual? <strong>La primavera es el momento perfecto para darle un lavado de cara a nuestro hogar<\/strong> y hacerlo m\u00e1s vivo, m\u00e1s alegre; conseguir que ese <strong>vigor que transmite esta estaci\u00f3n del a\u00f1o se refleje tambi\u00e9n en nuestra vivienda<\/strong>. Es tiempo de abrir las ventanas de nuestra casa para que entre aire fresco y renueve las estancias, pero tambi\u00e9n es tiempo de <strong>darle una vuelta de tuerca a nuestra decoraci\u00f3n<\/strong>. \u00bfPor qu\u00e9 no <strong>transmitir ese entusiasmo al que invita la primavera con una decoraci\u00f3n que ayude a crear un mejor ambiente<\/strong>? En Estate One te damos algunas claves para ello. \u00a1Toma nota!<\/p>\n\n\n\n<figure class=\"wp-block-image\"><img loading=\"lazy\" width=\"650\" height=\"431\" src=\"https:\/\/www.estateone.biz\/blog\/wp-content\/uploads\/2020\/03\/01-prima.jpg\" alt=\"Decorar con la primavera\" class=\"wp-image-31989\" srcset=\"https:\/\/www.estateone.biz\/blog\/wp-content\/uploads\/2020\/03\/01-prima.jpg 650w, https:\/\/www.estateone.biz\/blog\/wp-content\/uploads\/2020\/03\/01-prima-300x199.jpg 300w\" sizes=\"(max-width: 650px) 100vw, 650px\" \/><\/figure>\n\n\n\n<p><strong>01. BUENAS VISTAS Y MUCHO VERDE. <\/strong><\/p>\n\n\n\n<p><strong>Unas buenas vistas alegran una casa<\/strong>, pero si adem\u00e1s de ser bonitas <strong>las vistas permiten ver un espacio verde<\/strong>, alegrar\u00e1n todav\u00eda m\u00e1s. Por eso es muy importante que luzcamos esos espacios haci\u00e9ndolos muy visibles; fuera cortinas, arriba persianas, <strong>dejemos que entre la luz y nuestra casa se llene de naturaleza<\/strong>. Ser\u00e1 el primer paso para conseguir que <strong>la primavera est\u00e9 presente en nuestra casa<\/strong>.<\/p>\n\n\n\n<figure class=\"wp-block-image\"><img loading=\"lazy\" width=\"650\" height=\"431\" src=\"https:\/\/www.estateone.biz\/blog\/wp-content\/uploads\/2020\/03\/02-prima.jpg\" alt=\"\" class=\"wp-image-31991\" srcset=\"https:\/\/www.estateone.biz\/blog\/wp-content\/uploads\/2020\/03\/02-prima.jpg 650w, https:\/\/www.estateone.biz\/blog\/wp-content\/uploads\/2020\/03\/02-prima-300x199.jpg 300w\" sizes=\"(max-width: 650px) 100vw, 650px\" \/><\/figure>\n\n\n\n<p><strong>02. ESTAMPADOS ALEGRES. <\/strong><\/p>\n\n\n\n<p>Una casa con <strong>estampados alegres y florales<\/strong> es una casa fresca y primaveral. \u00bfNo tienes la impresi\u00f3n de que el <strong>ambiente de una casa es m\u00e1s optimista<\/strong> cuando ves <strong>unos cojines con estampados vivos<\/strong>? \u00bfNo te parece que <strong>un papel de pared con motivos florales alegra una vivienda <\/strong>y nos acerca a la primavera? \u00a1Aprov\u00e9chalo y haz que tu casa respire ese ambiente primaveral y optimista que buscamos!<\/p>\n\n\n\n<figure class=\"wp-block-image\"><img loading=\"lazy\" width=\"650\" height=\"431\" src=\"https:\/\/www.estateone.biz\/blog\/wp-content\/uploads\/2020\/03\/03-prima.jpg\" alt=\"\" class=\"wp-image-31992\" srcset=\"https:\/\/www.estateone.biz\/blog\/wp-content\/uploads\/2020\/03\/03-prima.jpg 650w, https:\/\/www.estateone.biz\/blog\/wp-content\/uploads\/2020\/03\/03-prima-300x199.jpg 300w\" sizes=\"(max-width: 650px) 100vw, 650px\" \/><\/figure>\n\n\n\n<p><strong>03. PRESUME DE JARD\u00cdN.<\/strong> <\/p>\n\n\n\n<p>Si tienes <strong>un jard\u00edn<\/strong>, aprov\u00e9chalo: cu\u00eddalo con mimo y haz que se se vea de la mejor forma. <strong>La primavera es la mejor \u00e9poca para presumir de jard\u00edn<\/strong>; intenta que esa <strong>alegr\u00eda que transmite ver un jard\u00edn florecido quede reflejada en tu hogar<\/strong>. Por eso, <strong>muestra tu jard\u00edn<\/strong>, no lo escondas, y deja que tus visitas disfruten de ese espect\u00e1culo visual cuando est\u00e9n en tu casa.<\/p>\n\n\n\n<figure class=\"wp-block-image\"><img loading=\"lazy\" width=\"650\" height=\"487\" src=\"https:\/\/www.estateone.biz\/blog\/wp-content\/uploads\/2020\/03\/04-prima.jpg\" alt=\"\" class=\"wp-image-31993\" srcset=\"https:\/\/www.estateone.biz\/blog\/wp-content\/uploads\/2020\/03\/04-prima.jpg 650w, https:\/\/www.estateone.biz\/blog\/wp-content\/uploads\/2020\/03\/04-prima-300x225.jpg 300w\" sizes=\"(max-width: 650px) 100vw, 650px\" \/><\/figure>\n\n\n\n<p><strong>04. MUCHO MEJOR CON FLORES.<\/strong> <\/p>\n\n\n\n<p><strong>Las flores son el s\u00edmbolo de la primavera<\/strong> y adem\u00e1s, <strong>rejuvenecen los ambientes<\/strong>. Un ramo bonito en el sal\u00f3n, en la cocina o en el dormitorio ayudar\u00e1 a que <strong>el ambiente parezca m\u00e1s natural<\/strong> y pondr\u00e1 <strong>un toque de color<\/strong>. \u00bfNo tienes flores en casa? En Estate One te aconsejamos que busques una buena florister\u00eda y <strong>te hagas con un buen ramo para darle un toque m\u00e1s natural a esas estancias de tu vivienda que parecen algo mustias<\/strong>. Ver\u00e1s como el cambio merece la pena.<\/p>\n\n\n\n<figure class=\"wp-block-image\"><img loading=\"lazy\" width=\"650\" height=\"419\" src=\"https:\/\/www.estateone.biz\/blog\/wp-content\/uploads\/2020\/03\/05-prima.jpg\" alt=\"\" class=\"wp-image-31994\" srcset=\"https:\/\/www.estateone.biz\/blog\/wp-content\/uploads\/2020\/03\/05-prima.jpg 650w, https:\/\/www.estateone.biz\/blog\/wp-content\/uploads\/2020\/03\/05-prima-300x193.jpg 300w\" sizes=\"(max-width: 650px) 100vw, 650px\" \/><\/figure>\n","protected":false},"excerpt":{"rendered":"<p>Ya est\u00e1 aqu\u00ed la primavera, y es un gran momento para que nuestra casa respire ese colorido que trae consigo esta estaci\u00f3n del a\u00f1o. En primavera la naturaleza se renueva: las plantas florecen y el campo se llena de alegr\u00eda y color: \u00bfno te parece una gran idea que esa sensaci\u00f3n de vitalidad y optimismo &hellip;<\/p>\n","protected":false},"author":1,"featured_media":31988,"comment_status":"open","ping_status":"open","sticky":false,"template":"","format":"standard","meta":[],"categories":[116],"tags":[13,117,209,994],"yoast_head":"<!-- This site is optimized with the Yoast SEO plugin v19.6.1 - https:\/\/yoast.com\/wordpress\/plugins\/seo\/ -->\n<title>Decorar con la primavera - Blog, dulce blog<\/title>\n<meta name=\"description\" content=\"Ya est\u00e1 aqu\u00ed la primavera, y es un gran momento para que nuestra casa respire ese colorido que trae consigo esta estaci\u00f3n del a\u00f1o\" \/>\n<meta name=\"robots\" content=\"index, follow, max-snippet:-1, max-image-preview:large, max-video-preview:-1\" \/>\n<link rel=\"canonical\" href=\"https:\/\/www.estateone.biz\/blog\/decorar-con-la-primavera\/\" \/>\n<meta property=\"og:locale\" content=\"es_ES\" \/>\n<meta property=\"og:type\" content=\"article\" \/>\n<meta property=\"og:title\" content=\"Decorar con la primavera - Blog, dulce blog\" \/>\n<meta property=\"og:description\" content=\"Ya est\u00e1 aqu\u00ed la primavera, y es un gran momento para que nuestra casa respire ese colorido que trae consigo esta estaci\u00f3n del a\u00f1o\" \/>\n<meta property=\"og:url\" content=\"https:\/\/www.estateone.biz\/blog\/decorar-con-la-primavera\/\" \/>\n<meta property=\"og:site_name\" content=\"Blog, dulce blog\" \/>\n<meta property=\"article:published_time\" content=\"2020-03-25T08:18:49+00:00\" \/>\n<meta property=\"article:modified_time\" content=\"2020-03-25T08:40:11+00:00\" \/>\n<meta property=\"og:image\" content=\"https:\/\/www.estateone.biz\/blog\/wp-content\/uploads\/2020\/03\/00-prima.jpg\" \/>\n\t<meta property=\"og:image:width\" content=\"650\" \/>\n\t<meta property=\"og:image:height\" content=\"368\" \/>\n\t<meta property=\"og:image:type\" content=\"image\/jpeg\" \/>\n<meta name=\"author\" content=\"Estate One\" \/>\n<meta name=\"twitter:card\" content=\"summary\" \/>\n<meta name=\"twitter:label1\" content=\"Escrito por\" \/>\n\t<meta name=\"twitter:data1\" content=\"Estate One\" \/>\n\t<meta name=\"twitter:label2\" content=\"Tiempo de lectura\" \/>\n\t<meta name=\"twitter:data2\" content=\"3 minutos\" \/>\n<script type=\"application\/ld+json\" class=\"yoast-schema-graph\">{\"@context\":\"https:\/\/schema.org\",\"@graph\":[{\"@type\":\"WebPage\",\"@id\":\"https:\/\/www.estateone.biz\/blog\/decorar-con-la-primavera\/\",\"url\":\"https:\/\/www.estateone.biz\/blog\/decorar-con-la-primavera\/\",\"name\":\"Decorar con la primavera - Blog, dulce blog\",\"isPartOf\":{\"@id\":\"https:\/\/www.estateone.biz\/blog\/?lang=en\/#website\"},\"datePublished\":\"2020-03-25T08:18:49+00:00\",\"dateModified\":\"2020-03-25T08:40:11+00:00\",\"author\":{\"@id\":\"https:\/\/www.estateone.biz\/blog\/?lang=en\/#\/schema\/person\/5c4d73bb88472ee2f9325e6ce4f634d7\"},\"description\":\"Ya est\u00e1 aqu\u00ed la primavera, y es un gran momento para que nuestra casa respire ese colorido que trae consigo esta estaci\u00f3n del a\u00f1o\",\"breadcrumb\":{\"@id\":\"https:\/\/www.estateone.biz\/blog\/decorar-con-la-primavera\/#breadcrumb\"},\"inLanguage\":\"es\",\"potentialAction\":[{\"@type\":\"ReadAction\",\"target\":[\"https:\/\/www.estateone.biz\/blog\/decorar-con-la-primavera\/\"]}]},{\"@type\":\"BreadcrumbList\",\"@id\":\"https:\/\/www.estateone.biz\/blog\/decorar-con-la-primavera\/#breadcrumb\",\"itemListElement\":[{\"@type\":\"ListItem\",\"position\":1,\"name\":\"Portada\",\"item\":\"https:\/\/www.estateone.biz\/blog\/?lang=en\/\"},{\"@type\":\"ListItem\",\"position\":2,\"name\":\"Decorar con la primavera\"}]},{\"@type\":\"WebSite\",\"@id\":\"https:\/\/www.estateone.biz\/blog\/?lang=en\/#website\",\"url\":\"https:\/\/www.estateone.biz\/blog\/?lang=en\/\",\"name\":\"Blog, dulce blog\",\"description\":\"El blog inmobiliario de Estate One\",\"potentialAction\":[{\"@type\":\"SearchAction\",\"target\":{\"@type\":\"EntryPoint\",\"urlTemplate\":\"https:\/\/www.estateone.biz\/blog\/?lang=en\/?s={search_term_string}\"},\"query-input\":\"required name=search_term_string\"}],\"inLanguage\":\"es\"},{\"@type\":\"Person\",\"@id\":\"https:\/\/www.estateone.biz\/blog\/?lang=en\/#\/schema\/person\/5c4d73bb88472ee2f9325e6ce4f634d7\",\"name\":\"Estate One\",\"image\":{\"@type\":\"ImageObject\",\"inLanguage\":\"es\",\"@id\":\"https:\/\/www.estateone.biz\/blog\/?lang=en\/#\/schema\/person\/image\/\",\"url\":\"https:\/\/secure.gravatar.com\/avatar\/b36ec0d2dc5448ccdc0852ddf52cf7a4?s=96&d=identicon&r=g\",\"contentUrl\":\"https:\/\/secure.gravatar.com\/avatar\/b36ec0d2dc5448ccdc0852ddf52cf7a4?s=96&d=identicon&r=g\",\"caption\":\"Estate One\"},\"description\":\"Estate One somos una compa\u00f1\u00eda con un amplio conocimiento del mercado inmobiliario en Espa\u00f1a y una s\u00f3lida experiencia en prestigiosas empresas del sector.\",\"sameAs\":[\"http:\/\/estateone.biz\/\"],\"url\":\"https:\/\/www.estateone.biz\/blog\/author\/wpluzti\/\"}]}<\/script>\n<!-- \/ Yoast SEO plugin. -->","yoast_head_json":{"title":"Decorar con la primavera - Blog, dulce blog","description":"Ya est\u00e1 aqu\u00ed la primavera, y es un gran momento para que nuestra casa respire ese colorido que trae consigo esta estaci\u00f3n del a\u00f1o","robots":{"index":"index","follow":"follow","max-snippet":"max-snippet:-1","max-image-preview":"max-image-preview:large","max-video-preview":"max-video-preview:-1"},"canonical":"https:\/\/www.estateone.biz\/blog\/decorar-con-la-primavera\/","og_locale":"es_ES","og_type":"article","og_title":"Decorar con la primavera - Blog, dulce blog","og_description":"Ya est\u00e1 aqu\u00ed la primavera, y es un gran momento para que nuestra casa respire ese colorido que trae consigo esta estaci\u00f3n del a\u00f1o","og_url":"https:\/\/www.estateone.biz\/blog\/decorar-con-la-primavera\/","og_site_name":"Blog, dulce blog","article_published_time":"2020-03-25T08:18:49+00:00","article_modified_time":"2020-03-25T08:40:11+00:00","og_image":[{"width":650,"height":368,"url":"https:\/\/www.estateone.biz\/blog\/wp-content\/uploads\/2020\/03\/00-prima.jpg","type":"image\/jpeg"}],"author":"Estate One","twitter_card":"summary","twitter_misc":{"Escrito por":"Estate One","Tiempo de lectura":"3 minutos"},"schema":{"@context":"https:\/\/schema.org","@graph":[{"@type":"WebPage","@id":"https:\/\/www.estateone.biz\/blog\/decorar-con-la-primavera\/","url":"https:\/\/www.estateone.biz\/blog\/decorar-con-la-primavera\/","name":"Decorar con la primavera - Blog, dulce blog","isPartOf":{"@id":"https:\/\/www.estateone.biz\/blog\/?lang=en\/#website"},"datePublished":"2020-03-25T08:18:49+00:00","dateModified":"2020-03-25T08:40:11+00:00","author":{"@id":"https:\/\/www.estateone.biz\/blog\/?lang=en\/#\/schema\/person\/5c4d73bb88472ee2f9325e6ce4f634d7"},"description":"Ya est\u00e1 aqu\u00ed la primavera, y es un gran momento para que nuestra casa respire ese colorido que trae consigo esta estaci\u00f3n del a\u00f1o","breadcrumb":{"@id":"https:\/\/www.estateone.biz\/blog\/decorar-con-la-primavera\/#breadcrumb"},"inLanguage":"es","potentialAction":[{"@type":"ReadAction","target":["https:\/\/www.estateone.biz\/blog\/decorar-con-la-primavera\/"]}]},{"@type":"BreadcrumbList","@id":"https:\/\/www.estateone.biz\/blog\/decorar-con-la-primavera\/#breadcrumb","itemListElement":[{"@type":"ListItem","position":1,"name":"Portada","item":"https:\/\/www.estateone.biz\/blog\/?lang=en\/"},{"@type":"ListItem","position":2,"name":"Decorar con la primavera"}]},{"@type":"WebSite","@id":"https:\/\/www.estateone.biz\/blog\/?lang=en\/#website","url":"https:\/\/www.estateone.biz\/blog\/?lang=en\/","name":"Blog, dulce blog","description":"El blog inmobiliario de Estate One","potentialAction":[{"@type":"SearchAction","target":{"@type":"EntryPoint","urlTemplate":"https:\/\/www.estateone.biz\/blog\/?lang=en\/?s={search_term_string}"},"query-input":"required name=search_term_string"}],"inLanguage":"es"},{"@type":"Person","@id":"https:\/\/www.estateone.biz\/blog\/?lang=en\/#\/schema\/person\/5c4d73bb88472ee2f9325e6ce4f634d7","name":"Estate One","image":{"@type":"ImageObject","inLanguage":"es","@id":"https:\/\/www.estateone.biz\/blog\/?lang=en\/#\/schema\/person\/image\/","url":"https:\/\/secure.gravatar.com\/avatar\/b36ec0d2dc5448ccdc0852ddf52cf7a4?s=96&d=identicon&r=g","contentUrl":"https:\/\/secure.gravatar.com\/avatar\/b36ec0d2dc5448ccdc0852ddf52cf7a4?s=96&d=identicon&r=g","caption":"Estate One"},"description":"Estate One somos una compa\u00f1\u00eda con un amplio conocimiento del mercado inmobiliario en Espa\u00f1a y una s\u00f3lida experiencia en prestigiosas empresas del sector.","sameAs":["http:\/\/estateone.biz\/"],"url":"https:\/\/www.estateone.biz\/blog\/author\/wpluzti\/"}]}},"_links":{"self":[{"href":"https:\/\/www.estateone.biz\/blog\/wp-json\/wp\/v2\/posts\/31987"}],"collection":[{"href":"https:\/\/www.estateone.biz\/blog\/wp-json\/wp\/v2\/posts"}],"about":[{"href":"https:\/\/www.estateone.biz\/blog\/wp-json\/wp\/v2\/types\/post"}],"author":[{"embeddable":true,"href":"https:\/\/www.estateone.biz\/blog\/wp-json\/wp\/v2\/users\/1"}],"replies":[{"embeddable":true,"href":"https:\/\/www.estateone.biz\/blog\/wp-json\/wp\/v2\/comments?post=31987"}],"version-history":[{"count":2,"href":"https:\/\/www.estateone.biz\/blog\/wp-json\/wp\/v2\/posts\/31987\/revisions"}],"predecessor-version":[{"id":32005,"href":"https:\/\/www.estateone.biz\/blog\/wp-json\/wp\/v2\/posts\/31987\/revisions\/32005"}],"wp:featuredmedia":[{"embeddable":true,"href":"https:\/\/www.estateone.biz\/blog\/wp-json\/wp\/v2\/media\/31988"}],"wp:attachment":[{"href":"https:\/\/www.estateone.biz\/blog\/wp-json\/wp\/v2\/media?parent=31987"}],"wp:term":[{"taxonomy":"category","embeddable":true,"href":"https:\/\/www.estateone.biz\/blog\/wp-json\/wp\/v2\/categories?post=31987"},{"taxonomy":"post_tag","embeddable":true,"href":"https:\/\/www.estateone.biz\/blog\/wp-json\/wp\/v2\/tags?post=31987"}],"curies":[{"name":"wp","href":"https:\/\/api.w.org\/{rel}","templated":true}]}}