{"id":32202,"date":"2020-07-09T08:52:23","date_gmt":"2020-07-09T07:52:23","guid":{"rendered":"https:\/\/www.estateone.biz\/blog\/?p=32202"},"modified":"2024-11-28T07:10:50","modified_gmt":"2024-11-28T06:10:50","slug":"calle-de-carretas-corazon-de-madrid","status":"publish","type":"post","link":"https:\/\/www.estateone.biz\/blog\/calle-de-carretas-corazon-de-madrid\/","title":{"rendered":"Calle de Carretas, coraz\u00f3n de Madrid"},"content":{"rendered":"\n<p>La <strong>calle de Carretas<\/strong> es una de las <strong>m\u00e1s emblem\u00e1ticas y con m\u00e1s solera<\/strong> del centro de Madrid. Transitada por todos <strong>los viandantes que van o vuelven de la Puerta del Sol<\/strong>, esta peque\u00f1a calle que siempre suele estar llena de gente es <strong>uno de esos lugares sin los cuales el centro de la ciudad no ser\u00eda lo mismo<\/strong>. Y es que, ciertamente, es dif\u00edcil imaginarse un paseo por el casco viejo de Madrid para ver tiendas, tomar un helado, comer un trozo de pizza o simplemente dejarse llevar y disfrutar del bullicio y la alegr\u00eda de la ciudad sin pasar por la <strong>calle de Carretas<\/strong>. <\/p>\n\n\n\n<figure class=\"wp-block-image\"><img loading=\"lazy\" width=\"650\" height=\"444\" src=\"https:\/\/www.estateone.biz\/blog\/wp-content\/uploads\/2020\/07\/01-carretas.jpg\" alt=\"Calle de Carretas, coraz\u00f3n de Madrid\n\" class=\"wp-image-32204\" srcset=\"https:\/\/www.estateone.biz\/blog\/wp-content\/uploads\/2020\/07\/01-carretas.jpg 650w, https:\/\/www.estateone.biz\/blog\/wp-content\/uploads\/2020\/07\/01-carretas-300x205.jpg 300w\" sizes=\"(max-width: 650px) 100vw, 650px\" \/><\/figure>\n\n\n\n<p>Porque esta m\u00edtica calle que <strong>une la Puerta del Sol y la Plaza de Jacinto Benavente<\/strong> es una de las m\u00e1s agitadas del centro de Madrid, y <strong>pasear por ella para<\/strong> <strong>disfrutar de su ambiente<\/strong> es una de esas cosas obligatorias que cualquier visitante de Madrid debe hacer s\u00ed o s\u00ed. Hoy en d\u00eda la <strong>calle de Carretas<\/strong> ha cambiado much\u00edsimo respecto a lo que fue a\u00f1os atr\u00e1s, especialmente desde <strong>2018, a\u00f1o en que fue peatonalizada. <\/strong>En nuestra opini\u00f3n, peatonalizarla result\u00f3 un gran acierto, ya que <strong>se consigui\u00f3 que la calle sea hoy mucho m\u00e1s habitable y alegre<\/strong>. Pero, \u00bfc\u00f3mo era la <strong>calle de Carretas hace d\u00e9cadas<\/strong>? \u00bfCu\u00e1l es su origen? \u00bfQu\u00e9 secretos esconde esta callecita del centro de Madrid? Hoy lo descubrimos en el blog de Estate One dentro de nuestra secci\u00f3n <strong>Un Paseo por el Pasado<\/strong> <a aria-label=\"despu\u00e9s de que visit\u00e1ramos el Madrid del siglo XIX (abre en una nueva pesta\u00f1a)\" href=\"https:\/\/www.estateone.biz\/blog\/madrid-en-el-siglo-xix\/\" target=\"_blank\" rel=\"noreferrer noopener\">despu\u00e9s de que visit\u00e1ramos <\/a><strong><a aria-label=\"despu\u00e9s de que visit\u00e1ramos el Madrid del siglo XIX (abre en una nueva pesta\u00f1a)\" href=\"https:\/\/www.estateone.biz\/blog\/madrid-en-el-siglo-xix\/\" target=\"_blank\" rel=\"noreferrer noopener\">el Madrid del siglo XIX<\/a><\/strong>. \u00a1Acomp\u00e1\u00f1anos!<\/p>\n\n\n\n<figure class=\"wp-block-image\"><img loading=\"lazy\" width=\"650\" height=\"443\" src=\"https:\/\/www.estateone.biz\/blog\/wp-content\/uploads\/2020\/07\/02-carretas-1.jpg\" alt=\"Calle de Carretas, coraz\u00f3n de Madrid\n\" class=\"wp-image-32206\" srcset=\"https:\/\/www.estateone.biz\/blog\/wp-content\/uploads\/2020\/07\/02-carretas-1.jpg 650w, https:\/\/www.estateone.biz\/blog\/wp-content\/uploads\/2020\/07\/02-carretas-1-300x204.jpg 300w\" sizes=\"(max-width: 650px) 100vw, 650px\" \/><\/figure>\n\n\n\n<h2><strong>UN CAF\u00c9 PARA EL RECUERDO<\/strong><\/h2>\n\n\n\n<p>Para rastrear los or\u00edgenes de la <strong>calle de Carretas<\/strong> hay que retroceder en el tiempo hasta el <strong>a\u00f1o 1520<\/strong>, momento en que <strong>arranc\u00f3 el movimiento comunero en Madrid<\/strong>. Entonces los comuneros se defend\u00edan de las <strong>tropas de Carlos I<\/strong> y decidieron construir un castillo con una atalaya en la Puerta del Sol, por dif\u00edcil que resulte de creer hoy en d\u00eda. En aquellos tiempos las tropas comuneras <strong>usaron las carretas que conduc\u00edan hasta las localidades aleda\u00f1as a Madrid a modo de barricadas<\/strong> para frenar a las tropas del emperador imperialista. Lo curioso es que <strong>en las carretas se hacinaban enfermos del Hospital San Ricardo<\/strong> (muy cercano a la calle) para contagiar a las tropas imperiales. Tanto llam\u00f3 la atenci\u00f3n este hecho a todos los madrile\u00f1os que la calle fue bautizada con el nombre de Carretas. <\/p>\n\n\n\n<figure class=\"wp-block-image\"><img loading=\"lazy\" width=\"650\" height=\"903\" src=\"https:\/\/www.estateone.biz\/blog\/wp-content\/uploads\/2020\/07\/04-carretas-1.jpg\" alt=\"Calle de Carretas, coraz\u00f3n de Madrid\n\" class=\"wp-image-32209\" srcset=\"https:\/\/www.estateone.biz\/blog\/wp-content\/uploads\/2020\/07\/04-carretas-1.jpg 650w, https:\/\/www.estateone.biz\/blog\/wp-content\/uploads\/2020\/07\/04-carretas-1-216x300.jpg 216w\" sizes=\"(max-width: 650px) 100vw, 650px\" \/><\/figure>\n\n\n\n<p>Pero si saltamos hasta la edad moderna, sin duda <strong>han sido los negocios los grandes protagonistas de la calle<\/strong> (y a\u00fan lo siguen siendo). Son muchos los locales que ha visto pasar la calle de Carretas, pero por encima de cualquiera tenemos que mencionar el <strong>Caf\u00e9 Pombo<\/strong> (tambi\u00e9n llamado <strong>Antiguo Caf\u00e9 y Botiller\u00eda de Pombo<\/strong>). <\/p>\n\n\n\n<figure class=\"wp-block-image\"><img loading=\"lazy\" width=\"650\" height=\"825\" src=\"https:\/\/www.estateone.biz\/blog\/wp-content\/uploads\/2020\/07\/05-carretas.jpg\" alt=\"Calle de Carretas, coraz\u00f3n de Madrid\n\" class=\"wp-image-32210\" srcset=\"https:\/\/www.estateone.biz\/blog\/wp-content\/uploads\/2020\/07\/05-carretas.jpg 650w, https:\/\/www.estateone.biz\/blog\/wp-content\/uploads\/2020\/07\/05-carretas-236x300.jpg 236w\" sizes=\"(max-width: 650px) 100vw, 650px\" \/><\/figure>\n\n\n\n<p>El local se ubicaba en el n\u00famero 4 de la calle y fue frecuentado durante d\u00e9cadas por casi todos los artistas e intelectuales de la bohemia madrile\u00f1a. All\u00ed mismo realizaba su <strong>tertulia literaria Ram\u00f3n G\u00f3mez de la Serna<\/strong> los s\u00e1bados por la noche, al principio de los a\u00f1os 10. El <strong>pintor Jos\u00e9 Guti\u00e9rrez Solana<\/strong> inmortalizar\u00eda la tertulia en uno de sus cuadros que ha quedado para la Historia (la tertulia se hizo tan popular que se sigui\u00f3 realizando ininterrumpidamente hasta el principio de los a\u00f1os 40). <\/p>\n\n\n\n<figure class=\"wp-block-image\"><img loading=\"lazy\" width=\"650\" height=\"517\" src=\"https:\/\/www.estateone.biz\/blog\/wp-content\/uploads\/2020\/07\/06-carretas.jpg\" alt=\"Calle de Carretas, coraz\u00f3n de Madrid\n\" class=\"wp-image-32211\" srcset=\"https:\/\/www.estateone.biz\/blog\/wp-content\/uploads\/2020\/07\/06-carretas.jpg 650w, https:\/\/www.estateone.biz\/blog\/wp-content\/uploads\/2020\/07\/06-carretas-300x239.jpg 300w\" sizes=\"(max-width: 650px) 100vw, 650px\" \/><\/figure>\n\n\n\n<p>Adem\u00e1s del caf\u00e9 Pombo hay que mencionar el <strong>Caf\u00e9 la Juventud<\/strong>, local donde actuaron diferentes c\u00f3micos a principios de siglo. Posteriormente ocup\u00f3 su lugar el <strong>Teatro Romea<\/strong>, que ser\u00eda derribado con la Guerra Civil. <\/p>\n\n\n\n<figure class=\"wp-block-image\"><img loading=\"lazy\" width=\"650\" height=\"480\" src=\"https:\/\/www.estateone.biz\/blog\/wp-content\/uploads\/2020\/07\/07-carretas.jpg\" alt=\"Calle de Carretas, coraz\u00f3n de Madrid\n\" class=\"wp-image-32213\" srcset=\"https:\/\/www.estateone.biz\/blog\/wp-content\/uploads\/2020\/07\/07-carretas.jpg 650w, https:\/\/www.estateone.biz\/blog\/wp-content\/uploads\/2020\/07\/07-carretas-300x222.jpg 300w\" sizes=\"(max-width: 650px) 100vw, 650px\" \/><\/figure>\n\n\n\n<p>Por \u00faltimo queremos mencionar la <strong>Librer\u00eda Moya<\/strong>, especializada en libros de medicina, por ser la m\u00e1s antigua de Madrid. Fue fundada en 1862, pero desgraciadamente cerr\u00f3 sus puertas hace muy poco. Si te das un poco de prisa todav\u00eda puedes ver su escaparate y su m\u00edtico letrero.<\/p>\n\n\n\n<figure class=\"wp-block-image\"><img loading=\"lazy\" width=\"650\" height=\"433\" src=\"https:\/\/www.estateone.biz\/blog\/wp-content\/uploads\/2020\/07\/08-carretas.jpg\" alt=\"Calle de Carretas, coraz\u00f3n de Madrid\n\" class=\"wp-image-32212\" srcset=\"https:\/\/www.estateone.biz\/blog\/wp-content\/uploads\/2020\/07\/08-carretas.jpg 650w, https:\/\/www.estateone.biz\/blog\/wp-content\/uploads\/2020\/07\/08-carretas-300x200.jpg 300w\" sizes=\"(max-width: 650px) 100vw, 650px\" \/><\/figure>\n\n\n\n<p><strong>\u00bfSAB\u00cdAS QU\u00c9\u2026?<\/strong><\/p>\n\n\n\n<p>Junto con la calle <strong>Montera<\/strong>, <strong>Carretas<\/strong> fue la <strong>primera calle pavimentada y con acera <\/strong>de todo Madrid. Ambas v\u00edas fueron pavimentadas en el <strong>a\u00f1o 1834<\/strong>.<\/p>\n\n\n\n<p><strong>Foto actual:<\/strong> <a href=\"https:\/\/diario.madrid.es\/\" target=\"_blank\" rel=\"noreferrer noopener\" aria-label=\"Diario de Madrid (abre en una nueva pesta\u00f1a)\">Diario de Madrid<\/a> <\/p>\n","protected":false},"excerpt":{"rendered":"<p>La calle de Carretas es una de las m\u00e1s emblem\u00e1ticas y con m\u00e1s solera del centro de Madrid. Transitada por todos los viandantes que van o vuelven de la Puerta del Sol, esta peque\u00f1a calle que siempre suele estar llena de gente es uno de esos lugares sin los cuales el centro de la ciudad &hellip;<\/p>\n","protected":false},"author":1,"featured_media":32203,"comment_status":"open","ping_status":"open","sticky":false,"template":"","format":"standard","meta":[],"categories":[98],"tags":[26,161,1053,1054],"yoast_head":"<!-- This site is optimized with the Yoast SEO plugin v19.6.1 - https:\/\/yoast.com\/wordpress\/plugins\/seo\/ -->\n<title>Calle de Carretas, coraz\u00f3n de Madrid - Blog, dulce blog<\/title>\n<meta name=\"description\" content=\"La calle de Carretas es una de las m\u00e1s emblem\u00e1ticas y con m\u00e1s solera del centro de Madrid\" \/>\n<meta name=\"robots\" content=\"index, follow, max-snippet:-1, max-image-preview:large, max-video-preview:-1\" \/>\n<link rel=\"canonical\" href=\"https:\/\/www.estateone.biz\/blog\/calle-de-carretas-corazon-de-madrid\/\" \/>\n<meta property=\"og:locale\" content=\"es_ES\" \/>\n<meta property=\"og:type\" content=\"article\" \/>\n<meta property=\"og:title\" content=\"Calle de Carretas, coraz\u00f3n de Madrid - Blog, dulce blog\" \/>\n<meta property=\"og:description\" content=\"La calle de Carretas es una de las m\u00e1s emblem\u00e1ticas y con m\u00e1s solera del centro de Madrid\" \/>\n<meta property=\"og:url\" content=\"https:\/\/www.estateone.biz\/blog\/calle-de-carretas-corazon-de-madrid\/\" \/>\n<meta property=\"og:site_name\" content=\"Blog, dulce blog\" \/>\n<meta property=\"article:published_time\" content=\"2020-07-09T07:52:23+00:00\" \/>\n<meta property=\"article:modified_time\" content=\"2024-11-28T06:10:50+00:00\" \/>\n<meta property=\"og:image\" content=\"https:\/\/www.estateone.biz\/blog\/wp-content\/uploads\/2020\/07\/00-carretas.jpg\" \/>\n\t<meta property=\"og:image:width\" content=\"650\" \/>\n\t<meta property=\"og:image:height\" content=\"381\" \/>\n\t<meta property=\"og:image:type\" content=\"image\/jpeg\" \/>\n<meta name=\"author\" content=\"Estate One\" \/>\n<meta name=\"twitter:card\" content=\"summary\" \/>\n<meta name=\"twitter:label1\" content=\"Escrito por\" \/>\n\t<meta name=\"twitter:data1\" content=\"Estate One\" \/>\n\t<meta name=\"twitter:label2\" content=\"Tiempo de lectura\" \/>\n\t<meta name=\"twitter:data2\" content=\"5 minutos\" \/>\n<script type=\"application\/ld+json\" class=\"yoast-schema-graph\">{\"@context\":\"https:\/\/schema.org\",\"@graph\":[{\"@type\":\"WebPage\",\"@id\":\"https:\/\/www.estateone.biz\/blog\/calle-de-carretas-corazon-de-madrid\/\",\"url\":\"https:\/\/www.estateone.biz\/blog\/calle-de-carretas-corazon-de-madrid\/\",\"name\":\"Calle de Carretas, coraz\u00f3n de Madrid - Blog, dulce blog\",\"isPartOf\":{\"@id\":\"https:\/\/www.estateone.biz\/blog\/?lang=en\/#website\"},\"datePublished\":\"2020-07-09T07:52:23+00:00\",\"dateModified\":\"2024-11-28T06:10:50+00:00\",\"author\":{\"@id\":\"https:\/\/www.estateone.biz\/blog\/?lang=en\/#\/schema\/person\/5c4d73bb88472ee2f9325e6ce4f634d7\"},\"description\":\"La calle de Carretas es una de las m\u00e1s emblem\u00e1ticas y con m\u00e1s solera del centro de Madrid\",\"breadcrumb\":{\"@id\":\"https:\/\/www.estateone.biz\/blog\/calle-de-carretas-corazon-de-madrid\/#breadcrumb\"},\"inLanguage\":\"es\",\"potentialAction\":[{\"@type\":\"ReadAction\",\"target\":[\"https:\/\/www.estateone.biz\/blog\/calle-de-carretas-corazon-de-madrid\/\"]}]},{\"@type\":\"BreadcrumbList\",\"@id\":\"https:\/\/www.estateone.biz\/blog\/calle-de-carretas-corazon-de-madrid\/#breadcrumb\",\"itemListElement\":[{\"@type\":\"ListItem\",\"position\":1,\"name\":\"Portada\",\"item\":\"https:\/\/www.estateone.biz\/blog\/?lang=en\/\"},{\"@type\":\"ListItem\",\"position\":2,\"name\":\"Calle de Carretas, coraz\u00f3n de Madrid\"}]},{\"@type\":\"WebSite\",\"@id\":\"https:\/\/www.estateone.biz\/blog\/?lang=en\/#website\",\"url\":\"https:\/\/www.estateone.biz\/blog\/?lang=en\/\",\"name\":\"Blog, dulce blog\",\"description\":\"El blog inmobiliario de Estate One\",\"potentialAction\":[{\"@type\":\"SearchAction\",\"target\":{\"@type\":\"EntryPoint\",\"urlTemplate\":\"https:\/\/www.estateone.biz\/blog\/?lang=en\/?s={search_term_string}\"},\"query-input\":\"required name=search_term_string\"}],\"inLanguage\":\"es\"},{\"@type\":\"Person\",\"@id\":\"https:\/\/www.estateone.biz\/blog\/?lang=en\/#\/schema\/person\/5c4d73bb88472ee2f9325e6ce4f634d7\",\"name\":\"Estate One\",\"image\":{\"@type\":\"ImageObject\",\"inLanguage\":\"es\",\"@id\":\"https:\/\/www.estateone.biz\/blog\/?lang=en\/#\/schema\/person\/image\/\",\"url\":\"https:\/\/secure.gravatar.com\/avatar\/b36ec0d2dc5448ccdc0852ddf52cf7a4?s=96&d=identicon&r=g\",\"contentUrl\":\"https:\/\/secure.gravatar.com\/avatar\/b36ec0d2dc5448ccdc0852ddf52cf7a4?s=96&d=identicon&r=g\",\"caption\":\"Estate One\"},\"description\":\"Estate One somos una compa\u00f1\u00eda con un amplio conocimiento del mercado inmobiliario en Espa\u00f1a y una s\u00f3lida experiencia en prestigiosas empresas del sector.\",\"sameAs\":[\"http:\/\/estateone.biz\/\"],\"url\":\"https:\/\/www.estateone.biz\/blog\/author\/wpluzti\/\"}]}<\/script>\n<!-- \/ Yoast SEO plugin. -->","yoast_head_json":{"title":"Calle de Carretas, coraz\u00f3n de Madrid - Blog, dulce blog","description":"La calle de Carretas es una de las m\u00e1s emblem\u00e1ticas y con m\u00e1s solera del centro de Madrid","robots":{"index":"index","follow":"follow","max-snippet":"max-snippet:-1","max-image-preview":"max-image-preview:large","max-video-preview":"max-video-preview:-1"},"canonical":"https:\/\/www.estateone.biz\/blog\/calle-de-carretas-corazon-de-madrid\/","og_locale":"es_ES","og_type":"article","og_title":"Calle de Carretas, coraz\u00f3n de Madrid - Blog, dulce blog","og_description":"La calle de Carretas es una de las m\u00e1s emblem\u00e1ticas y con m\u00e1s solera del centro de Madrid","og_url":"https:\/\/www.estateone.biz\/blog\/calle-de-carretas-corazon-de-madrid\/","og_site_name":"Blog, dulce blog","article_published_time":"2020-07-09T07:52:23+00:00","article_modified_time":"2024-11-28T06:10:50+00:00","og_image":[{"width":650,"height":381,"url":"https:\/\/www.estateone.biz\/blog\/wp-content\/uploads\/2020\/07\/00-carretas.jpg","type":"image\/jpeg"}],"author":"Estate One","twitter_card":"summary","twitter_misc":{"Escrito por":"Estate One","Tiempo de lectura":"5 minutos"},"schema":{"@context":"https:\/\/schema.org","@graph":[{"@type":"WebPage","@id":"https:\/\/www.estateone.biz\/blog\/calle-de-carretas-corazon-de-madrid\/","url":"https:\/\/www.estateone.biz\/blog\/calle-de-carretas-corazon-de-madrid\/","name":"Calle de Carretas, coraz\u00f3n de Madrid - Blog, dulce blog","isPartOf":{"@id":"https:\/\/www.estateone.biz\/blog\/?lang=en\/#website"},"datePublished":"2020-07-09T07:52:23+00:00","dateModified":"2024-11-28T06:10:50+00:00","author":{"@id":"https:\/\/www.estateone.biz\/blog\/?lang=en\/#\/schema\/person\/5c4d73bb88472ee2f9325e6ce4f634d7"},"description":"La calle de Carretas es una de las m\u00e1s emblem\u00e1ticas y con m\u00e1s solera del centro de Madrid","breadcrumb":{"@id":"https:\/\/www.estateone.biz\/blog\/calle-de-carretas-corazon-de-madrid\/#breadcrumb"},"inLanguage":"es","potentialAction":[{"@type":"ReadAction","target":["https:\/\/www.estateone.biz\/blog\/calle-de-carretas-corazon-de-madrid\/"]}]},{"@type":"BreadcrumbList","@id":"https:\/\/www.estateone.biz\/blog\/calle-de-carretas-corazon-de-madrid\/#breadcrumb","itemListElement":[{"@type":"ListItem","position":1,"name":"Portada","item":"https:\/\/www.estateone.biz\/blog\/?lang=en\/"},{"@type":"ListItem","position":2,"name":"Calle de Carretas, coraz\u00f3n de Madrid"}]},{"@type":"WebSite","@id":"https:\/\/www.estateone.biz\/blog\/?lang=en\/#website","url":"https:\/\/www.estateone.biz\/blog\/?lang=en\/","name":"Blog, dulce blog","description":"El blog inmobiliario de Estate One","potentialAction":[{"@type":"SearchAction","target":{"@type":"EntryPoint","urlTemplate":"https:\/\/www.estateone.biz\/blog\/?lang=en\/?s={search_term_string}"},"query-input":"required name=search_term_string"}],"inLanguage":"es"},{"@type":"Person","@id":"https:\/\/www.estateone.biz\/blog\/?lang=en\/#\/schema\/person\/5c4d73bb88472ee2f9325e6ce4f634d7","name":"Estate One","image":{"@type":"ImageObject","inLanguage":"es","@id":"https:\/\/www.estateone.biz\/blog\/?lang=en\/#\/schema\/person\/image\/","url":"https:\/\/secure.gravatar.com\/avatar\/b36ec0d2dc5448ccdc0852ddf52cf7a4?s=96&d=identicon&r=g","contentUrl":"https:\/\/secure.gravatar.com\/avatar\/b36ec0d2dc5448ccdc0852ddf52cf7a4?s=96&d=identicon&r=g","caption":"Estate One"},"description":"Estate One somos una compa\u00f1\u00eda con un amplio conocimiento del mercado inmobiliario en Espa\u00f1a y una s\u00f3lida experiencia en prestigiosas empresas del sector.","sameAs":["http:\/\/estateone.biz\/"],"url":"https:\/\/www.estateone.biz\/blog\/author\/wpluzti\/"}]}},"_links":{"self":[{"href":"https:\/\/www.estateone.biz\/blog\/wp-json\/wp\/v2\/posts\/32202"}],"collection":[{"href":"https:\/\/www.estateone.biz\/blog\/wp-json\/wp\/v2\/posts"}],"about":[{"href":"https:\/\/www.estateone.biz\/blog\/wp-json\/wp\/v2\/types\/post"}],"author":[{"embeddable":true,"href":"https:\/\/www.estateone.biz\/blog\/wp-json\/wp\/v2\/users\/1"}],"replies":[{"embeddable":true,"href":"https:\/\/www.estateone.biz\/blog\/wp-json\/wp\/v2\/comments?post=32202"}],"version-history":[{"count":7,"href":"https:\/\/www.estateone.biz\/blog\/wp-json\/wp\/v2\/posts\/32202\/revisions"}],"predecessor-version":[{"id":35383,"href":"https:\/\/www.estateone.biz\/blog\/wp-json\/wp\/v2\/posts\/32202\/revisions\/35383"}],"wp:featuredmedia":[{"embeddable":true,"href":"https:\/\/www.estateone.biz\/blog\/wp-json\/wp\/v2\/media\/32203"}],"wp:attachment":[{"href":"https:\/\/www.estateone.biz\/blog\/wp-json\/wp\/v2\/media?parent=32202"}],"wp:term":[{"taxonomy":"category","embeddable":true,"href":"https:\/\/www.estateone.biz\/blog\/wp-json\/wp\/v2\/categories?post=32202"},{"taxonomy":"post_tag","embeddable":true,"href":"https:\/\/www.estateone.biz\/blog\/wp-json\/wp\/v2\/tags?post=32202"}],"curies":[{"name":"wp","href":"https:\/\/api.w.org\/{rel}","templated":true}]}}