{"id":32221,"date":"2020-07-09T10:00:57","date_gmt":"2020-07-09T09:00:57","guid":{"rendered":"https:\/\/www.estateone.biz\/blog\/?p=32221"},"modified":"2020-07-09T10:00:59","modified_gmt":"2020-07-09T09:00:59","slug":"calle-de-carretas-heart-of-madrid","status":"publish","type":"post","link":"https:\/\/www.estateone.biz\/blog\/calle-de-carretas-heart-of-madrid\/?lang=en","title":{"rendered":"Calle de Carretas, heart of Madrid"},"content":{"rendered":"\n<p><strong>Calle de Carretas<\/strong> is one of the <strong>most emblematic and traditional streets in the centre of Madrid<\/strong>. All <strong>pedestrians who come and go from Puerta del Sol<\/strong> pass along this small street that is usually crowded with people and without which <strong>the centre of the city <\/strong>would not be the same. Indeed, it is difficult to imagine taking a stroll around the old part of the city without walking through <strong>Calle de Carretas<\/strong> and going window-shopping, getting an ice-cream or having a slice of pizza, or maybe simply getting carried away and enjoying the joy and bustle of the city. <\/p>\n\n\n\n<figure class=\"wp-block-image\"><img loading=\"lazy\" width=\"650\" height=\"444\" src=\"https:\/\/www.estateone.biz\/blog\/wp-content\/uploads\/2020\/07\/01-carretas-2.jpg\" alt=\"\" class=\"wp-image-32224\" srcset=\"https:\/\/www.estateone.biz\/blog\/wp-content\/uploads\/2020\/07\/01-carretas-2.jpg 650w, https:\/\/www.estateone.biz\/blog\/wp-content\/uploads\/2020\/07\/01-carretas-2-300x205.jpg 300w\" sizes=\"(max-width: 650px) 100vw, 650px\" \/><\/figure>\n\n\n\n<p>This mythical street, that connects <strong>Puerta del Sol and Plaza de Jacinto Benavente<\/strong>, is one of the busiest streets of the centre of Madrid, and thus, <strong>strolling through it and enjoying its atmosphere<\/strong> is obligatory for any visitor, no matter what. At present, <strong>Calle de Carreta<\/strong>s has changed very much compared to what it was like years ago, especially since <strong>2018 when it was pedestrianized<\/strong>. <\/p>\n\n\n\n<figure class=\"wp-block-image\"><img loading=\"lazy\" width=\"650\" height=\"443\" src=\"https:\/\/www.estateone.biz\/blog\/wp-content\/uploads\/2020\/07\/02-carretas-4.jpg\" alt=\"\" class=\"wp-image-32227\" srcset=\"https:\/\/www.estateone.biz\/blog\/wp-content\/uploads\/2020\/07\/02-carretas-4.jpg 650w, https:\/\/www.estateone.biz\/blog\/wp-content\/uploads\/2020\/07\/02-carretas-4-300x204.jpg 300w\" sizes=\"(max-width: 650px) 100vw, 650px\" \/><\/figure>\n\n\n\n<p>In our opinion, to pedestrianize it was a very good decision as <strong>this made the street much more habitable and lively<\/strong>. But, what was <strong>Calle de Carretas<\/strong> like <strong>decades ago<\/strong>? What was its origin? What secrets does this small street in the centre of Madrid hide? Today, we will discover everything about it in the blog of Estate One in our section <strong>A Walk in the Past<\/strong>, where we have already seen <strong><a rel=\"noreferrer noopener\" aria-label=\"Madrid in the XIX century (abre en una nueva pesta\u00f1a)\" href=\"https:\/\/www.estateone.biz\/blog\/madrid-in-the-xix-century\/?lang=en\" target=\"_blank\">Madrid in the XIX century<\/a><\/strong>. Come with us!<\/p>\n\n\n\n<figure class=\"wp-block-image\"><img loading=\"lazy\" width=\"650\" height=\"490\" src=\"https:\/\/www.estateone.biz\/blog\/wp-content\/uploads\/2020\/07\/03-carretas-2.jpg\" alt=\"\" class=\"wp-image-32228\" srcset=\"https:\/\/www.estateone.biz\/blog\/wp-content\/uploads\/2020\/07\/03-carretas-2.jpg 650w, https:\/\/www.estateone.biz\/blog\/wp-content\/uploads\/2020\/07\/03-carretas-2-300x226.jpg 300w\" sizes=\"(max-width: 650px) 100vw, 650px\" \/><\/figure>\n\n\n\n<h2>A CAF\u00c9 FOR REMEMBRANCE<\/h2>\n\n\n\n<p>In order to trace the origins of <strong>Calle de Carretas<\/strong> we must go <strong>back to 1520<\/strong> when <strong>the comunero movement started in Madrid<\/strong>. At that time, the comuneros were defending themselves from <strong>the troops of Carlos I<\/strong> and so they decided to build, in Puerta del Sol, a castle with a watchtower, difficult though it may seem nowadays. In those days, the comunero troops <strong>used wagons and drove them to the surrounding locations of Madrid<\/strong>, by way of barricades, so as to hold back the troops of the imperialist Emperor. The curious thing is that <strong>the sick people from Hospital San Ricardo<\/strong>, which was very close by, <strong>were crammed into the wagons for the purpose of infecting the imperial troops<\/strong>. This got so much attention that the Madrile\u00f1os named the street Carretas, which in English means \u201cwagons\u201d. <\/p>\n\n\n\n<figure class=\"wp-block-image\"><img loading=\"lazy\" width=\"650\" height=\"903\" src=\"https:\/\/www.estateone.biz\/blog\/wp-content\/uploads\/2020\/07\/04-carretas-2.jpg\" alt=\"\" class=\"wp-image-32229\" srcset=\"https:\/\/www.estateone.biz\/blog\/wp-content\/uploads\/2020\/07\/04-carretas-2.jpg 650w, https:\/\/www.estateone.biz\/blog\/wp-content\/uploads\/2020\/07\/04-carretas-2-216x300.jpg 216w\" sizes=\"(max-width: 650px) 100vw, 650px\" \/><\/figure>\n\n\n\n<p>If we take a leap into the modern age we can say that, undoubtedly, <strong>businesses have been, and still are, the great protagonists of the street. <\/strong>Throughout the years, in <strong>Calle de Carretas<\/strong> there have been many different premises but above all, we must mention <strong>Caf\u00e9 Pombo<\/strong> (also called <strong>Antiguo Caf\u00e9 y Botiller\u00eda de Pombo<\/strong>). <\/p>\n\n\n\n<figure class=\"wp-block-image\"><img loading=\"lazy\" width=\"650\" height=\"825\" src=\"https:\/\/www.estateone.biz\/blog\/wp-content\/uploads\/2020\/07\/05-carretas-1.jpg\" alt=\"\" class=\"wp-image-32230\" srcset=\"https:\/\/www.estateone.biz\/blog\/wp-content\/uploads\/2020\/07\/05-carretas-1.jpg 650w, https:\/\/www.estateone.biz\/blog\/wp-content\/uploads\/2020\/07\/05-carretas-1-236x300.jpg 236w\" sizes=\"(max-width: 650px) 100vw, 650px\" \/><\/figure>\n\n\n\n<p>The premises were located in number 4 of Calle de Carretas and during decades it was frequented by <strong>bohemian artists and intellectuals of Madrid. Ram\u00f3n G\u00f3mez de la Serna <\/strong>held literary gatherings there every Saturday night at the beginning of the 10\u00b4s. Furthermore, the painter <strong>Jos\u00e9 Guti\u00e9rrez Solana<\/strong> immortalized these gatherings in one of his paintings which will go down in history. These literary gatherings were so popular that they continued uninterruptedly till the beginning of the 40\u00b4s. <\/p>\n\n\n\n<figure class=\"wp-block-image\"><img loading=\"lazy\" width=\"650\" height=\"517\" src=\"https:\/\/www.estateone.biz\/blog\/wp-content\/uploads\/2020\/07\/06-carretas-1.jpg\" alt=\"\" class=\"wp-image-32231\" srcset=\"https:\/\/www.estateone.biz\/blog\/wp-content\/uploads\/2020\/07\/06-carretas-1.jpg 650w, https:\/\/www.estateone.biz\/blog\/wp-content\/uploads\/2020\/07\/06-carretas-1-300x239.jpg 300w\" sizes=\"(max-width: 650px) 100vw, 650px\" \/><\/figure>\n\n\n\n<p>In addition to Caf\u00e9 Pombo, we must mention <strong>Caf\u00e9 la Juventud<\/strong> where different comedians got to perform at the beginning of the century. Later, <strong>Teatro Romea<\/strong> took its place but it was pulled down during the Civil War. <\/p>\n\n\n\n<figure class=\"wp-block-image\"><img loading=\"lazy\" width=\"650\" height=\"480\" src=\"https:\/\/www.estateone.biz\/blog\/wp-content\/uploads\/2020\/07\/07-carretas-1.jpg\" alt=\"\" class=\"wp-image-32232\" srcset=\"https:\/\/www.estateone.biz\/blog\/wp-content\/uploads\/2020\/07\/07-carretas-1.jpg 650w, https:\/\/www.estateone.biz\/blog\/wp-content\/uploads\/2020\/07\/07-carretas-1-300x222.jpg 300w\" sizes=\"(max-width: 650px) 100vw, 650px\" \/><\/figure>\n\n\n\n<p>Finally, we want to mention <strong>Librer\u00eda Moya<\/strong>, the oldest one in Madrid, specialized in books on medicine. This bookshop was founded in 1862 but,unfortunately, it has recently closed down. If you hurry up a bit, you can still see its shop window and mythical sign.<\/p>\n\n\n\n<figure class=\"wp-block-image\"><img loading=\"lazy\" width=\"650\" height=\"433\" src=\"https:\/\/www.estateone.biz\/blog\/wp-content\/uploads\/2020\/07\/08-carretas-1.jpg\" alt=\"\" class=\"wp-image-32233\" srcset=\"https:\/\/www.estateone.biz\/blog\/wp-content\/uploads\/2020\/07\/08-carretas-1.jpg 650w, https:\/\/www.estateone.biz\/blog\/wp-content\/uploads\/2020\/07\/08-carretas-1-300x200.jpg 300w\" sizes=\"(max-width: 650px) 100vw, 650px\" \/><\/figure>\n\n\n\n<h2>DID YOU KNOW THAT&#8230;?<\/h2>\n\n\n\n<p><strong>Calle de Carretas<\/strong>, together with Calle Montera, was<strong> the first street in all Madrid to be paved and to have a sidewalk<\/strong>. They were both paved in 1834.<\/p>\n\n\n\n<p><strong>Modern picture: <\/strong><a rel=\"noreferrer noopener\" href=\"https:\/\/diario.madrid.es\/\" target=\"_blank\">Diario de Madrid<\/a><\/p>\n","protected":false},"excerpt":{"rendered":"<p>Calle de Carretas is one of the most emblematic and traditional streets in the centre of Madrid. All pedestrians who come and go from Puerta del Sol pass along this small street that is usually crowded with people and without which the centre of the city would not be the same. Indeed, it is difficult &hellip;<\/p>\n","protected":false},"author":1,"featured_media":0,"comment_status":"open","ping_status":"open","sticky":false,"template":"","format":"standard","meta":[],"categories":[1],"tags":[],"yoast_head":"<!-- This site is optimized with the Yoast SEO plugin v19.6.1 - https:\/\/yoast.com\/wordpress\/plugins\/seo\/ -->\n<title>Calle de Carretas, heart of Madrid - Blog, dulce blog<\/title>\n<meta name=\"description\" content=\"Calle de Carretas is one of the most emblematic and traditional streets in the centre of Madrid\" \/>\n<meta name=\"robots\" content=\"index, follow, max-snippet:-1, max-image-preview:large, max-video-preview:-1\" \/>\n<link rel=\"canonical\" href=\"https:\/\/www.estateone.biz\/blog\/calle-de-carretas-heart-of-madrid\/?lang=en\" \/>\n<meta property=\"og:locale\" content=\"es_ES\" \/>\n<meta property=\"og:type\" content=\"article\" \/>\n<meta property=\"og:title\" content=\"Calle de Carretas, heart of Madrid - Blog, dulce blog\" \/>\n<meta property=\"og:description\" content=\"Calle de Carretas is one of the most emblematic and traditional streets in the centre of Madrid\" \/>\n<meta property=\"og:url\" content=\"https:\/\/www.estateone.biz\/blog\/calle-de-carretas-heart-of-madrid\/?lang=en\" \/>\n<meta property=\"og:site_name\" content=\"Blog, dulce blog\" \/>\n<meta property=\"article:published_time\" content=\"2020-07-09T09:00:57+00:00\" \/>\n<meta property=\"article:modified_time\" content=\"2020-07-09T09:00:59+00:00\" \/>\n<meta property=\"og:image\" content=\"https:\/\/www.estateone.biz\/blog\/wp-content\/uploads\/2020\/07\/01-carretas-2.jpg\" \/>\n<meta name=\"author\" content=\"Estate One\" \/>\n<meta name=\"twitter:card\" content=\"summary\" \/>\n<meta name=\"twitter:label1\" content=\"Escrito por\" \/>\n\t<meta name=\"twitter:data1\" content=\"Estate One\" \/>\n\t<meta name=\"twitter:label2\" content=\"Tiempo de lectura\" \/>\n\t<meta name=\"twitter:data2\" content=\"3 minutos\" \/>\n<script type=\"application\/ld+json\" class=\"yoast-schema-graph\">{\"@context\":\"https:\/\/schema.org\",\"@graph\":[{\"@type\":\"WebPage\",\"@id\":\"https:\/\/www.estateone.biz\/blog\/calle-de-carretas-heart-of-madrid\/?lang=en\",\"url\":\"https:\/\/www.estateone.biz\/blog\/calle-de-carretas-heart-of-madrid\/?lang=en\",\"name\":\"Calle de Carretas, heart of Madrid - Blog, dulce blog\",\"isPartOf\":{\"@id\":\"https:\/\/www.estateone.biz\/blog\/?lang=en\/#website\"},\"datePublished\":\"2020-07-09T09:00:57+00:00\",\"dateModified\":\"2020-07-09T09:00:59+00:00\",\"author\":{\"@id\":\"https:\/\/www.estateone.biz\/blog\/?lang=en\/#\/schema\/person\/5c4d73bb88472ee2f9325e6ce4f634d7\"},\"description\":\"Calle de Carretas is one of the most emblematic and traditional streets in the centre of Madrid\",\"breadcrumb\":{\"@id\":\"https:\/\/www.estateone.biz\/blog\/calle-de-carretas-heart-of-madrid\/?lang=en#breadcrumb\"},\"inLanguage\":\"es\",\"potentialAction\":[{\"@type\":\"ReadAction\",\"target\":[\"https:\/\/www.estateone.biz\/blog\/calle-de-carretas-heart-of-madrid\/?lang=en\"]}]},{\"@type\":\"BreadcrumbList\",\"@id\":\"https:\/\/www.estateone.biz\/blog\/calle-de-carretas-heart-of-madrid\/?lang=en#breadcrumb\",\"itemListElement\":[{\"@type\":\"ListItem\",\"position\":1,\"name\":\"Portada\",\"item\":\"https:\/\/www.estateone.biz\/blog\/?lang=en\/\"},{\"@type\":\"ListItem\",\"position\":2,\"name\":\"Calle de Carretas, heart of Madrid\"}]},{\"@type\":\"WebSite\",\"@id\":\"https:\/\/www.estateone.biz\/blog\/?lang=en\/#website\",\"url\":\"https:\/\/www.estateone.biz\/blog\/?lang=en\/\",\"name\":\"Blog, dulce blog\",\"description\":\"El blog inmobiliario de Estate One\",\"potentialAction\":[{\"@type\":\"SearchAction\",\"target\":{\"@type\":\"EntryPoint\",\"urlTemplate\":\"https:\/\/www.estateone.biz\/blog\/?lang=en\/?s={search_term_string}\"},\"query-input\":\"required name=search_term_string\"}],\"inLanguage\":\"es\"},{\"@type\":\"Person\",\"@id\":\"https:\/\/www.estateone.biz\/blog\/?lang=en\/#\/schema\/person\/5c4d73bb88472ee2f9325e6ce4f634d7\",\"name\":\"Estate One\",\"image\":{\"@type\":\"ImageObject\",\"inLanguage\":\"es\",\"@id\":\"https:\/\/www.estateone.biz\/blog\/?lang=en\/#\/schema\/person\/image\/\",\"url\":\"https:\/\/secure.gravatar.com\/avatar\/b36ec0d2dc5448ccdc0852ddf52cf7a4?s=96&d=identicon&r=g\",\"contentUrl\":\"https:\/\/secure.gravatar.com\/avatar\/b36ec0d2dc5448ccdc0852ddf52cf7a4?s=96&d=identicon&r=g\",\"caption\":\"Estate One\"},\"description\":\"Estate One somos una compa\u00f1\u00eda con un amplio conocimiento del mercado inmobiliario en Espa\u00f1a y una s\u00f3lida experiencia en prestigiosas empresas del sector.\",\"sameAs\":[\"http:\/\/estateone.biz\/\"],\"url\":\"https:\/\/www.estateone.biz\/blog\/author\/wpluzti\/\"}]}<\/script>\n<!-- \/ Yoast SEO plugin. -->","yoast_head_json":{"title":"Calle de Carretas, heart of Madrid - Blog, dulce blog","description":"Calle de Carretas is one of the most emblematic and traditional streets in the centre of Madrid","robots":{"index":"index","follow":"follow","max-snippet":"max-snippet:-1","max-image-preview":"max-image-preview:large","max-video-preview":"max-video-preview:-1"},"canonical":"https:\/\/www.estateone.biz\/blog\/calle-de-carretas-heart-of-madrid\/?lang=en","og_locale":"es_ES","og_type":"article","og_title":"Calle de Carretas, heart of Madrid - Blog, dulce blog","og_description":"Calle de Carretas is one of the most emblematic and traditional streets in the centre of Madrid","og_url":"https:\/\/www.estateone.biz\/blog\/calle-de-carretas-heart-of-madrid\/?lang=en","og_site_name":"Blog, dulce blog","article_published_time":"2020-07-09T09:00:57+00:00","article_modified_time":"2020-07-09T09:00:59+00:00","og_image":[{"url":"https:\/\/www.estateone.biz\/blog\/wp-content\/uploads\/2020\/07\/01-carretas-2.jpg"}],"author":"Estate One","twitter_card":"summary","twitter_misc":{"Escrito por":"Estate One","Tiempo de lectura":"3 minutos"},"schema":{"@context":"https:\/\/schema.org","@graph":[{"@type":"WebPage","@id":"https:\/\/www.estateone.biz\/blog\/calle-de-carretas-heart-of-madrid\/?lang=en","url":"https:\/\/www.estateone.biz\/blog\/calle-de-carretas-heart-of-madrid\/?lang=en","name":"Calle de Carretas, heart of Madrid - Blog, dulce blog","isPartOf":{"@id":"https:\/\/www.estateone.biz\/blog\/?lang=en\/#website"},"datePublished":"2020-07-09T09:00:57+00:00","dateModified":"2020-07-09T09:00:59+00:00","author":{"@id":"https:\/\/www.estateone.biz\/blog\/?lang=en\/#\/schema\/person\/5c4d73bb88472ee2f9325e6ce4f634d7"},"description":"Calle de Carretas is one of the most emblematic and traditional streets in the centre of Madrid","breadcrumb":{"@id":"https:\/\/www.estateone.biz\/blog\/calle-de-carretas-heart-of-madrid\/?lang=en#breadcrumb"},"inLanguage":"es","potentialAction":[{"@type":"ReadAction","target":["https:\/\/www.estateone.biz\/blog\/calle-de-carretas-heart-of-madrid\/?lang=en"]}]},{"@type":"BreadcrumbList","@id":"https:\/\/www.estateone.biz\/blog\/calle-de-carretas-heart-of-madrid\/?lang=en#breadcrumb","itemListElement":[{"@type":"ListItem","position":1,"name":"Portada","item":"https:\/\/www.estateone.biz\/blog\/?lang=en\/"},{"@type":"ListItem","position":2,"name":"Calle de Carretas, heart of Madrid"}]},{"@type":"WebSite","@id":"https:\/\/www.estateone.biz\/blog\/?lang=en\/#website","url":"https:\/\/www.estateone.biz\/blog\/?lang=en\/","name":"Blog, dulce blog","description":"El blog inmobiliario de Estate One","potentialAction":[{"@type":"SearchAction","target":{"@type":"EntryPoint","urlTemplate":"https:\/\/www.estateone.biz\/blog\/?lang=en\/?s={search_term_string}"},"query-input":"required name=search_term_string"}],"inLanguage":"es"},{"@type":"Person","@id":"https:\/\/www.estateone.biz\/blog\/?lang=en\/#\/schema\/person\/5c4d73bb88472ee2f9325e6ce4f634d7","name":"Estate One","image":{"@type":"ImageObject","inLanguage":"es","@id":"https:\/\/www.estateone.biz\/blog\/?lang=en\/#\/schema\/person\/image\/","url":"https:\/\/secure.gravatar.com\/avatar\/b36ec0d2dc5448ccdc0852ddf52cf7a4?s=96&d=identicon&r=g","contentUrl":"https:\/\/secure.gravatar.com\/avatar\/b36ec0d2dc5448ccdc0852ddf52cf7a4?s=96&d=identicon&r=g","caption":"Estate One"},"description":"Estate One somos una compa\u00f1\u00eda con un amplio conocimiento del mercado inmobiliario en Espa\u00f1a y una s\u00f3lida experiencia en prestigiosas empresas del sector.","sameAs":["http:\/\/estateone.biz\/"],"url":"https:\/\/www.estateone.biz\/blog\/author\/wpluzti\/"}]}},"_links":{"self":[{"href":"https:\/\/www.estateone.biz\/blog\/wp-json\/wp\/v2\/posts\/32221"}],"collection":[{"href":"https:\/\/www.estateone.biz\/blog\/wp-json\/wp\/v2\/posts"}],"about":[{"href":"https:\/\/www.estateone.biz\/blog\/wp-json\/wp\/v2\/types\/post"}],"author":[{"embeddable":true,"href":"https:\/\/www.estateone.biz\/blog\/wp-json\/wp\/v2\/users\/1"}],"replies":[{"embeddable":true,"href":"https:\/\/www.estateone.biz\/blog\/wp-json\/wp\/v2\/comments?post=32221"}],"version-history":[{"count":1,"href":"https:\/\/www.estateone.biz\/blog\/wp-json\/wp\/v2\/posts\/32221\/revisions"}],"predecessor-version":[{"id":32234,"href":"https:\/\/www.estateone.biz\/blog\/wp-json\/wp\/v2\/posts\/32221\/revisions\/32234"}],"wp:attachment":[{"href":"https:\/\/www.estateone.biz\/blog\/wp-json\/wp\/v2\/media?parent=32221"}],"wp:term":[{"taxonomy":"category","embeddable":true,"href":"https:\/\/www.estateone.biz\/blog\/wp-json\/wp\/v2\/categories?post=32221"},{"taxonomy":"post_tag","embeddable":true,"href":"https:\/\/www.estateone.biz\/blog\/wp-json\/wp\/v2\/tags?post=32221"}],"curies":[{"name":"wp","href":"https:\/\/api.w.org\/{rel}","templated":true}]}}