{"id":32799,"date":"2021-05-19T09:14:10","date_gmt":"2021-05-19T08:14:10","guid":{"rendered":"https:\/\/www.estateone.biz\/blog\/?p=32799"},"modified":"2021-05-19T09:14:13","modified_gmt":"2021-05-19T08:14:13","slug":"los-temores-de-alquilar-una-vivienda","status":"publish","type":"post","link":"https:\/\/www.estateone.biz\/blog\/los-temores-de-alquilar-una-vivienda\/","title":{"rendered":"Los temores de alquilar una vivienda"},"content":{"rendered":"\n<p><strong>La morosidad y los posibles desperfectos <\/strong>que puedan originarse en el inmueble son los principales <strong>temores los espa\u00f1oles que alquilan una vivienda<\/strong>. Tambi\u00e9n la <em>okupaci\u00f3n<\/em> o los l\u00edmites al precio del alquiler figuran entre las preocupaciones del arrendador espa\u00f1ol, pero son <strong>el impago por parte del inquilino y el mal uso que \u00e9ste pudiera hacer de la casa<\/strong> sus principales inquietudes. As\u00ed se deduce de algunos estudios realizados recientemente por consultoras del sector inmobiliario. En realidad no estamos hablando de nada nuevo, pues estas dos cuestiones siempre han sido <strong>un quebradero de cabeza para el propietario espa\u00f1ol que decide alquilar un inmueble<\/strong>. Ambas situaciones, la morosidad y el destrozo de la vivienda por parte del inquilino, suponen <strong>un problema doble para el propietario<\/strong>: por un lado, <strong>el prejuicio econ\u00f3mico <\/strong>que ello implica, pero adem\u00e1s <strong>el desgaste emocional que supone tener que hacer frente a situaciones de estas caracter\u00edsticas<\/strong>. Hay que tener en cuenta que cuando se decide actuar por la v\u00eda legal no suele haber una resoluci\u00f3n r\u00e1pida, pues el proceso es muy probable que se prolongue durante meses (a veces, incluso m\u00e1s de un a\u00f1o), lo cual implica una incertidumbre tremenda para el que lo padece. A diferencia de <strong><a rel=\"noreferrer noopener\" aria-label=\"otros pa\u00edses que cuentan con una legislaci\u00f3n que se ocupa de estos problemas, como por ejemplo Pa\u00edses Bajos (abre en una nueva pesta\u00f1a)\" href=\"https:\/\/www.estateone.biz\/blog\/los-paises-bajos-se-blindan-contra-el-fenomeno-okupa\/\" target=\"_blank\">otros pa\u00edses que cuentan con una legislaci\u00f3n que se ocupa de estos problemas, como por ejemplo Pa\u00edses Bajos<\/a><\/strong>, en Espa\u00f1a no tenemos leyes que resuelvan con rapidez y eficacia este tipo de cuestiones, por lo que existe <strong>cierta sensaci\u00f3n de indefensi\u00f3n por parte del propietario <\/strong>cuando tiene que hacerlas frente. <\/p>\n\n\n\n<figure class=\"wp-block-image\"><img loading=\"lazy\" width=\"650\" height=\"461\" src=\"https:\/\/www.estateone.biz\/blog\/wp-content\/uploads\/2021\/05\/01-temores.jpg\" alt=\"Los temores de alquilar una vivienda \" class=\"wp-image-32800\" srcset=\"https:\/\/www.estateone.biz\/blog\/wp-content\/uploads\/2021\/05\/01-temores.jpg 650w, https:\/\/www.estateone.biz\/blog\/wp-content\/uploads\/2021\/05\/01-temores-300x213.jpg 300w\" sizes=\"(max-width: 650px) 100vw, 650px\" \/><\/figure>\n\n\n\n<h2><strong>MEDIDAS S\u00cd, PERO CON COMPENSACIONES<\/strong><\/h2>\n\n\n\n<p>Los propietarios son conscientes de que la <strong>futura Ley de Vivienda<\/strong> (siempre en el horizonte pero a la vez siempre pendiente de un hilo, dadas las dificultades para alcanzar acuerdos que saquen la ley adelante) <strong>puede ser un punto de inflexi\u00f3n<\/strong> <strong>para el alquiler<\/strong> en Espa\u00f1a. Seg\u00fan los estudios realizados por diferentes consultoras (en total se hicieron m\u00e1s de 800 entrevistas a peque\u00f1os propietarios), <strong>seis de cada diez arrendadores muestran su inquietud ante un posible intervencionismo del Estado <\/strong>en el tema del alquiler. Un 60% de los propietarios de inmuebles que se alquilan cree que si el Estado toma cartas en el asunto a trav\u00e9s de <strong>limitaciones de precios o medidas antideshaucios, el mercado del alquiler se resentir\u00eda y la oferta de viviendas para el alquiler decrecer\u00eda<\/strong>. Ello no quiere decir que los propietarios se nieguen a asumir ning\u00fan tipo de intervencionismo por parte del Estado, pero les gustar\u00eda que <strong>si tienen que aceptar medidas tengan a cambio compensaciones<\/strong>. Casi un 70% abogar\u00eda por<strong> tener incentivos fiscales<\/strong>, un 75% apuesta tambi\u00e9n por que<strong> se acelere la expulsi\u00f3n de los inquilinos en caso de incumplimiento de contrato<\/strong> (siempre y cuando se haya dictado sentencia previamente, como es l\u00f3gico), y un 73% es partidario de <strong>poder consultar el historial de impagos del inquilino<\/strong> antes de alquilar su vivienda. <\/p>\n\n\n\n<figure class=\"wp-block-image\"><img loading=\"lazy\" width=\"650\" height=\"465\" src=\"https:\/\/www.estateone.biz\/blog\/wp-content\/uploads\/2021\/05\/02-temores.jpg\" alt=\"Los temores de alquilar una vivienda \" class=\"wp-image-32802\" srcset=\"https:\/\/www.estateone.biz\/blog\/wp-content\/uploads\/2021\/05\/02-temores.jpg 650w, https:\/\/www.estateone.biz\/blog\/wp-content\/uploads\/2021\/05\/02-temores-300x215.jpg 300w\" sizes=\"(max-width: 650px) 100vw, 650px\" \/><\/figure>\n\n\n\n<h2><strong>EL PROPIETARIO OPINA<\/strong><\/h2>\n\n\n\n<p>Resulta curioso que, seg\u00fan las entrevistas realizadas, <strong>un 62% de los propietarios admiten que los precios de los alquileres son altos o muy altos<\/strong>. De igual manera, <strong>un 78% cree que reducir el plazo de desahucio en caso de impago ayudar\u00eda a poder bajar el precio<\/strong> de los alquileres. Por otra parte, <strong>el 68% de los propietarios se muestra en contra del Decreto-ley 37\/2020<\/strong> (dicho decreto suspende el procedimiento de desahucio durante el estado de alarma), <strong>un 62% considera que el aval de dos meses que actualmente asume el inquilino es insuficiente<\/strong>, <strong>un 57% cree que no basta con actualizar anualmente el alquiler con el IPC<\/strong> y <strong>un 80% cree que ser\u00edan necesarios m\u00e1s incentivos fiscales<\/strong> para el propietario. <\/p>\n\n\n\n<p><strong>Im\u00e1genes:<\/strong> <a href=\"https:\/\/www.freepik.es\/jcomp\" target=\"_blank\" rel=\"noreferrer noopener\" aria-label=\"jcomp (abre en una nueva pesta\u00f1a)\">jcomp<\/a>  <\/p>\n","protected":false},"excerpt":{"rendered":"<p>La morosidad y los posibles desperfectos que puedan originarse en el inmueble son los principales temores los espa\u00f1oles que alquilan una vivienda. Tambi\u00e9n la okupaci\u00f3n o los l\u00edmites al precio del alquiler figuran entre las preocupaciones del arrendador espa\u00f1ol, pero son el impago por parte del inquilino y el mal uso que \u00e9ste pudiera hacer &hellip;<\/p>\n","protected":false},"author":1,"featured_media":32803,"comment_status":"open","ping_status":"open","sticky":false,"template":"","format":"standard","meta":[],"categories":[81],"tags":[21,172,600,1235],"yoast_head":"<!-- This site is optimized with the Yoast SEO plugin v19.6.1 - https:\/\/yoast.com\/wordpress\/plugins\/seo\/ -->\n<title>Los temores de alquilar una vivienda - Blog, dulce blog<\/title>\n<meta name=\"description\" content=\"La morosidad y los posibles desperfectos que puedan originarse en el inmueble son los principales temores los espa\u00f1oles que alquilan una vivienda\" \/>\n<meta name=\"robots\" content=\"index, follow, max-snippet:-1, max-image-preview:large, max-video-preview:-1\" \/>\n<link rel=\"canonical\" href=\"https:\/\/www.estateone.biz\/blog\/los-temores-de-alquilar-una-vivienda\/\" \/>\n<meta property=\"og:locale\" content=\"es_ES\" \/>\n<meta property=\"og:type\" content=\"article\" \/>\n<meta property=\"og:title\" content=\"Los temores de alquilar una vivienda - Blog, dulce blog\" \/>\n<meta property=\"og:description\" content=\"La morosidad y los posibles desperfectos que puedan originarse en el inmueble son los principales temores los espa\u00f1oles que alquilan una vivienda\" \/>\n<meta property=\"og:url\" content=\"https:\/\/www.estateone.biz\/blog\/los-temores-de-alquilar-una-vivienda\/\" \/>\n<meta property=\"og:site_name\" content=\"Blog, dulce blog\" \/>\n<meta property=\"article:published_time\" content=\"2021-05-19T08:14:10+00:00\" \/>\n<meta property=\"article:modified_time\" content=\"2021-05-19T08:14:13+00:00\" \/>\n<meta property=\"og:image\" content=\"https:\/\/www.estateone.biz\/blog\/wp-content\/uploads\/2021\/05\/00-temores.jpg\" \/>\n\t<meta property=\"og:image:width\" content=\"650\" \/>\n\t<meta property=\"og:image:height\" content=\"428\" \/>\n\t<meta property=\"og:image:type\" content=\"image\/jpeg\" \/>\n<meta name=\"author\" content=\"Estate One\" \/>\n<meta name=\"twitter:card\" content=\"summary\" \/>\n<meta name=\"twitter:label1\" content=\"Escrito por\" \/>\n\t<meta name=\"twitter:data1\" content=\"Estate One\" \/>\n\t<meta name=\"twitter:label2\" content=\"Tiempo de lectura\" \/>\n\t<meta name=\"twitter:data2\" content=\"3 minutos\" \/>\n<script type=\"application\/ld+json\" class=\"yoast-schema-graph\">{\"@context\":\"https:\/\/schema.org\",\"@graph\":[{\"@type\":\"WebPage\",\"@id\":\"https:\/\/www.estateone.biz\/blog\/los-temores-de-alquilar-una-vivienda\/\",\"url\":\"https:\/\/www.estateone.biz\/blog\/los-temores-de-alquilar-una-vivienda\/\",\"name\":\"Los temores de alquilar una vivienda - Blog, dulce blog\",\"isPartOf\":{\"@id\":\"https:\/\/www.estateone.biz\/blog\/?lang=en\/#website\"},\"datePublished\":\"2021-05-19T08:14:10+00:00\",\"dateModified\":\"2021-05-19T08:14:13+00:00\",\"author\":{\"@id\":\"https:\/\/www.estateone.biz\/blog\/?lang=en\/#\/schema\/person\/5c4d73bb88472ee2f9325e6ce4f634d7\"},\"description\":\"La morosidad y los posibles desperfectos que puedan originarse en el inmueble son los principales temores los espa\u00f1oles que alquilan una vivienda\",\"breadcrumb\":{\"@id\":\"https:\/\/www.estateone.biz\/blog\/los-temores-de-alquilar-una-vivienda\/#breadcrumb\"},\"inLanguage\":\"es\",\"potentialAction\":[{\"@type\":\"ReadAction\",\"target\":[\"https:\/\/www.estateone.biz\/blog\/los-temores-de-alquilar-una-vivienda\/\"]}]},{\"@type\":\"BreadcrumbList\",\"@id\":\"https:\/\/www.estateone.biz\/blog\/los-temores-de-alquilar-una-vivienda\/#breadcrumb\",\"itemListElement\":[{\"@type\":\"ListItem\",\"position\":1,\"name\":\"Portada\",\"item\":\"https:\/\/www.estateone.biz\/blog\/?lang=en\/\"},{\"@type\":\"ListItem\",\"position\":2,\"name\":\"Los temores de alquilar una vivienda\"}]},{\"@type\":\"WebSite\",\"@id\":\"https:\/\/www.estateone.biz\/blog\/?lang=en\/#website\",\"url\":\"https:\/\/www.estateone.biz\/blog\/?lang=en\/\",\"name\":\"Blog, dulce blog\",\"description\":\"El blog inmobiliario de Estate One\",\"potentialAction\":[{\"@type\":\"SearchAction\",\"target\":{\"@type\":\"EntryPoint\",\"urlTemplate\":\"https:\/\/www.estateone.biz\/blog\/?lang=en\/?s={search_term_string}\"},\"query-input\":\"required name=search_term_string\"}],\"inLanguage\":\"es\"},{\"@type\":\"Person\",\"@id\":\"https:\/\/www.estateone.biz\/blog\/?lang=en\/#\/schema\/person\/5c4d73bb88472ee2f9325e6ce4f634d7\",\"name\":\"Estate One\",\"image\":{\"@type\":\"ImageObject\",\"inLanguage\":\"es\",\"@id\":\"https:\/\/www.estateone.biz\/blog\/?lang=en\/#\/schema\/person\/image\/\",\"url\":\"https:\/\/secure.gravatar.com\/avatar\/b36ec0d2dc5448ccdc0852ddf52cf7a4?s=96&d=identicon&r=g\",\"contentUrl\":\"https:\/\/secure.gravatar.com\/avatar\/b36ec0d2dc5448ccdc0852ddf52cf7a4?s=96&d=identicon&r=g\",\"caption\":\"Estate One\"},\"description\":\"Estate One somos una compa\u00f1\u00eda con un amplio conocimiento del mercado inmobiliario en Espa\u00f1a y una s\u00f3lida experiencia en prestigiosas empresas del sector.\",\"sameAs\":[\"http:\/\/estateone.biz\/\"],\"url\":\"https:\/\/www.estateone.biz\/blog\/author\/wpluzti\/\"}]}<\/script>\n<!-- \/ Yoast SEO plugin. -->","yoast_head_json":{"title":"Los temores de alquilar una vivienda - Blog, dulce blog","description":"La morosidad y los posibles desperfectos que puedan originarse en el inmueble son los principales temores los espa\u00f1oles que alquilan una vivienda","robots":{"index":"index","follow":"follow","max-snippet":"max-snippet:-1","max-image-preview":"max-image-preview:large","max-video-preview":"max-video-preview:-1"},"canonical":"https:\/\/www.estateone.biz\/blog\/los-temores-de-alquilar-una-vivienda\/","og_locale":"es_ES","og_type":"article","og_title":"Los temores de alquilar una vivienda - Blog, dulce blog","og_description":"La morosidad y los posibles desperfectos que puedan originarse en el inmueble son los principales temores los espa\u00f1oles que alquilan una vivienda","og_url":"https:\/\/www.estateone.biz\/blog\/los-temores-de-alquilar-una-vivienda\/","og_site_name":"Blog, dulce blog","article_published_time":"2021-05-19T08:14:10+00:00","article_modified_time":"2021-05-19T08:14:13+00:00","og_image":[{"width":650,"height":428,"url":"https:\/\/www.estateone.biz\/blog\/wp-content\/uploads\/2021\/05\/00-temores.jpg","type":"image\/jpeg"}],"author":"Estate One","twitter_card":"summary","twitter_misc":{"Escrito por":"Estate One","Tiempo de lectura":"3 minutos"},"schema":{"@context":"https:\/\/schema.org","@graph":[{"@type":"WebPage","@id":"https:\/\/www.estateone.biz\/blog\/los-temores-de-alquilar-una-vivienda\/","url":"https:\/\/www.estateone.biz\/blog\/los-temores-de-alquilar-una-vivienda\/","name":"Los temores de alquilar una vivienda - Blog, dulce blog","isPartOf":{"@id":"https:\/\/www.estateone.biz\/blog\/?lang=en\/#website"},"datePublished":"2021-05-19T08:14:10+00:00","dateModified":"2021-05-19T08:14:13+00:00","author":{"@id":"https:\/\/www.estateone.biz\/blog\/?lang=en\/#\/schema\/person\/5c4d73bb88472ee2f9325e6ce4f634d7"},"description":"La morosidad y los posibles desperfectos que puedan originarse en el inmueble son los principales temores los espa\u00f1oles que alquilan una vivienda","breadcrumb":{"@id":"https:\/\/www.estateone.biz\/blog\/los-temores-de-alquilar-una-vivienda\/#breadcrumb"},"inLanguage":"es","potentialAction":[{"@type":"ReadAction","target":["https:\/\/www.estateone.biz\/blog\/los-temores-de-alquilar-una-vivienda\/"]}]},{"@type":"BreadcrumbList","@id":"https:\/\/www.estateone.biz\/blog\/los-temores-de-alquilar-una-vivienda\/#breadcrumb","itemListElement":[{"@type":"ListItem","position":1,"name":"Portada","item":"https:\/\/www.estateone.biz\/blog\/?lang=en\/"},{"@type":"ListItem","position":2,"name":"Los temores de alquilar una vivienda"}]},{"@type":"WebSite","@id":"https:\/\/www.estateone.biz\/blog\/?lang=en\/#website","url":"https:\/\/www.estateone.biz\/blog\/?lang=en\/","name":"Blog, dulce blog","description":"El blog inmobiliario de Estate One","potentialAction":[{"@type":"SearchAction","target":{"@type":"EntryPoint","urlTemplate":"https:\/\/www.estateone.biz\/blog\/?lang=en\/?s={search_term_string}"},"query-input":"required name=search_term_string"}],"inLanguage":"es"},{"@type":"Person","@id":"https:\/\/www.estateone.biz\/blog\/?lang=en\/#\/schema\/person\/5c4d73bb88472ee2f9325e6ce4f634d7","name":"Estate One","image":{"@type":"ImageObject","inLanguage":"es","@id":"https:\/\/www.estateone.biz\/blog\/?lang=en\/#\/schema\/person\/image\/","url":"https:\/\/secure.gravatar.com\/avatar\/b36ec0d2dc5448ccdc0852ddf52cf7a4?s=96&d=identicon&r=g","contentUrl":"https:\/\/secure.gravatar.com\/avatar\/b36ec0d2dc5448ccdc0852ddf52cf7a4?s=96&d=identicon&r=g","caption":"Estate One"},"description":"Estate One somos una compa\u00f1\u00eda con un amplio conocimiento del mercado inmobiliario en Espa\u00f1a y una s\u00f3lida experiencia en prestigiosas empresas del sector.","sameAs":["http:\/\/estateone.biz\/"],"url":"https:\/\/www.estateone.biz\/blog\/author\/wpluzti\/"}]}},"_links":{"self":[{"href":"https:\/\/www.estateone.biz\/blog\/wp-json\/wp\/v2\/posts\/32799"}],"collection":[{"href":"https:\/\/www.estateone.biz\/blog\/wp-json\/wp\/v2\/posts"}],"about":[{"href":"https:\/\/www.estateone.biz\/blog\/wp-json\/wp\/v2\/types\/post"}],"author":[{"embeddable":true,"href":"https:\/\/www.estateone.biz\/blog\/wp-json\/wp\/v2\/users\/1"}],"replies":[{"embeddable":true,"href":"https:\/\/www.estateone.biz\/blog\/wp-json\/wp\/v2\/comments?post=32799"}],"version-history":[{"count":1,"href":"https:\/\/www.estateone.biz\/blog\/wp-json\/wp\/v2\/posts\/32799\/revisions"}],"predecessor-version":[{"id":32804,"href":"https:\/\/www.estateone.biz\/blog\/wp-json\/wp\/v2\/posts\/32799\/revisions\/32804"}],"wp:featuredmedia":[{"embeddable":true,"href":"https:\/\/www.estateone.biz\/blog\/wp-json\/wp\/v2\/media\/32803"}],"wp:attachment":[{"href":"https:\/\/www.estateone.biz\/blog\/wp-json\/wp\/v2\/media?parent=32799"}],"wp:term":[{"taxonomy":"category","embeddable":true,"href":"https:\/\/www.estateone.biz\/blog\/wp-json\/wp\/v2\/categories?post=32799"},{"taxonomy":"post_tag","embeddable":true,"href":"https:\/\/www.estateone.biz\/blog\/wp-json\/wp\/v2\/tags?post=32799"}],"curies":[{"name":"wp","href":"https:\/\/api.w.org\/{rel}","templated":true}]}}