{"id":32837,"date":"2021-06-09T08:20:17","date_gmt":"2021-06-09T07:20:17","guid":{"rendered":"https:\/\/www.estateone.biz\/blog\/?p=32837"},"modified":"2021-06-09T08:43:36","modified_gmt":"2021-06-09T07:43:36","slug":"el-sector-inmobiliario-empieza-a-reponerse-del-covid","status":"publish","type":"post","link":"https:\/\/www.estateone.biz\/blog\/el-sector-inmobiliario-empieza-a-reponerse-del-covid\/","title":{"rendered":"El sector inmobiliario empieza a reponerse del COVID"},"content":{"rendered":"\n<p>Aunque todav\u00eda queda mucho camino hasta que superemos por completo la pandemia podemos decir que <strong>el sector inmobiliario empieza a reponerse del COVID<\/strong>. Cuando se desat\u00f3 esta crisis sanitaria sin precedentes, el sector inmobiliario espa\u00f1ol vio c\u00f3mo su actividad pr\u00e1cticamente se paralizaba, pero poco a poco <strong>ha conseguido reactivarse mejorando sus cifras mes a mes<\/strong>. Esto no quiere decir, ni mucho menos, que la situaci\u00f3n se haya superado, pero al menos s\u00ed que podemos ser optimistas de cara al futuro, aunque siempre con precauci\u00f3n. Hace poco analiz\u00e1bamos en este blog <strong><a rel=\"noreferrer noopener\" aria-label=\"las dificultades que tienen los j\u00f3venes para emanciparse desde la aparici\u00f3n del COVID-19 (abre en una nueva pesta\u00f1a)\" href=\"https:\/\/www.estateone.biz\/blog\/el-covid-19-otro-escollo-para-los-jovenes\/\" target=\"_blank\">las dificultades que tienen los j\u00f3venes para emanciparse desde la aparici\u00f3n del COVID-19<\/a><\/strong>; si antes acceder a una vivienda ya resultaba dif\u00edcil para ellos, el coronavirus ha supuesto un nuevo obst\u00e1culo al que enfrentarse. En el segundo trimestre de 2020, el m\u00e1s negro para el sector inmobiliario desde que irrumpi\u00f3 la crisis sanitaria, la inversi\u00f3n se redujo por encima de un 80% y las previsiones de entonces no eran nada halag\u00fce\u00f1as. Por suerte, <strong>el sistema inmobiliario espa\u00f1ol confirm\u00f3 su solidez<\/strong>, y a pesar de la crisis se han ido superando las dificultades. <strong><a rel=\"noreferrer noopener\" aria-label=\"La semana pasada coment\u00e1bamos los buenos datos del Instituto Nacional de Estad\u00edstica sobre la compraventa de vivienda en el pasado mes de marzo (abre en una nueva pesta\u00f1a)\" href=\"https:\/\/www.estateone.biz\/blog\/la-compra-de-vivienda-despega\/\" target=\"_blank\">La semana pasada coment\u00e1bamos los buenos datos del Instituto Nacional de Estad\u00edstica sobre la compraventa de vivienda en el pasado mes de marzo<\/a><\/strong>, y antes, <strong>en los meses de noviembre y diciembre de 2020 los datos de compraventa de vivienda en Espa\u00f1a se midieron en positivo<\/strong> despu\u00e9s de varios meses cayendo. Si las transacciones se siguen produciendo, se espera que a finales de este a\u00f1o podamos alcanzar los n\u00fameros de enero de 2020, justo antes de que la crisis sanitaria paralizara por completo el sector.<\/p>\n\n\n\n<figure class=\"wp-block-image\"><img loading=\"lazy\" width=\"650\" height=\"465\" src=\"https:\/\/www.estateone.biz\/blog\/wp-content\/uploads\/2021\/06\/01-saliendo.jpg\" alt=\"\" class=\"wp-image-32838\" srcset=\"https:\/\/www.estateone.biz\/blog\/wp-content\/uploads\/2021\/06\/01-saliendo.jpg 650w, https:\/\/www.estateone.biz\/blog\/wp-content\/uploads\/2021\/06\/01-saliendo-300x215.jpg 300w\" sizes=\"(max-width: 650px) 100vw, 650px\" \/><\/figure>\n\n\n\n<h2><strong>LA VACUNACI\u00d3N: UN FACTOR CLAVE<\/strong><\/h2>\n\n\n\n<p>Todos los expertos coinciden en afirmar que <strong>la recuperaci\u00f3n definitiva se alcanzar\u00e1 cuando la vacunaci\u00f3n de la mayor parte de la poblaci\u00f3n se haya producido<\/strong>. Aunque las transacciones de inmuebles se siguen realizando<strong>, el inversor de vivienda actual se plantea si es buen momento para comprar<\/strong>, pues la situaci\u00f3n sanitaria sigue creando incertidumbre respecto a c\u00f3mo evolucionar\u00e1n los precios. En este aspecto, <strong>los expertos son claros al afirmar que no deber\u00edan esperarse ajustes de precios significativos<\/strong>, pues entienden que la reducci\u00f3n de precios ya se ha producido. Se consideran optimistas de cara al futuro, y plantean que <strong>en 2022 el mercado inmobiliario podr\u00eda igualar las cifras de principios de 2020<\/strong>, justo antes de que llegara la pandemia. En este sentido, la econom\u00eda jugar\u00e1 un papel clave, y <strong>si en la segunda mitad de 2021 se produce una recuperaci\u00f3n econ\u00f3mica<\/strong>, como muchos analistas apuntan, <strong>el sector inmobiliario mejorar\u00e1 todav\u00eda m\u00e1s sus datos<\/strong>. Si consigui\u00e9ramos <strong>igualar los datos de 2020 en cuanto a compraventa de viviendas<\/strong> significar\u00eda que nos encontramos en un escenario evidente de recuperaci\u00f3n: ese deber\u00eda ser el objetivo.<\/p>\n\n\n\n<figure class=\"wp-block-image\"><img loading=\"lazy\" width=\"650\" height=\"397\" src=\"https:\/\/www.estateone.biz\/blog\/wp-content\/uploads\/2021\/06\/02-saliendo.jpg\" alt=\"El sector inmobiliario empieza a reponerse del COVID\" class=\"wp-image-32839\" srcset=\"https:\/\/www.estateone.biz\/blog\/wp-content\/uploads\/2021\/06\/02-saliendo.jpg 650w, https:\/\/www.estateone.biz\/blog\/wp-content\/uploads\/2021\/06\/02-saliendo-300x183.jpg 300w\" sizes=\"(max-width: 650px) 100vw, 650px\" \/><\/figure>\n\n\n\n<h2><strong>FACILITAR EL ACCESO A LA VIVIENDA<\/strong><\/h2>\n\n\n\n<p>Otro de los objetivos que los propietarios tienen en su agenda es <strong>facilitar el acceso a la vivienda<\/strong>. Para ello <strong>ser\u00e1 fundamental<\/strong> <strong>la colaboraci\u00f3n entre el \u00e1mbito p\u00fablico y el privado<\/strong>, como as\u00ed demandan desde hace tiempo los promotores. Impulsar <strong>ayudas desde el ejecutivo que faciliten el acceso a la vivienda<\/strong> a los sectores de la poblaci\u00f3n m\u00e1s vulnerables (entre ellos, los j\u00f3venes), ser\u00eda una opci\u00f3n que los propietarios ver\u00edan con muy buenos ojos, pero para que eso ocurra es imprescindible que <strong>el sector p\u00fablico y el privado se entiendan y alcancen acuerdos<\/strong>. Los propietarios est\u00e1n convencidos de que esto dinamizar\u00eda el mercado. Esperemos que dichos acuerdos finalmente lleguen y el acceso a la vivienda para la poblaci\u00f3n m\u00e1s vulnerable sea pronto una realidad.<\/p>\n\n\n\n<p><strong>Im\u00e1genes:<\/strong> <a href=\"https:\/\/www.freepik.es\/\" target=\"_blank\" rel=\"noreferrer noopener\" aria-label=\"freepik (abre en una nueva pesta\u00f1a)\">freepik<\/a>  <\/p>\n","protected":false},"excerpt":{"rendered":"<p>Aunque todav\u00eda queda mucho camino hasta que superemos por completo la pandemia podemos decir que el sector inmobiliario empieza a reponerse del COVID. Cuando se desat\u00f3 esta crisis sanitaria sin precedentes, el sector inmobiliario espa\u00f1ol vio c\u00f3mo su actividad pr\u00e1cticamente se paralizaba, pero poco a poco ha conseguido reactivarse mejorando sus cifras mes a mes. &hellip;<\/p>\n","protected":false},"author":1,"featured_media":32840,"comment_status":"open","ping_status":"open","sticky":false,"template":"","format":"standard","meta":[],"categories":[66],"tags":[74,1023,1250],"yoast_head":"<!-- This site is optimized with the Yoast SEO plugin v19.6.1 - https:\/\/yoast.com\/wordpress\/plugins\/seo\/ -->\n<title>El sector inmobiliario empieza a reponerse del COVID - Blog, dulce blog<\/title>\n<meta name=\"description\" content=\"Aunque todav\u00eda queda mucho camino hasta que superemos por completo la pandemia podemos decir que el sector inmobiliario empieza a reponerse del COVID\" \/>\n<meta name=\"robots\" content=\"index, follow, max-snippet:-1, max-image-preview:large, max-video-preview:-1\" \/>\n<link rel=\"canonical\" href=\"https:\/\/www.estateone.biz\/blog\/el-sector-inmobiliario-empieza-a-reponerse-del-covid\/\" \/>\n<meta property=\"og:locale\" content=\"es_ES\" \/>\n<meta property=\"og:type\" content=\"article\" \/>\n<meta property=\"og:title\" content=\"El sector inmobiliario empieza a reponerse del COVID - Blog, dulce blog\" \/>\n<meta property=\"og:description\" content=\"Aunque todav\u00eda queda mucho camino hasta que superemos por completo la pandemia podemos decir que el sector inmobiliario empieza a reponerse del COVID\" \/>\n<meta property=\"og:url\" content=\"https:\/\/www.estateone.biz\/blog\/el-sector-inmobiliario-empieza-a-reponerse-del-covid\/\" \/>\n<meta property=\"og:site_name\" content=\"Blog, dulce blog\" \/>\n<meta property=\"article:published_time\" content=\"2021-06-09T07:20:17+00:00\" \/>\n<meta property=\"article:modified_time\" content=\"2021-06-09T07:43:36+00:00\" \/>\n<meta property=\"og:image\" content=\"https:\/\/www.estateone.biz\/blog\/wp-content\/uploads\/2021\/06\/00-saliendo.jpg\" \/>\n\t<meta property=\"og:image:width\" content=\"650\" \/>\n\t<meta property=\"og:image:height\" content=\"383\" \/>\n\t<meta property=\"og:image:type\" content=\"image\/jpeg\" \/>\n<meta name=\"author\" content=\"Estate One\" \/>\n<meta name=\"twitter:card\" content=\"summary\" \/>\n<meta name=\"twitter:label1\" content=\"Escrito por\" \/>\n\t<meta name=\"twitter:data1\" content=\"Estate One\" \/>\n\t<meta name=\"twitter:label2\" content=\"Tiempo de lectura\" \/>\n\t<meta name=\"twitter:data2\" content=\"3 minutos\" \/>\n<script type=\"application\/ld+json\" class=\"yoast-schema-graph\">{\"@context\":\"https:\/\/schema.org\",\"@graph\":[{\"@type\":\"WebPage\",\"@id\":\"https:\/\/www.estateone.biz\/blog\/el-sector-inmobiliario-empieza-a-reponerse-del-covid\/\",\"url\":\"https:\/\/www.estateone.biz\/blog\/el-sector-inmobiliario-empieza-a-reponerse-del-covid\/\",\"name\":\"El sector inmobiliario empieza a reponerse del COVID - Blog, dulce blog\",\"isPartOf\":{\"@id\":\"https:\/\/www.estateone.biz\/blog\/?lang=en\/#website\"},\"datePublished\":\"2021-06-09T07:20:17+00:00\",\"dateModified\":\"2021-06-09T07:43:36+00:00\",\"author\":{\"@id\":\"https:\/\/www.estateone.biz\/blog\/?lang=en\/#\/schema\/person\/5c4d73bb88472ee2f9325e6ce4f634d7\"},\"description\":\"Aunque todav\u00eda queda mucho camino hasta que superemos por completo la pandemia podemos decir que el sector inmobiliario empieza a reponerse del COVID\",\"breadcrumb\":{\"@id\":\"https:\/\/www.estateone.biz\/blog\/el-sector-inmobiliario-empieza-a-reponerse-del-covid\/#breadcrumb\"},\"inLanguage\":\"es\",\"potentialAction\":[{\"@type\":\"ReadAction\",\"target\":[\"https:\/\/www.estateone.biz\/blog\/el-sector-inmobiliario-empieza-a-reponerse-del-covid\/\"]}]},{\"@type\":\"BreadcrumbList\",\"@id\":\"https:\/\/www.estateone.biz\/blog\/el-sector-inmobiliario-empieza-a-reponerse-del-covid\/#breadcrumb\",\"itemListElement\":[{\"@type\":\"ListItem\",\"position\":1,\"name\":\"Portada\",\"item\":\"https:\/\/www.estateone.biz\/blog\/?lang=en\/\"},{\"@type\":\"ListItem\",\"position\":2,\"name\":\"El sector inmobiliario empieza a reponerse del COVID\"}]},{\"@type\":\"WebSite\",\"@id\":\"https:\/\/www.estateone.biz\/blog\/?lang=en\/#website\",\"url\":\"https:\/\/www.estateone.biz\/blog\/?lang=en\/\",\"name\":\"Blog, dulce blog\",\"description\":\"El blog inmobiliario de Estate One\",\"potentialAction\":[{\"@type\":\"SearchAction\",\"target\":{\"@type\":\"EntryPoint\",\"urlTemplate\":\"https:\/\/www.estateone.biz\/blog\/?lang=en\/?s={search_term_string}\"},\"query-input\":\"required name=search_term_string\"}],\"inLanguage\":\"es\"},{\"@type\":\"Person\",\"@id\":\"https:\/\/www.estateone.biz\/blog\/?lang=en\/#\/schema\/person\/5c4d73bb88472ee2f9325e6ce4f634d7\",\"name\":\"Estate One\",\"image\":{\"@type\":\"ImageObject\",\"inLanguage\":\"es\",\"@id\":\"https:\/\/www.estateone.biz\/blog\/?lang=en\/#\/schema\/person\/image\/\",\"url\":\"https:\/\/secure.gravatar.com\/avatar\/b36ec0d2dc5448ccdc0852ddf52cf7a4?s=96&d=identicon&r=g\",\"contentUrl\":\"https:\/\/secure.gravatar.com\/avatar\/b36ec0d2dc5448ccdc0852ddf52cf7a4?s=96&d=identicon&r=g\",\"caption\":\"Estate One\"},\"description\":\"Estate One somos una compa\u00f1\u00eda con un amplio conocimiento del mercado inmobiliario en Espa\u00f1a y una s\u00f3lida experiencia en prestigiosas empresas del sector.\",\"sameAs\":[\"http:\/\/estateone.biz\/\"],\"url\":\"https:\/\/www.estateone.biz\/blog\/author\/wpluzti\/\"}]}<\/script>\n<!-- \/ Yoast SEO plugin. -->","yoast_head_json":{"title":"El sector inmobiliario empieza a reponerse del COVID - Blog, dulce blog","description":"Aunque todav\u00eda queda mucho camino hasta que superemos por completo la pandemia podemos decir que el sector inmobiliario empieza a reponerse del COVID","robots":{"index":"index","follow":"follow","max-snippet":"max-snippet:-1","max-image-preview":"max-image-preview:large","max-video-preview":"max-video-preview:-1"},"canonical":"https:\/\/www.estateone.biz\/blog\/el-sector-inmobiliario-empieza-a-reponerse-del-covid\/","og_locale":"es_ES","og_type":"article","og_title":"El sector inmobiliario empieza a reponerse del COVID - Blog, dulce blog","og_description":"Aunque todav\u00eda queda mucho camino hasta que superemos por completo la pandemia podemos decir que el sector inmobiliario empieza a reponerse del COVID","og_url":"https:\/\/www.estateone.biz\/blog\/el-sector-inmobiliario-empieza-a-reponerse-del-covid\/","og_site_name":"Blog, dulce blog","article_published_time":"2021-06-09T07:20:17+00:00","article_modified_time":"2021-06-09T07:43:36+00:00","og_image":[{"width":650,"height":383,"url":"https:\/\/www.estateone.biz\/blog\/wp-content\/uploads\/2021\/06\/00-saliendo.jpg","type":"image\/jpeg"}],"author":"Estate One","twitter_card":"summary","twitter_misc":{"Escrito por":"Estate One","Tiempo de lectura":"3 minutos"},"schema":{"@context":"https:\/\/schema.org","@graph":[{"@type":"WebPage","@id":"https:\/\/www.estateone.biz\/blog\/el-sector-inmobiliario-empieza-a-reponerse-del-covid\/","url":"https:\/\/www.estateone.biz\/blog\/el-sector-inmobiliario-empieza-a-reponerse-del-covid\/","name":"El sector inmobiliario empieza a reponerse del COVID - Blog, dulce blog","isPartOf":{"@id":"https:\/\/www.estateone.biz\/blog\/?lang=en\/#website"},"datePublished":"2021-06-09T07:20:17+00:00","dateModified":"2021-06-09T07:43:36+00:00","author":{"@id":"https:\/\/www.estateone.biz\/blog\/?lang=en\/#\/schema\/person\/5c4d73bb88472ee2f9325e6ce4f634d7"},"description":"Aunque todav\u00eda queda mucho camino hasta que superemos por completo la pandemia podemos decir que el sector inmobiliario empieza a reponerse del COVID","breadcrumb":{"@id":"https:\/\/www.estateone.biz\/blog\/el-sector-inmobiliario-empieza-a-reponerse-del-covid\/#breadcrumb"},"inLanguage":"es","potentialAction":[{"@type":"ReadAction","target":["https:\/\/www.estateone.biz\/blog\/el-sector-inmobiliario-empieza-a-reponerse-del-covid\/"]}]},{"@type":"BreadcrumbList","@id":"https:\/\/www.estateone.biz\/blog\/el-sector-inmobiliario-empieza-a-reponerse-del-covid\/#breadcrumb","itemListElement":[{"@type":"ListItem","position":1,"name":"Portada","item":"https:\/\/www.estateone.biz\/blog\/?lang=en\/"},{"@type":"ListItem","position":2,"name":"El sector inmobiliario empieza a reponerse del COVID"}]},{"@type":"WebSite","@id":"https:\/\/www.estateone.biz\/blog\/?lang=en\/#website","url":"https:\/\/www.estateone.biz\/blog\/?lang=en\/","name":"Blog, dulce blog","description":"El blog inmobiliario de Estate One","potentialAction":[{"@type":"SearchAction","target":{"@type":"EntryPoint","urlTemplate":"https:\/\/www.estateone.biz\/blog\/?lang=en\/?s={search_term_string}"},"query-input":"required name=search_term_string"}],"inLanguage":"es"},{"@type":"Person","@id":"https:\/\/www.estateone.biz\/blog\/?lang=en\/#\/schema\/person\/5c4d73bb88472ee2f9325e6ce4f634d7","name":"Estate One","image":{"@type":"ImageObject","inLanguage":"es","@id":"https:\/\/www.estateone.biz\/blog\/?lang=en\/#\/schema\/person\/image\/","url":"https:\/\/secure.gravatar.com\/avatar\/b36ec0d2dc5448ccdc0852ddf52cf7a4?s=96&d=identicon&r=g","contentUrl":"https:\/\/secure.gravatar.com\/avatar\/b36ec0d2dc5448ccdc0852ddf52cf7a4?s=96&d=identicon&r=g","caption":"Estate One"},"description":"Estate One somos una compa\u00f1\u00eda con un amplio conocimiento del mercado inmobiliario en Espa\u00f1a y una s\u00f3lida experiencia en prestigiosas empresas del sector.","sameAs":["http:\/\/estateone.biz\/"],"url":"https:\/\/www.estateone.biz\/blog\/author\/wpluzti\/"}]}},"_links":{"self":[{"href":"https:\/\/www.estateone.biz\/blog\/wp-json\/wp\/v2\/posts\/32837"}],"collection":[{"href":"https:\/\/www.estateone.biz\/blog\/wp-json\/wp\/v2\/posts"}],"about":[{"href":"https:\/\/www.estateone.biz\/blog\/wp-json\/wp\/v2\/types\/post"}],"author":[{"embeddable":true,"href":"https:\/\/www.estateone.biz\/blog\/wp-json\/wp\/v2\/users\/1"}],"replies":[{"embeddable":true,"href":"https:\/\/www.estateone.biz\/blog\/wp-json\/wp\/v2\/comments?post=32837"}],"version-history":[{"count":2,"href":"https:\/\/www.estateone.biz\/blog\/wp-json\/wp\/v2\/posts\/32837\/revisions"}],"predecessor-version":[{"id":32848,"href":"https:\/\/www.estateone.biz\/blog\/wp-json\/wp\/v2\/posts\/32837\/revisions\/32848"}],"wp:featuredmedia":[{"embeddable":true,"href":"https:\/\/www.estateone.biz\/blog\/wp-json\/wp\/v2\/media\/32840"}],"wp:attachment":[{"href":"https:\/\/www.estateone.biz\/blog\/wp-json\/wp\/v2\/media?parent=32837"}],"wp:term":[{"taxonomy":"category","embeddable":true,"href":"https:\/\/www.estateone.biz\/blog\/wp-json\/wp\/v2\/categories?post=32837"},{"taxonomy":"post_tag","embeddable":true,"href":"https:\/\/www.estateone.biz\/blog\/wp-json\/wp\/v2\/tags?post=32837"}],"curies":[{"name":"wp","href":"https:\/\/api.w.org\/{rel}","templated":true}]}}