{"id":32949,"date":"2021-07-28T08:16:14","date_gmt":"2021-07-28T07:16:14","guid":{"rendered":"https:\/\/www.estateone.biz\/blog\/?p=32949"},"modified":"2021-07-28T10:28:40","modified_gmt":"2021-07-28T09:28:40","slug":"anos-20-madrid-hace-un-siglo","status":"publish","type":"post","link":"https:\/\/www.estateone.biz\/blog\/anos-20-madrid-hace-un-siglo\/","title":{"rendered":"A\u00f1os 20: Madrid hace un siglo"},"content":{"rendered":"\n<p>Los <strong>a\u00f1os 20<\/strong> fueron una \u00e9poca en la que los madrile\u00f1os intentaban dejar atr\u00e1s la Primera Guerra Mundial <strong>mirando al futuro con esperanza<\/strong>. Aquellos d\u00edas circulaban por la capital <strong>unos 8.000 autom\u00f3viles y cientos de tranv\u00edas<\/strong>, y Madrid contaba con <strong>800.000 habitantes<\/strong>. <\/p>\n\n\n\n<figure class=\"wp-block-image\"><img loading=\"lazy\" width=\"633\" height=\"1024\" src=\"https:\/\/www.estateone.biz\/blog\/wp-content\/uploads\/2021\/07\/01-madrid20-633x1024.jpg\" alt=\"A\u00f1os 20: Madrid hace un siglo\" class=\"wp-image-32950\" srcset=\"https:\/\/www.estateone.biz\/blog\/wp-content\/uploads\/2021\/07\/01-madrid20-633x1024.jpg 633w, https:\/\/www.estateone.biz\/blog\/wp-content\/uploads\/2021\/07\/01-madrid20-185x300.jpg 185w, https:\/\/www.estateone.biz\/blog\/wp-content\/uploads\/2021\/07\/01-madrid20.jpg 650w\" sizes=\"(max-width: 633px) 100vw, 633px\" \/><\/figure>\n\n\n\n<p>Hab\u00eda que<strong> olvidar el horror de la guerra <\/strong>y centrarse en el <strong>desarrollo cient\u00edfico y tecnol\u00f3gico<\/strong> <strong>para empezar a vivir tiempos mejores<\/strong>. El ocio se valor\u00f3 m\u00e1s que nunca; a ello contribuyeron los <strong>teatros, cines y caf\u00e9s madrile\u00f1os<\/strong>, algunos de ellos abiertos al p\u00fablico las 24 horas. Y es que la poblaci\u00f3n buscaba divertirse para recuperar ese tiempo perdido que la guerra le hab\u00eda arrebatado. Fue una <strong>\u00e9poca de relativa prosperidad que se dio en llamar los felices a\u00f1os 20<\/strong>, pues correspondi\u00f3 con <strong>un periodo m\u00e1s o menos tranquilo y optimista <\/strong>donde se pudo disfrutar de cierta bonanza y bienestar. <\/p>\n\n\n\n<figure class=\"wp-block-image\"><img loading=\"lazy\" width=\"650\" height=\"447\" src=\"https:\/\/www.estateone.biz\/blog\/wp-content\/uploads\/2021\/07\/02-madrid20.jpg\" alt=\"A\u00f1os 20: Madrid hace un siglo\" class=\"wp-image-32951\" srcset=\"https:\/\/www.estateone.biz\/blog\/wp-content\/uploads\/2021\/07\/02-madrid20.jpg 650w, https:\/\/www.estateone.biz\/blog\/wp-content\/uploads\/2021\/07\/02-madrid20-300x206.jpg 300w\" sizes=\"(max-width: 650px) 100vw, 650px\" \/><\/figure>\n\n\n\n<p>Se respiraba una ilusi\u00f3n y un vitalismo desbordante: la intensidad con la que se quer\u00eda <strong>pasar p\u00e1gina para vivir una nueva \u00e9poca <\/strong>desemboc\u00f3 en <strong>fiestas que agitaban la ciudad con j\u00fabilo y entusiasmo<\/strong>. \u00bfC\u00f3mo era <strong>Madrid en 1920<\/strong>? Gracias a estas valiosas fotograf\u00edas que hoy compartimos podemos hacernos una idea de <strong>aquel Madrid, que dista justo un siglo del Madrid en el que hoy vivimos<\/strong>. \u00bfCu\u00e1nto han cambiado las cosas en cien a\u00f1os? Te invitamos a <strong>recorrer el Madrid de los a\u00f1os 20 <\/strong>en <a rel=\"noreferrer noopener\" aria-label=\"nuestra secci\u00f3n Un Paseo por el Pasado, que hab\u00edamos dejado visitando el Paseo de Recoletos (abre en una nueva pesta\u00f1a)\" href=\"https:\/\/www.estateone.biz\/blog\/el-paseo-de-recoletos-en-blanco-y-negro\/\" target=\"_blank\">nuestra secci\u00f3n <\/a><strong><a rel=\"noreferrer noopener\" aria-label=\"nuestra secci\u00f3n Un Paseo por el Pasado, que hab\u00edamos dejado visitando el Paseo de Recoletos (abre en una nueva pesta\u00f1a)\" href=\"https:\/\/www.estateone.biz\/blog\/el-paseo-de-recoletos-en-blanco-y-negro\/\" target=\"_blank\">Un Paseo por el<\/a><\/strong><a rel=\"noreferrer noopener\" aria-label=\"nuestra secci\u00f3n Un Paseo por el Pasado, que hab\u00edamos dejado visitando el Paseo de Recoletos (abre en una nueva pesta\u00f1a)\" href=\"https:\/\/www.estateone.biz\/blog\/el-paseo-de-recoletos-en-blanco-y-negro\/\" target=\"_blank\"> <\/a><strong><a rel=\"noreferrer noopener\" aria-label=\"nuestra secci\u00f3n Un Paseo por el Pasado, que hab\u00edamos dejado visitando el Paseo de Recoletos (abre en una nueva pesta\u00f1a)\" href=\"https:\/\/www.estateone.biz\/blog\/el-paseo-de-recoletos-en-blanco-y-negro\/\" target=\"_blank\">Pasado<\/a><\/strong><a rel=\"noreferrer noopener\" aria-label=\"nuestra secci\u00f3n Un Paseo por el Pasado, que hab\u00edamos dejado visitando el Paseo de Recoletos (abre en una nueva pesta\u00f1a)\" href=\"https:\/\/www.estateone.biz\/blog\/el-paseo-de-recoletos-en-blanco-y-negro\/\" target=\"_blank\">, que hab\u00edamos dejado <\/a><strong><a rel=\"noreferrer noopener\" aria-label=\"nuestra secci\u00f3n Un Paseo por el Pasado, que hab\u00edamos dejado visitando el Paseo de Recoletos (abre en una nueva pesta\u00f1a)\" href=\"https:\/\/www.estateone.biz\/blog\/el-paseo-de-recoletos-en-blanco-y-negro\/\" target=\"_blank\">visitando el Paseo de Recoletos<\/a><\/strong>. \u00bfNos acompa\u00f1as en este viaje en el tiempo?<\/p>\n\n\n\n<figure class=\"wp-block-image\"><img loading=\"lazy\" width=\"650\" height=\"449\" src=\"https:\/\/www.estateone.biz\/blog\/wp-content\/uploads\/2021\/07\/03-madrid20.jpg\" alt=\"A\u00f1os 20: Madrid hace un siglo\" class=\"wp-image-32952\" srcset=\"https:\/\/www.estateone.biz\/blog\/wp-content\/uploads\/2021\/07\/03-madrid20.jpg 650w, https:\/\/www.estateone.biz\/blog\/wp-content\/uploads\/2021\/07\/03-madrid20-300x207.jpg 300w\" sizes=\"(max-width: 650px) 100vw, 650px\" \/><\/figure>\n\n\n\n<h2><strong>UN MADRID QUE CORTABA EL ALIENTO<\/strong><\/h2>\n\n\n\n<p><strong>En 1920 hac\u00eda tan s\u00f3lo un a\u00f1o que en Madrid exist\u00eda el metro<\/strong>, con una \u00fanica l\u00ednea, la 1. Eran tiempos de cines y teatros: el <strong>Cine Encomienda<\/strong> (calle Encomienda), el <strong>Cine Dor\u00e9<\/strong> (calle Santa Isabel), el <strong>Cine de la Prensa<\/strong> y el <strong>Palacio de la M\u00fasica<\/strong> (Gran V\u00eda); el <strong>Teatro de la Latina<\/strong> (La Latina), el <strong>Teatro Progreso<\/strong> (Tirso de Molina), o el <strong>Teatro Novedades<\/strong> (calle Toledo), eran los lugares de esparcimiento preferidos de los madrile\u00f1os. <\/p>\n\n\n\n<figure class=\"wp-block-image\"><img loading=\"lazy\" width=\"650\" height=\"487\" src=\"https:\/\/www.estateone.biz\/blog\/wp-content\/uploads\/2021\/07\/04-madrid20.jpg\" alt=\"A\u00f1os 20: Madrid hace un siglo \" class=\"wp-image-32953\" srcset=\"https:\/\/www.estateone.biz\/blog\/wp-content\/uploads\/2021\/07\/04-madrid20.jpg 650w, https:\/\/www.estateone.biz\/blog\/wp-content\/uploads\/2021\/07\/04-madrid20-300x225.jpg 300w\" sizes=\"(max-width: 650px) 100vw, 650px\" \/><\/figure>\n\n\n\n<p>Podemos decir que <strong>el cine, el arte, la moda o la m\u00fasica cambiaron vertiginosamente en aquellos a\u00f1os<\/strong>, lo cual provocaba que la ciudad se contagiara de esa efervescencia. Poco a poco <strong>las mujeres empezaban a entrar en el mercado laboral;<\/strong> se empez\u00f3 a imponer el corte de pelo estilo gar\u00e7onne, las faldas se acortaron y aparecieron nuevas prendas, como boas, redecillas y tocados. <\/p>\n\n\n\n<figure class=\"wp-block-image\"><img loading=\"lazy\" width=\"650\" height=\"383\" src=\"https:\/\/www.estateone.biz\/blog\/wp-content\/uploads\/2021\/07\/05-madrid20.jpg\" alt=\"A\u00f1os 20: Madrid hace un siglo \" class=\"wp-image-32954\" srcset=\"https:\/\/www.estateone.biz\/blog\/wp-content\/uploads\/2021\/07\/05-madrid20.jpg 650w, https:\/\/www.estateone.biz\/blog\/wp-content\/uploads\/2021\/07\/05-madrid20-300x177.jpg 300w\" sizes=\"(max-width: 650px) 100vw, 650px\" \/><\/figure>\n\n\n\n<p>Llegaron <strong>la radio y los gram\u00f3fonos<\/strong>, tambi\u00e9n los <strong>tel\u00e9fonos de sobremesa<\/strong>; los caf\u00e9s se llenaron de <strong>nuevos ritmos que parec\u00edan sumir a Madrid en un tiempo futurista<\/strong>, donde todo cambiaba a una velocidad fren\u00e9tica. Y es que, en ocasiones, los madrile\u00f1os ten\u00edan la impresi\u00f3n de que se quedaban sin aliento, tales eran los cambios y los avances tecnol\u00f3gicos que deb\u00edan asimilar sin apenas tiempo de reacci\u00f3n.<\/p>\n\n\n\n<figure class=\"wp-block-image\"><img loading=\"lazy\" width=\"650\" height=\"434\" src=\"https:\/\/www.estateone.biz\/blog\/wp-content\/uploads\/2021\/07\/06-madrid20.jpg\" alt=\"A\u00f1os 20: Madrid hace un siglo \" class=\"wp-image-32955\" srcset=\"https:\/\/www.estateone.biz\/blog\/wp-content\/uploads\/2021\/07\/06-madrid20.jpg 650w, https:\/\/www.estateone.biz\/blog\/wp-content\/uploads\/2021\/07\/06-madrid20-300x200.jpg 300w\" sizes=\"(max-width: 650px) 100vw, 650px\" \/><\/figure>\n\n\n\n<h2><strong>MADRID VISTO POR RAM\u00d3N G\u00d3MEZ DE LA SERNA<\/strong> <\/h2>\n\n\n\n<p>El <strong>genial escritor madrile\u00f1o Ram\u00f3n G\u00f3mez de la Serna<\/strong>, que alcanz\u00f3 su cumbre como literato en los a\u00f1os 20, dedic\u00f3 incontables escritos a Madrid, la ciudad de sus amores. Con dos fragmentos de su <strong><em>Letan\u00eda de Madrid<\/em><\/strong>, donde describ\u00eda el Madrid de aquellos d\u00edas, queremos cerrar este art\u00edculo. \u201c<em>Lo que m\u00e1s tiene Madrid es estilo \u2014descuidado estilo\u2014, estilo para pasear y para vivir, estilo para perfilarse arquitect\u00f3nicamente y estilo para embozarse en la capa. Pone en su estilo todo lo que toca, lo que dice o lo que escribe. As\u00ed, un acierto de su estilo es llamar El C\u00e9firo a un dancing de verbena. Como tiene esa cosa expansiva, intringulada, que se llama estilo, meten entre sus viejas casas un gran edificio y enseguida confraterniza con sus compa\u00f1eras y adopta su mismo estilo sencillo y noble. Todas las edificaciones navegan en seco, con un rumbo por el estilo, y si se le observa, desde las alturas, se ver\u00e1 que cada grupo de edificaciones forma un gran transatl\u00e1ntico, que no porque no sea traslaticio deja de tener la unidad entre pasaje y tripulaci\u00f3n que caracteriza a los grandes barcos\u201d<\/em>. <\/p>\n\n\n\n<figure class=\"wp-block-image\"><img loading=\"lazy\" width=\"650\" height=\"500\" src=\"https:\/\/www.estateone.biz\/blog\/wp-content\/uploads\/2021\/07\/07-madrid20.jpg\" alt=\"A\u00f1os 20: Madrid hace un siglo \" class=\"wp-image-32956\" srcset=\"https:\/\/www.estateone.biz\/blog\/wp-content\/uploads\/2021\/07\/07-madrid20.jpg 650w, https:\/\/www.estateone.biz\/blog\/wp-content\/uploads\/2021\/07\/07-madrid20-300x231.jpg 300w\" sizes=\"(max-width: 650px) 100vw, 650px\" \/><\/figure>\n\n\n\n<p>En otro fragmento de su letan\u00eda, Ram\u00f3n dice: \u201c<em>Armoniza todo en \u00e9l, y por eso se puede uno dedicar a ese ritmo anchuroso que permite versificar los paseos, bajar de San Francisco el Grande al derrumbadero del r\u00edo, trasladarse de la Castellana a la plaza de Oriente, estar en el Museo del Prado, irse despu\u00e9s a Puerta de Hierro y acabar en la Puerta del Sol o en el Pac\u00edfico. El cronista se renueva gracias a esta gran variedad hermanada de Madrid, y su cr\u00f3nica es siempre diferente\u201d<\/em>. <\/p>\n\n\n\n<figure class=\"wp-block-image\"><img loading=\"lazy\" width=\"650\" height=\"509\" src=\"https:\/\/www.estateone.biz\/blog\/wp-content\/uploads\/2021\/07\/08-madrid20.jpg\" alt=\"A\u00f1os 20: Madrid hace un siglo \" class=\"wp-image-32957\" srcset=\"https:\/\/www.estateone.biz\/blog\/wp-content\/uploads\/2021\/07\/08-madrid20.jpg 650w, https:\/\/www.estateone.biz\/blog\/wp-content\/uploads\/2021\/07\/08-madrid20-300x235.jpg 300w\" sizes=\"(max-width: 650px) 100vw, 650px\" \/><\/figure>\n","protected":false},"excerpt":{"rendered":"<p>Los a\u00f1os 20 fueron una \u00e9poca en la que los madrile\u00f1os intentaban dejar atr\u00e1s la Primera Guerra Mundial mirando al futuro con esperanza. Aquellos d\u00edas circulaban por la capital unos 8.000 autom\u00f3viles y cientos de tranv\u00edas, y Madrid contaba con 800.000 habitantes. Hab\u00eda que olvidar el horror de la guerra y centrarse en el desarrollo &hellip;<\/p>\n","protected":false},"author":1,"featured_media":32958,"comment_status":"open","ping_status":"open","sticky":false,"template":"","format":"standard","meta":[],"categories":[98],"tags":[26,1277,1278],"yoast_head":"<!-- This site is optimized with the Yoast SEO plugin v19.6.1 - https:\/\/yoast.com\/wordpress\/plugins\/seo\/ -->\n<title>A\u00f1os 20: Madrid hace un siglo - Blog, dulce blog<\/title>\n<meta name=\"description\" content=\"Los a\u00f1os 20 fueron una \u00e9poca en la que los madrile\u00f1os intentaban dejar atr\u00e1s la Primera Guerra Mundial mirando al futuro con esperanza\" \/>\n<meta name=\"robots\" content=\"index, follow, max-snippet:-1, max-image-preview:large, max-video-preview:-1\" \/>\n<link rel=\"canonical\" href=\"https:\/\/www.estateone.biz\/blog\/anos-20-madrid-hace-un-siglo\/\" \/>\n<meta property=\"og:locale\" content=\"es_ES\" \/>\n<meta property=\"og:type\" content=\"article\" \/>\n<meta property=\"og:title\" content=\"A\u00f1os 20: Madrid hace un siglo - Blog, dulce blog\" \/>\n<meta property=\"og:description\" content=\"Los a\u00f1os 20 fueron una \u00e9poca en la que los madrile\u00f1os intentaban dejar atr\u00e1s la Primera Guerra Mundial mirando al futuro con esperanza\" \/>\n<meta property=\"og:url\" content=\"https:\/\/www.estateone.biz\/blog\/anos-20-madrid-hace-un-siglo\/\" \/>\n<meta property=\"og:site_name\" content=\"Blog, dulce blog\" \/>\n<meta property=\"article:published_time\" content=\"2021-07-28T07:16:14+00:00\" \/>\n<meta property=\"article:modified_time\" content=\"2021-07-28T09:28:40+00:00\" \/>\n<meta property=\"og:image\" content=\"https:\/\/www.estateone.biz\/blog\/wp-content\/uploads\/2021\/07\/00-madrid20.jpg\" \/>\n\t<meta property=\"og:image:width\" content=\"650\" \/>\n\t<meta property=\"og:image:height\" content=\"427\" \/>\n\t<meta property=\"og:image:type\" content=\"image\/jpeg\" \/>\n<meta name=\"author\" content=\"Estate One\" \/>\n<meta name=\"twitter:card\" content=\"summary\" \/>\n<meta name=\"twitter:label1\" content=\"Escrito por\" \/>\n\t<meta name=\"twitter:data1\" content=\"Estate One\" \/>\n\t<meta name=\"twitter:label2\" content=\"Tiempo de lectura\" \/>\n\t<meta name=\"twitter:data2\" content=\"4 minutos\" \/>\n<script type=\"application\/ld+json\" class=\"yoast-schema-graph\">{\"@context\":\"https:\/\/schema.org\",\"@graph\":[{\"@type\":\"WebPage\",\"@id\":\"https:\/\/www.estateone.biz\/blog\/anos-20-madrid-hace-un-siglo\/\",\"url\":\"https:\/\/www.estateone.biz\/blog\/anos-20-madrid-hace-un-siglo\/\",\"name\":\"A\u00f1os 20: Madrid hace un siglo - Blog, dulce blog\",\"isPartOf\":{\"@id\":\"https:\/\/www.estateone.biz\/blog\/?lang=en\/#website\"},\"datePublished\":\"2021-07-28T07:16:14+00:00\",\"dateModified\":\"2021-07-28T09:28:40+00:00\",\"author\":{\"@id\":\"https:\/\/www.estateone.biz\/blog\/?lang=en\/#\/schema\/person\/5c4d73bb88472ee2f9325e6ce4f634d7\"},\"description\":\"Los a\u00f1os 20 fueron una \u00e9poca en la que los madrile\u00f1os intentaban dejar atr\u00e1s la Primera Guerra Mundial mirando al futuro con esperanza\",\"breadcrumb\":{\"@id\":\"https:\/\/www.estateone.biz\/blog\/anos-20-madrid-hace-un-siglo\/#breadcrumb\"},\"inLanguage\":\"es\",\"potentialAction\":[{\"@type\":\"ReadAction\",\"target\":[\"https:\/\/www.estateone.biz\/blog\/anos-20-madrid-hace-un-siglo\/\"]}]},{\"@type\":\"BreadcrumbList\",\"@id\":\"https:\/\/www.estateone.biz\/blog\/anos-20-madrid-hace-un-siglo\/#breadcrumb\",\"itemListElement\":[{\"@type\":\"ListItem\",\"position\":1,\"name\":\"Portada\",\"item\":\"https:\/\/www.estateone.biz\/blog\/?lang=en\/\"},{\"@type\":\"ListItem\",\"position\":2,\"name\":\"A\u00f1os 20: Madrid hace un siglo\"}]},{\"@type\":\"WebSite\",\"@id\":\"https:\/\/www.estateone.biz\/blog\/?lang=en\/#website\",\"url\":\"https:\/\/www.estateone.biz\/blog\/?lang=en\/\",\"name\":\"Blog, dulce blog\",\"description\":\"El blog inmobiliario de Estate One\",\"potentialAction\":[{\"@type\":\"SearchAction\",\"target\":{\"@type\":\"EntryPoint\",\"urlTemplate\":\"https:\/\/www.estateone.biz\/blog\/?lang=en\/?s={search_term_string}\"},\"query-input\":\"required name=search_term_string\"}],\"inLanguage\":\"es\"},{\"@type\":\"Person\",\"@id\":\"https:\/\/www.estateone.biz\/blog\/?lang=en\/#\/schema\/person\/5c4d73bb88472ee2f9325e6ce4f634d7\",\"name\":\"Estate One\",\"image\":{\"@type\":\"ImageObject\",\"inLanguage\":\"es\",\"@id\":\"https:\/\/www.estateone.biz\/blog\/?lang=en\/#\/schema\/person\/image\/\",\"url\":\"https:\/\/secure.gravatar.com\/avatar\/b36ec0d2dc5448ccdc0852ddf52cf7a4?s=96&d=identicon&r=g\",\"contentUrl\":\"https:\/\/secure.gravatar.com\/avatar\/b36ec0d2dc5448ccdc0852ddf52cf7a4?s=96&d=identicon&r=g\",\"caption\":\"Estate One\"},\"description\":\"Estate One somos una compa\u00f1\u00eda con un amplio conocimiento del mercado inmobiliario en Espa\u00f1a y una s\u00f3lida experiencia en prestigiosas empresas del sector.\",\"sameAs\":[\"http:\/\/estateone.biz\/\"],\"url\":\"https:\/\/www.estateone.biz\/blog\/author\/wpluzti\/\"}]}<\/script>\n<!-- \/ Yoast SEO plugin. -->","yoast_head_json":{"title":"A\u00f1os 20: Madrid hace un siglo - Blog, dulce blog","description":"Los a\u00f1os 20 fueron una \u00e9poca en la que los madrile\u00f1os intentaban dejar atr\u00e1s la Primera Guerra Mundial mirando al futuro con esperanza","robots":{"index":"index","follow":"follow","max-snippet":"max-snippet:-1","max-image-preview":"max-image-preview:large","max-video-preview":"max-video-preview:-1"},"canonical":"https:\/\/www.estateone.biz\/blog\/anos-20-madrid-hace-un-siglo\/","og_locale":"es_ES","og_type":"article","og_title":"A\u00f1os 20: Madrid hace un siglo - Blog, dulce blog","og_description":"Los a\u00f1os 20 fueron una \u00e9poca en la que los madrile\u00f1os intentaban dejar atr\u00e1s la Primera Guerra Mundial mirando al futuro con esperanza","og_url":"https:\/\/www.estateone.biz\/blog\/anos-20-madrid-hace-un-siglo\/","og_site_name":"Blog, dulce blog","article_published_time":"2021-07-28T07:16:14+00:00","article_modified_time":"2021-07-28T09:28:40+00:00","og_image":[{"width":650,"height":427,"url":"https:\/\/www.estateone.biz\/blog\/wp-content\/uploads\/2021\/07\/00-madrid20.jpg","type":"image\/jpeg"}],"author":"Estate One","twitter_card":"summary","twitter_misc":{"Escrito por":"Estate One","Tiempo de lectura":"4 minutos"},"schema":{"@context":"https:\/\/schema.org","@graph":[{"@type":"WebPage","@id":"https:\/\/www.estateone.biz\/blog\/anos-20-madrid-hace-un-siglo\/","url":"https:\/\/www.estateone.biz\/blog\/anos-20-madrid-hace-un-siglo\/","name":"A\u00f1os 20: Madrid hace un siglo - Blog, dulce blog","isPartOf":{"@id":"https:\/\/www.estateone.biz\/blog\/?lang=en\/#website"},"datePublished":"2021-07-28T07:16:14+00:00","dateModified":"2021-07-28T09:28:40+00:00","author":{"@id":"https:\/\/www.estateone.biz\/blog\/?lang=en\/#\/schema\/person\/5c4d73bb88472ee2f9325e6ce4f634d7"},"description":"Los a\u00f1os 20 fueron una \u00e9poca en la que los madrile\u00f1os intentaban dejar atr\u00e1s la Primera Guerra Mundial mirando al futuro con esperanza","breadcrumb":{"@id":"https:\/\/www.estateone.biz\/blog\/anos-20-madrid-hace-un-siglo\/#breadcrumb"},"inLanguage":"es","potentialAction":[{"@type":"ReadAction","target":["https:\/\/www.estateone.biz\/blog\/anos-20-madrid-hace-un-siglo\/"]}]},{"@type":"BreadcrumbList","@id":"https:\/\/www.estateone.biz\/blog\/anos-20-madrid-hace-un-siglo\/#breadcrumb","itemListElement":[{"@type":"ListItem","position":1,"name":"Portada","item":"https:\/\/www.estateone.biz\/blog\/?lang=en\/"},{"@type":"ListItem","position":2,"name":"A\u00f1os 20: Madrid hace un siglo"}]},{"@type":"WebSite","@id":"https:\/\/www.estateone.biz\/blog\/?lang=en\/#website","url":"https:\/\/www.estateone.biz\/blog\/?lang=en\/","name":"Blog, dulce blog","description":"El blog inmobiliario de Estate One","potentialAction":[{"@type":"SearchAction","target":{"@type":"EntryPoint","urlTemplate":"https:\/\/www.estateone.biz\/blog\/?lang=en\/?s={search_term_string}"},"query-input":"required name=search_term_string"}],"inLanguage":"es"},{"@type":"Person","@id":"https:\/\/www.estateone.biz\/blog\/?lang=en\/#\/schema\/person\/5c4d73bb88472ee2f9325e6ce4f634d7","name":"Estate One","image":{"@type":"ImageObject","inLanguage":"es","@id":"https:\/\/www.estateone.biz\/blog\/?lang=en\/#\/schema\/person\/image\/","url":"https:\/\/secure.gravatar.com\/avatar\/b36ec0d2dc5448ccdc0852ddf52cf7a4?s=96&d=identicon&r=g","contentUrl":"https:\/\/secure.gravatar.com\/avatar\/b36ec0d2dc5448ccdc0852ddf52cf7a4?s=96&d=identicon&r=g","caption":"Estate One"},"description":"Estate One somos una compa\u00f1\u00eda con un amplio conocimiento del mercado inmobiliario en Espa\u00f1a y una s\u00f3lida experiencia en prestigiosas empresas del sector.","sameAs":["http:\/\/estateone.biz\/"],"url":"https:\/\/www.estateone.biz\/blog\/author\/wpluzti\/"}]}},"_links":{"self":[{"href":"https:\/\/www.estateone.biz\/blog\/wp-json\/wp\/v2\/posts\/32949"}],"collection":[{"href":"https:\/\/www.estateone.biz\/blog\/wp-json\/wp\/v2\/posts"}],"about":[{"href":"https:\/\/www.estateone.biz\/blog\/wp-json\/wp\/v2\/types\/post"}],"author":[{"embeddable":true,"href":"https:\/\/www.estateone.biz\/blog\/wp-json\/wp\/v2\/users\/1"}],"replies":[{"embeddable":true,"href":"https:\/\/www.estateone.biz\/blog\/wp-json\/wp\/v2\/comments?post=32949"}],"version-history":[{"count":5,"href":"https:\/\/www.estateone.biz\/blog\/wp-json\/wp\/v2\/posts\/32949\/revisions"}],"predecessor-version":[{"id":32975,"href":"https:\/\/www.estateone.biz\/blog\/wp-json\/wp\/v2\/posts\/32949\/revisions\/32975"}],"wp:featuredmedia":[{"embeddable":true,"href":"https:\/\/www.estateone.biz\/blog\/wp-json\/wp\/v2\/media\/32958"}],"wp:attachment":[{"href":"https:\/\/www.estateone.biz\/blog\/wp-json\/wp\/v2\/media?parent=32949"}],"wp:term":[{"taxonomy":"category","embeddable":true,"href":"https:\/\/www.estateone.biz\/blog\/wp-json\/wp\/v2\/categories?post=32949"},{"taxonomy":"post_tag","embeddable":true,"href":"https:\/\/www.estateone.biz\/blog\/wp-json\/wp\/v2\/tags?post=32949"}],"curies":[{"name":"wp","href":"https:\/\/api.w.org\/{rel}","templated":true}]}}