{"id":33338,"date":"2022-02-09T08:29:41","date_gmt":"2022-02-09T07:29:41","guid":{"rendered":"https:\/\/www.estateone.biz\/blog\/?p=33338"},"modified":"2022-02-09T08:30:49","modified_gmt":"2022-02-09T07:30:49","slug":"como-se-comportara-el-precio-de-la-vivienda","status":"publish","type":"post","link":"https:\/\/www.estateone.biz\/blog\/como-se-comportara-el-precio-de-la-vivienda\/","title":{"rendered":"\u00bfC\u00f3mo se comportar\u00e1 el precio de la vivienda?"},"content":{"rendered":"\n<p>Se cree que <strong>el precio de la vivienda de segunda mano seguir\u00e1 subiendo hasta 2023<\/strong>, a\u00f1o en que se espera que la subida de precios se detenga. Eso es lo que opinan los expertos en materia inmobiliaria, que han fijado <strong>el a\u00f1o 2023 como un punto de inflexi\u00f3n en la escalada de precios<\/strong>, al menos en cuanto a <strong>vivienda usada<\/strong> se refiere. <strong>En el caso de la vivienda nueva, los expertos creen que los precios podr\u00edan seguir subiendo<\/strong> debido a la <strong>escasez de inmuebles<\/strong>, sobre todo en ciudades grandes y muy demandadas, como es el caso de Madrid y Barcelona. Hace poco, cuando habl\u00e1bamos en este blog de <strong><a rel=\"noreferrer noopener\" aria-label=\"los grandes retos que deber\u00e1 asumir nuestro sistema inmobiliario (abre en una nueva pesta\u00f1a)\" href=\"https:\/\/www.estateone.biz\/blog\/los-grandes-retos-de-la-vivienda\/\" target=\"_blank\">los grandes retos que deber\u00e1 asumir nuestro sistema inmobiliario<\/a><\/strong> se\u00f1al\u00e1bamos <strong>la falta de suelo en las grandes ciudades<\/strong> como uno de los principales problemas que deber\u00e1n resolverse. Mientras se encuentra una soluci\u00f3n, de momento no parece muy probable que el precio de la obra nueva en nuestras grandes urbes vaya a dejar de subir a corto o medio plazo. Un dato esclarecedor es el que se produjo <strong>en la segunda mitad de 2021<\/strong>, cuando <strong>el precio de la vivienda nueva lleg\u00f3 a crecer un 3%<\/strong>. La demanda de este producto es muy alta, y la falta de stock alimenta la subida de precios, que en principio no parece que vaya a remitir. Pero el caso de la vivienda usada es diferente: <a rel=\"noreferrer noopener\" aria-label=\"en el pasado mes de octubre ya dec\u00edamos que el precio de la vivienda estaba en ascenso (abre en una nueva pesta\u00f1a)\" href=\"https:\/\/www.estateone.biz\/blog\/el-precio-de-la-vivienda-sigue-en-ascenso\/\" target=\"_blank\">en el pasado mes de octubre ya dec\u00edamos que <\/a><strong><a rel=\"noreferrer noopener\" aria-label=\"en el pasado mes de octubre ya dec\u00edamos que el precio de la vivienda estaba en ascenso (abre en una nueva pesta\u00f1a)\" href=\"https:\/\/www.estateone.biz\/blog\/el-precio-de-la-vivienda-sigue-en-ascenso\/\" target=\"_blank\">el precio de la vivienda estaba en ascenso<\/a><\/strong> y que se encadenaban 29 trimestres con crecimientos interanuales, lo cual dejaba a las claras que la vivienda en Espa\u00f1a lleva ya un tiempo cotiz\u00e1ndose al alza. A pesar de ello, los expertos consideran que esta tendencia ya vislumbra su fin, pues <strong>la escalada de precios se agotar\u00e1 en 2023<\/strong>.<\/p>\n\n\n\n<figure class=\"wp-block-image\"><img loading=\"lazy\" width=\"650\" height=\"434\" src=\"https:\/\/www.estateone.biz\/blog\/wp-content\/uploads\/2022\/02\/00-precio.jpg\" alt=\"\u00bfC\u00f3mo se comportar\u00e1 el precio de la vivienda? \" class=\"wp-image-33339\" srcset=\"https:\/\/www.estateone.biz\/blog\/wp-content\/uploads\/2022\/02\/00-precio.jpg 650w, https:\/\/www.estateone.biz\/blog\/wp-content\/uploads\/2022\/02\/00-precio-300x200.jpg 300w\" sizes=\"(max-width: 650px) 100vw, 650px\" \/><figcaption>Se cree que el precio de la vivienda seguir\u00e1 subiendo hasta 2023 <\/figcaption><\/figure>\n\n\n\n<h2><strong>LA COSTA MEDITERR\u00c1NEA Y LAS ISLAS, A LA CABEZA<\/strong><\/h2>\n\n\n\n<p><strong>El n\u00famero de operaciones de compraventa de vivienda usada que hay en Espa\u00f1a es bastante superior al de vivienda nueva<\/strong>. Esto parece l\u00f3gico si tenemos en cuenta que hoy en d\u00eda la vivienda nueva escasea, sobre todo en las grandes urbes, como ya hemos apuntado anteriormente. Cuando salen a la venta casas de nueva construcci\u00f3n en ciudades como Madrid o Barcelona suelen venderse muy r\u00e1pido (en ocasiones, antes de que lleguen a salir al mercado). La sociedad tasadora <a rel=\"noreferrer noopener\" aria-label=\"Tinsa (abre en una nueva pesta\u00f1a)\" href=\"https:\/\/www.tinsa.es\" target=\"_blank\">Tinsa<\/a> hizo p\u00fablicos unos datos hace semanas que pon\u00edan de manifiesto que a pesar de que <strong>en diciembre de 2021 los precios de la vivienda se abarataron un 1%<\/strong>, <strong>el a\u00f1o cerraba con una subida interanual del 7,5%<\/strong>. Destacaban especialmente <strong>la costa mediterr\u00e1nea y las islas, con una subida del 12,5 y el 8,2% respectivamente<\/strong>. Por su parte, <strong>las grandes ciudades<\/strong> registraron una subida que oscilaba <strong>en torno al 7%<\/strong>. Este encarecimiento est\u00e1 directamente relacionado con la alta demanda que existe actualmente: hoy <strong>se sigue considerando que comprar un inmueble en nuestro pa\u00eds es un valor seguro<\/strong>, lo cual provoca que gran parte del capital que se invierte en Espa\u00f1a vaya destinado al mercado inmobiliario. Se calcula que <strong>desde febrero de 2015 la vivienda se ha encarecido de media un 24%<\/strong>: son ya siete los a\u00f1os consecutivos en los que los precios suben y los analistas coinciden en que 2023 pondr\u00e1 fin a esta tendencia.<\/p>\n\n\n\n<figure class=\"wp-block-image\"><img loading=\"lazy\" width=\"650\" height=\"433\" src=\"https:\/\/www.estateone.biz\/blog\/wp-content\/uploads\/2022\/02\/02-precio.jpg\" alt=\"\u00bfC\u00f3mo se comportar\u00e1 el precio de la vivienda? \" class=\"wp-image-33340\" srcset=\"https:\/\/www.estateone.biz\/blog\/wp-content\/uploads\/2022\/02\/02-precio.jpg 650w, https:\/\/www.estateone.biz\/blog\/wp-content\/uploads\/2022\/02\/02-precio-300x200.jpg 300w\" sizes=\"(max-width: 650px) 100vw, 650px\" \/><figcaption>La costa mediterr\u00e1nea y las islas registraron las mayores subidas de precios en 2021 <\/figcaption><\/figure>\n\n\n\n<h2><strong>VIVIENDA NUEVA: HASTA UN 10% DE SUBIDA<\/strong><\/h2>\n\n\n\n<p><strong>El precio de la obra nueva podr\u00eda alcanzar una subida de hasta un 10%\nen 2022 <\/strong>debido al <strong>incremento de\ncostes de producci\u00f3n<\/strong>, que ha provocado a su vez una subida de la inflaci\u00f3n.\nEste encarecimiento no parece que vaya a detenerse hasta que pueda resolverse\nel problema de la falta de suelo para construir; en cualquier caso, el volumen\nde vivienda de obra nueva que se vende en Espa\u00f1a es muy inferior al de segunda\nmano. Se estima <strong>que casi el 80% de las\ntransacciones que se producen ahora mismo en Espa\u00f1a corresponden a viviendas\nusadas<\/strong>.<\/p>\n\n\n\n<p><strong>Fotograf\u00edas:<\/strong> <a rel=\"noreferrer noopener\" aria-label=\"freepik (abre en una nueva pesta\u00f1a)\" href=\"https:\/\/www.freepik.es\/freepik\" target=\"_blank\">freepik<\/a> <\/p>\n","protected":false},"excerpt":{"rendered":"<p>Se cree que el precio de la vivienda de segunda mano seguir\u00e1 subiendo hasta 2023, a\u00f1o en que se espera que la subida de precios se detenga. Eso es lo que opinan los expertos en materia inmobiliaria, que han fijado el a\u00f1o 2023 como un punto de inflexi\u00f3n en la escalada de precios, al menos &hellip;<\/p>\n","protected":false},"author":1,"featured_media":33341,"comment_status":"open","ping_status":"open","sticky":false,"template":"","format":"standard","meta":[],"categories":[81],"tags":[21,427,1376],"yoast_head":"<!-- This site is optimized with the Yoast SEO plugin v19.6.1 - https:\/\/yoast.com\/wordpress\/plugins\/seo\/ -->\n<title>\u00bfC\u00f3mo se comportar\u00e1 el precio de la vivienda? - Blog, dulce blog<\/title>\n<meta name=\"description\" content=\"Se cree que el precio de la vivienda de segunda mano seguir\u00e1 subiendo hasta 2023, a\u00f1o en que se espera que la subida de precios se detenga\" \/>\n<meta name=\"robots\" content=\"index, follow, max-snippet:-1, max-image-preview:large, max-video-preview:-1\" \/>\n<link rel=\"canonical\" href=\"https:\/\/www.estateone.biz\/blog\/como-se-comportara-el-precio-de-la-vivienda\/\" \/>\n<meta property=\"og:locale\" content=\"es_ES\" \/>\n<meta property=\"og:type\" content=\"article\" \/>\n<meta property=\"og:title\" content=\"\u00bfC\u00f3mo se comportar\u00e1 el precio de la vivienda? - Blog, dulce blog\" \/>\n<meta property=\"og:description\" content=\"Se cree que el precio de la vivienda de segunda mano seguir\u00e1 subiendo hasta 2023, a\u00f1o en que se espera que la subida de precios se detenga\" \/>\n<meta property=\"og:url\" content=\"https:\/\/www.estateone.biz\/blog\/como-se-comportara-el-precio-de-la-vivienda\/\" \/>\n<meta property=\"og:site_name\" content=\"Blog, dulce blog\" \/>\n<meta property=\"article:published_time\" content=\"2022-02-09T07:29:41+00:00\" \/>\n<meta property=\"article:modified_time\" content=\"2022-02-09T07:30:49+00:00\" \/>\n<meta property=\"og:image\" content=\"https:\/\/www.estateone.biz\/blog\/wp-content\/uploads\/2022\/02\/00-precio-1.jpg\" \/>\n\t<meta property=\"og:image:width\" content=\"650\" \/>\n\t<meta property=\"og:image:height\" content=\"434\" \/>\n\t<meta property=\"og:image:type\" content=\"image\/jpeg\" \/>\n<meta name=\"author\" content=\"Estate One\" \/>\n<meta name=\"twitter:card\" content=\"summary\" \/>\n<meta name=\"twitter:label1\" content=\"Escrito por\" \/>\n\t<meta name=\"twitter:data1\" content=\"Estate One\" \/>\n\t<meta name=\"twitter:label2\" content=\"Tiempo de lectura\" \/>\n\t<meta name=\"twitter:data2\" content=\"3 minutos\" \/>\n<script type=\"application\/ld+json\" class=\"yoast-schema-graph\">{\"@context\":\"https:\/\/schema.org\",\"@graph\":[{\"@type\":\"WebPage\",\"@id\":\"https:\/\/www.estateone.biz\/blog\/como-se-comportara-el-precio-de-la-vivienda\/\",\"url\":\"https:\/\/www.estateone.biz\/blog\/como-se-comportara-el-precio-de-la-vivienda\/\",\"name\":\"\u00bfC\u00f3mo se comportar\u00e1 el precio de la vivienda? - Blog, dulce blog\",\"isPartOf\":{\"@id\":\"https:\/\/www.estateone.biz\/blog\/?lang=en\/#website\"},\"datePublished\":\"2022-02-09T07:29:41+00:00\",\"dateModified\":\"2022-02-09T07:30:49+00:00\",\"author\":{\"@id\":\"https:\/\/www.estateone.biz\/blog\/?lang=en\/#\/schema\/person\/5c4d73bb88472ee2f9325e6ce4f634d7\"},\"description\":\"Se cree que el precio de la vivienda de segunda mano seguir\u00e1 subiendo hasta 2023, a\u00f1o en que se espera que la subida de precios se detenga\",\"breadcrumb\":{\"@id\":\"https:\/\/www.estateone.biz\/blog\/como-se-comportara-el-precio-de-la-vivienda\/#breadcrumb\"},\"inLanguage\":\"es\",\"potentialAction\":[{\"@type\":\"ReadAction\",\"target\":[\"https:\/\/www.estateone.biz\/blog\/como-se-comportara-el-precio-de-la-vivienda\/\"]}]},{\"@type\":\"BreadcrumbList\",\"@id\":\"https:\/\/www.estateone.biz\/blog\/como-se-comportara-el-precio-de-la-vivienda\/#breadcrumb\",\"itemListElement\":[{\"@type\":\"ListItem\",\"position\":1,\"name\":\"Portada\",\"item\":\"https:\/\/www.estateone.biz\/blog\/?lang=en\/\"},{\"@type\":\"ListItem\",\"position\":2,\"name\":\"\u00bfC\u00f3mo se comportar\u00e1 el precio de la vivienda?\"}]},{\"@type\":\"WebSite\",\"@id\":\"https:\/\/www.estateone.biz\/blog\/?lang=en\/#website\",\"url\":\"https:\/\/www.estateone.biz\/blog\/?lang=en\/\",\"name\":\"Blog, dulce blog\",\"description\":\"El blog inmobiliario de Estate One\",\"potentialAction\":[{\"@type\":\"SearchAction\",\"target\":{\"@type\":\"EntryPoint\",\"urlTemplate\":\"https:\/\/www.estateone.biz\/blog\/?lang=en\/?s={search_term_string}\"},\"query-input\":\"required name=search_term_string\"}],\"inLanguage\":\"es\"},{\"@type\":\"Person\",\"@id\":\"https:\/\/www.estateone.biz\/blog\/?lang=en\/#\/schema\/person\/5c4d73bb88472ee2f9325e6ce4f634d7\",\"name\":\"Estate One\",\"image\":{\"@type\":\"ImageObject\",\"inLanguage\":\"es\",\"@id\":\"https:\/\/www.estateone.biz\/blog\/?lang=en\/#\/schema\/person\/image\/\",\"url\":\"https:\/\/secure.gravatar.com\/avatar\/b36ec0d2dc5448ccdc0852ddf52cf7a4?s=96&d=identicon&r=g\",\"contentUrl\":\"https:\/\/secure.gravatar.com\/avatar\/b36ec0d2dc5448ccdc0852ddf52cf7a4?s=96&d=identicon&r=g\",\"caption\":\"Estate One\"},\"description\":\"Estate One somos una compa\u00f1\u00eda con un amplio conocimiento del mercado inmobiliario en Espa\u00f1a y una s\u00f3lida experiencia en prestigiosas empresas del sector.\",\"sameAs\":[\"http:\/\/estateone.biz\/\"],\"url\":\"https:\/\/www.estateone.biz\/blog\/author\/wpluzti\/\"}]}<\/script>\n<!-- \/ Yoast SEO plugin. -->","yoast_head_json":{"title":"\u00bfC\u00f3mo se comportar\u00e1 el precio de la vivienda? - Blog, dulce blog","description":"Se cree que el precio de la vivienda de segunda mano seguir\u00e1 subiendo hasta 2023, a\u00f1o en que se espera que la subida de precios se detenga","robots":{"index":"index","follow":"follow","max-snippet":"max-snippet:-1","max-image-preview":"max-image-preview:large","max-video-preview":"max-video-preview:-1"},"canonical":"https:\/\/www.estateone.biz\/blog\/como-se-comportara-el-precio-de-la-vivienda\/","og_locale":"es_ES","og_type":"article","og_title":"\u00bfC\u00f3mo se comportar\u00e1 el precio de la vivienda? - Blog, dulce blog","og_description":"Se cree que el precio de la vivienda de segunda mano seguir\u00e1 subiendo hasta 2023, a\u00f1o en que se espera que la subida de precios se detenga","og_url":"https:\/\/www.estateone.biz\/blog\/como-se-comportara-el-precio-de-la-vivienda\/","og_site_name":"Blog, dulce blog","article_published_time":"2022-02-09T07:29:41+00:00","article_modified_time":"2022-02-09T07:30:49+00:00","og_image":[{"width":650,"height":434,"url":"https:\/\/www.estateone.biz\/blog\/wp-content\/uploads\/2022\/02\/00-precio-1.jpg","type":"image\/jpeg"}],"author":"Estate One","twitter_card":"summary","twitter_misc":{"Escrito por":"Estate One","Tiempo de lectura":"3 minutos"},"schema":{"@context":"https:\/\/schema.org","@graph":[{"@type":"WebPage","@id":"https:\/\/www.estateone.biz\/blog\/como-se-comportara-el-precio-de-la-vivienda\/","url":"https:\/\/www.estateone.biz\/blog\/como-se-comportara-el-precio-de-la-vivienda\/","name":"\u00bfC\u00f3mo se comportar\u00e1 el precio de la vivienda? - Blog, dulce blog","isPartOf":{"@id":"https:\/\/www.estateone.biz\/blog\/?lang=en\/#website"},"datePublished":"2022-02-09T07:29:41+00:00","dateModified":"2022-02-09T07:30:49+00:00","author":{"@id":"https:\/\/www.estateone.biz\/blog\/?lang=en\/#\/schema\/person\/5c4d73bb88472ee2f9325e6ce4f634d7"},"description":"Se cree que el precio de la vivienda de segunda mano seguir\u00e1 subiendo hasta 2023, a\u00f1o en que se espera que la subida de precios se detenga","breadcrumb":{"@id":"https:\/\/www.estateone.biz\/blog\/como-se-comportara-el-precio-de-la-vivienda\/#breadcrumb"},"inLanguage":"es","potentialAction":[{"@type":"ReadAction","target":["https:\/\/www.estateone.biz\/blog\/como-se-comportara-el-precio-de-la-vivienda\/"]}]},{"@type":"BreadcrumbList","@id":"https:\/\/www.estateone.biz\/blog\/como-se-comportara-el-precio-de-la-vivienda\/#breadcrumb","itemListElement":[{"@type":"ListItem","position":1,"name":"Portada","item":"https:\/\/www.estateone.biz\/blog\/?lang=en\/"},{"@type":"ListItem","position":2,"name":"\u00bfC\u00f3mo se comportar\u00e1 el precio de la vivienda?"}]},{"@type":"WebSite","@id":"https:\/\/www.estateone.biz\/blog\/?lang=en\/#website","url":"https:\/\/www.estateone.biz\/blog\/?lang=en\/","name":"Blog, dulce blog","description":"El blog inmobiliario de Estate One","potentialAction":[{"@type":"SearchAction","target":{"@type":"EntryPoint","urlTemplate":"https:\/\/www.estateone.biz\/blog\/?lang=en\/?s={search_term_string}"},"query-input":"required name=search_term_string"}],"inLanguage":"es"},{"@type":"Person","@id":"https:\/\/www.estateone.biz\/blog\/?lang=en\/#\/schema\/person\/5c4d73bb88472ee2f9325e6ce4f634d7","name":"Estate One","image":{"@type":"ImageObject","inLanguage":"es","@id":"https:\/\/www.estateone.biz\/blog\/?lang=en\/#\/schema\/person\/image\/","url":"https:\/\/secure.gravatar.com\/avatar\/b36ec0d2dc5448ccdc0852ddf52cf7a4?s=96&d=identicon&r=g","contentUrl":"https:\/\/secure.gravatar.com\/avatar\/b36ec0d2dc5448ccdc0852ddf52cf7a4?s=96&d=identicon&r=g","caption":"Estate One"},"description":"Estate One somos una compa\u00f1\u00eda con un amplio conocimiento del mercado inmobiliario en Espa\u00f1a y una s\u00f3lida experiencia en prestigiosas empresas del sector.","sameAs":["http:\/\/estateone.biz\/"],"url":"https:\/\/www.estateone.biz\/blog\/author\/wpluzti\/"}]}},"_links":{"self":[{"href":"https:\/\/www.estateone.biz\/blog\/wp-json\/wp\/v2\/posts\/33338"}],"collection":[{"href":"https:\/\/www.estateone.biz\/blog\/wp-json\/wp\/v2\/posts"}],"about":[{"href":"https:\/\/www.estateone.biz\/blog\/wp-json\/wp\/v2\/types\/post"}],"author":[{"embeddable":true,"href":"https:\/\/www.estateone.biz\/blog\/wp-json\/wp\/v2\/users\/1"}],"replies":[{"embeddable":true,"href":"https:\/\/www.estateone.biz\/blog\/wp-json\/wp\/v2\/comments?post=33338"}],"version-history":[{"count":2,"href":"https:\/\/www.estateone.biz\/blog\/wp-json\/wp\/v2\/posts\/33338\/revisions"}],"predecessor-version":[{"id":33343,"href":"https:\/\/www.estateone.biz\/blog\/wp-json\/wp\/v2\/posts\/33338\/revisions\/33343"}],"wp:featuredmedia":[{"embeddable":true,"href":"https:\/\/www.estateone.biz\/blog\/wp-json\/wp\/v2\/media\/33341"}],"wp:attachment":[{"href":"https:\/\/www.estateone.biz\/blog\/wp-json\/wp\/v2\/media?parent=33338"}],"wp:term":[{"taxonomy":"category","embeddable":true,"href":"https:\/\/www.estateone.biz\/blog\/wp-json\/wp\/v2\/categories?post=33338"},{"taxonomy":"post_tag","embeddable":true,"href":"https:\/\/www.estateone.biz\/blog\/wp-json\/wp\/v2\/tags?post=33338"}],"curies":[{"name":"wp","href":"https:\/\/api.w.org\/{rel}","templated":true}]}}