{"id":33517,"date":"2022-05-18T09:14:16","date_gmt":"2022-05-18T08:14:16","guid":{"rendered":"https:\/\/www.estateone.biz\/blog\/?p=33517"},"modified":"2022-05-18T09:17:45","modified_gmt":"2022-05-18T08:17:45","slug":"calle-de-preciados-una-mirada-a-su-pasado","status":"publish","type":"post","link":"https:\/\/www.estateone.biz\/blog\/calle-de-preciados-una-mirada-a-su-pasado\/","title":{"rendered":"Calle de Preciados: una mirada a su pasado"},"content":{"rendered":"\n<p>La <strong>calle de Preciados<\/strong> es posiblemente <strong>la calle comercial m\u00e1s famosa de toda Espa\u00f1a<\/strong>. No hay una sola persona que haya ido de tiendas por el centro de Madrid y no haya pasado por ella. Su inmejorable situaci\u00f3n hace que la <strong>calle de Preciados <\/strong>haya sido siempre considerada como una de las mejores calles de la capital, si no la mejor, para tener un negocio en ella. <\/p>\n\n\n\n<figure class=\"wp-block-image\"><img loading=\"lazy\" width=\"650\" height=\"405\" src=\"https:\/\/www.estateone.biz\/blog\/wp-content\/uploads\/2022\/05\/01-preciados.jpg\" alt=\"Calle de Preciados: una mirada a su pasado \" class=\"wp-image-33519\" srcset=\"https:\/\/www.estateone.biz\/blog\/wp-content\/uploads\/2022\/05\/01-preciados.jpg 650w, https:\/\/www.estateone.biz\/blog\/wp-content\/uploads\/2022\/05\/01-preciados-300x187.jpg 300w\" sizes=\"(max-width: 650px) 100vw, 650px\" \/><figcaption>La calle de Preciados en 1898 <\/figcaption><\/figure>\n\n\n\n<p>Basta un dato para hacernos una idea de lo cotizada que est\u00e1: es <strong>la quinta calle donde se paga un alquiler m\u00e1s alto de todo el mundo<\/strong>. La calle de Preciados nace en la Puerta del Sol, llega a la Plaza de Callao y termina en la Plaza de Santo Domingo, lo cual supone que <strong>siempre est\u00e9 transitada por gente<\/strong>. Cuando se acerca el periodo navide\u00f1o, es tal la cantidad de gente que circula por ella que a veces resulta dif\u00edcil abrirse paso entre los viandantes. <\/p>\n\n\n\n<figure class=\"wp-block-image\"><img loading=\"lazy\" width=\"650\" height=\"436\" src=\"https:\/\/www.estateone.biz\/blog\/wp-content\/uploads\/2022\/05\/02-preciados.jpg\" alt=\"Calle de Preciados: una mirada a su pasado \" class=\"wp-image-33520\" srcset=\"https:\/\/www.estateone.biz\/blog\/wp-content\/uploads\/2022\/05\/02-preciados.jpg 650w, https:\/\/www.estateone.biz\/blog\/wp-content\/uploads\/2022\/05\/02-preciados-300x201.jpg 300w\" sizes=\"(max-width: 650px) 100vw, 650px\" \/><figcaption>Estampa de la calle de Preciados alrededor de 1915 <\/figcaption><\/figure>\n\n\n\n<p>Hoy por hoy sigue siendo uno de los lugares preferidos por los visitantes que llegan a Madrid, y es una de esas calles referentes en la capital, sin la cual el centro de la ciudad no ser\u00eda el mismo. Pero, \u00bfc\u00f3mo era la calle de Preciados hace d\u00e9cadas? \u00bfC\u00f3mo ha evolucionado esta calle con el paso de los a\u00f1os? \u00bfConoces su pasado y su Historia? Hoy echamos la vista atr\u00e1s; <a rel=\"noreferrer noopener\" aria-label=\"despu\u00e9s del paseo que hicimos por el Madrid de los a\u00f1os 20 (abre en una nueva pesta\u00f1a)\" href=\"https:\/\/www.estateone.biz\/blog\/anos-20-madrid-hace-un-siglo\/\" target=\"_blank\">despu\u00e9s del <\/a><strong><a rel=\"noreferrer noopener\" aria-label=\"despu\u00e9s del paseo que hicimos por el Madrid de los a\u00f1os 20 (abre en una nueva pesta\u00f1a)\" href=\"https:\/\/www.estateone.biz\/blog\/anos-20-madrid-hace-un-siglo\/\" target=\"_blank\">paseo que hicimos por el Madrid de los a\u00f1os 20<\/a><\/strong>, esta vez <strong>viajamos al pasado de la<\/strong> <strong>calle de Preciados<\/strong>. \u00bfNos acompa\u00f1as?<\/p>\n\n\n\n<figure class=\"wp-block-image\"><img loading=\"lazy\" width=\"650\" height=\"463\" src=\"https:\/\/www.estateone.biz\/blog\/wp-content\/uploads\/2022\/05\/03-preciados.jpg\" alt=\"Calle de Preciados: una mirada a su pasado\n\" class=\"wp-image-33521\" srcset=\"https:\/\/www.estateone.biz\/blog\/wp-content\/uploads\/2022\/05\/03-preciados.jpg 650w, https:\/\/www.estateone.biz\/blog\/wp-content\/uploads\/2022\/05\/03-preciados-300x214.jpg 300w\" sizes=\"(max-width: 650px) 100vw, 650px\" \/><figcaption>Imagen de 1920 <\/figcaption><\/figure>\n\n\n\n<h2><strong>UNA CALLE VINCULADA AL COMERCIO<\/strong><\/h2>\n\n\n\n<p><strong>El origen del nombre de la calle de Preciados est\u00e1 en el apellido de dos hermanos que construyeron sus casas en ella<\/strong> y que fueron muy c\u00e9lebres en Madrid por su oficio. Eran funcionarios p\u00fablicos que en el siglo XV se dedicaban a <strong>controlar las pesas y medidas de los mercaderes, as\u00ed como la higiene de los productos que vend\u00edan<\/strong>, poniendo las multas correspondientes a quien no cumpliera con lo establecido. Esto quiere decir que, pr\u00e1cticamente desde que naci\u00f3, esta calle ya estuvo vinculada al comercio. <\/p>\n\n\n\n<figure class=\"wp-block-image\"><img loading=\"lazy\" width=\"650\" height=\"479\" src=\"https:\/\/www.estateone.biz\/blog\/wp-content\/uploads\/2022\/05\/04-preciados.jpg\" alt=\"Calle de Preciados: una mirada a su pasado \" class=\"wp-image-33522\" srcset=\"https:\/\/www.estateone.biz\/blog\/wp-content\/uploads\/2022\/05\/04-preciados.jpg 650w, https:\/\/www.estateone.biz\/blog\/wp-content\/uploads\/2022\/05\/04-preciados-300x221.jpg 300w\" sizes=\"(max-width: 650px) 100vw, 650px\" \/><figcaption>La c\u00e9ntrica calle con su trasiego de gente en 1969 <\/figcaption><\/figure>\n\n\n\n<p>Como prueba de ello, podemos mencionar que en la <strong>segunda mitad del siglo XIX<\/strong> en la calle de Preciados hab\u00eda <strong>una casa de cambio, el<\/strong> <strong>Centro Numism\u00e1tico Matritense<\/strong>: sin duda un detalle significativo de la actividad comercial que se desarrollaba all\u00ed. Y si hablamos de actividad comercial tenemos que mencionar <strong>dos centros comerciales que forman parte de la historia de Espa\u00f1a<\/strong>. Uno es El Corte Ingl\u00e9s, que desde 1939 tiene su local m\u00e1s antiguo y conocido en el n\u00famero 3 de la calle de Preciados, y otro el extinto Galer\u00edas Preciados, que abri\u00f3 sus puertas en 1943 y durar\u00eda hasta el a\u00f1o 95, cuando fue comprado por el propio Corte Ingl\u00e9s.<\/p>\n\n\n\n<figure class=\"wp-block-image\"><img loading=\"lazy\" width=\"650\" height=\"366\" src=\"https:\/\/www.estateone.biz\/blog\/wp-content\/uploads\/2022\/05\/05-preciados.jpg\" alt=\"Calle de Preciados: una mirada a su pasado \" class=\"wp-image-33523\" srcset=\"https:\/\/www.estateone.biz\/blog\/wp-content\/uploads\/2022\/05\/05-preciados.jpg 650w, https:\/\/www.estateone.biz\/blog\/wp-content\/uploads\/2022\/05\/05-preciados-300x169.jpg 300w\" sizes=\"(max-width: 650px) 100vw, 650px\" \/><figcaption>Luces de Navidad en la calle de Preciados (a\u00f1o 1966)  <\/figcaption><\/figure>\n\n\n\n<h2><strong>UN ORFANATO Y UN CAF\u00c9 HIST\u00d3RICO<\/strong><\/h2>\n\n\n\n<p>La calle de Preciados es un <strong>hervidero de tiendas y establecimientos de moda que van cambiando a lo largo de los a\u00f1os<\/strong>, pero queremos detenernos en <strong>dos locales singulares<\/strong>, uno que ya no existe y otro que sigue vigente. El primero es la <strong>Casa de Exp\u00f3sitos<\/strong>, fundada a finales del siglo XVI. La casa funcionaba como <strong>orfanato para recoger a los beb\u00e9s abandonados en la capital <\/strong>(el edificio fue derribado con las obras de remodelaci\u00f3n de la Puerta del Sol, en el siglo XIX). <\/p>\n\n\n\n<figure class=\"wp-block-image\"><img loading=\"lazy\" width=\"650\" height=\"416\" src=\"https:\/\/www.estateone.biz\/blog\/wp-content\/uploads\/2022\/05\/06-preciados.jpg\" alt=\"Calle de Preciados: una mirada a su pasado\" class=\"wp-image-33525\" srcset=\"https:\/\/www.estateone.biz\/blog\/wp-content\/uploads\/2022\/05\/06-preciados.jpg 650w, https:\/\/www.estateone.biz\/blog\/wp-content\/uploads\/2022\/05\/06-preciados-300x192.jpg 300w\" sizes=\"(max-width: 650px) 100vw, 650px\" \/><figcaption>Vista de la Puerta del Sol desde la calle de Preciados en 1966 <\/figcaption><\/figure>\n\n\n\n<p>El otro es uno de esos locales que forman parte de la historia y la memoria de Madrid, y que adem\u00e1s sigue abierto hoy en d\u00eda. Se trata del <strong>hist\u00f3rico Caf\u00e9 Varela<\/strong>, situado en el n\u00famero 37 de la calle. Con toda seguridad es <strong>uno de los caf\u00e9s m\u00e1s emblem\u00e1ticos de Madrid<\/strong>, pues en \u00e9l celebraron sus <strong>tertulias literarias<\/strong> personalidades del mundo de la cultura como Miguel de Unamuno, P\u00edo Baroja, Le\u00f3n Felipe, Emilio Carrere o los hermanos Machado. <\/p>\n\n\n\n<figure class=\"wp-block-image\"><img loading=\"lazy\" width=\"650\" height=\"366\" src=\"https:\/\/www.estateone.biz\/blog\/wp-content\/uploads\/2022\/05\/07-preciados.jpg\" alt=\"Calle de Preciados: una mirada a su pasado\n\" class=\"wp-image-33526\" srcset=\"https:\/\/www.estateone.biz\/blog\/wp-content\/uploads\/2022\/05\/07-preciados.jpg 650w, https:\/\/www.estateone.biz\/blog\/wp-content\/uploads\/2022\/05\/07-preciados-300x169.jpg 300w\" sizes=\"(max-width: 650px) 100vw, 650px\" \/><figcaption>Navidad en Preciados (a\u00f1o 1971) <\/figcaption><\/figure>\n\n\n\n<h2><strong>\u00bfSAB\u00cdAS QU\u00c9\u2026?<\/strong><\/h2>\n\n\n\n<p>Buena parte de la calle de\nPreciados <strong>perteneci\u00f3 antiguamente a los\nReyes de Castilla<\/strong>, pues all\u00ed dispon\u00edan de una casa de campo que sol\u00edan\nutilizar en sus temporadas de descanso.<\/p>\n","protected":false},"excerpt":{"rendered":"<p>La calle de Preciados es posiblemente la calle comercial m\u00e1s famosa de toda Espa\u00f1a. No hay una sola persona que haya ido de tiendas por el centro de Madrid y no haya pasado por ella. Su inmejorable situaci\u00f3n hace que la calle de Preciados haya sido siempre considerada como una de las mejores calles de &hellip;<\/p>\n","protected":false},"author":1,"featured_media":33518,"comment_status":"open","ping_status":"open","sticky":false,"template":"","format":"standard","meta":[],"categories":[98],"tags":[26,161,1456,1457,1458],"yoast_head":"<!-- This site is optimized with the Yoast SEO plugin v19.6.1 - https:\/\/yoast.com\/wordpress\/plugins\/seo\/ -->\n<title>Calle de Preciados: una mirada a su pasado - Blog, dulce blog<\/title>\n<meta name=\"description\" content=\"La calle de Preciados es posiblemente la calle comercial m\u00e1s famosa de toda Espa\u00f1a\" \/>\n<meta name=\"robots\" content=\"index, follow, max-snippet:-1, max-image-preview:large, max-video-preview:-1\" \/>\n<link rel=\"canonical\" href=\"https:\/\/www.estateone.biz\/blog\/calle-de-preciados-una-mirada-a-su-pasado\/\" \/>\n<meta property=\"og:locale\" content=\"es_ES\" \/>\n<meta property=\"og:type\" content=\"article\" \/>\n<meta property=\"og:title\" content=\"Calle de Preciados: una mirada a su pasado - Blog, dulce blog\" \/>\n<meta property=\"og:description\" content=\"La calle de Preciados es posiblemente la calle comercial m\u00e1s famosa de toda Espa\u00f1a\" \/>\n<meta property=\"og:url\" content=\"https:\/\/www.estateone.biz\/blog\/calle-de-preciados-una-mirada-a-su-pasado\/\" \/>\n<meta property=\"og:site_name\" content=\"Blog, dulce blog\" \/>\n<meta property=\"article:published_time\" content=\"2022-05-18T08:14:16+00:00\" \/>\n<meta property=\"article:modified_time\" content=\"2022-05-18T08:17:45+00:00\" \/>\n<meta property=\"og:image\" content=\"https:\/\/www.estateone.biz\/blog\/wp-content\/uploads\/2022\/05\/00-preciados.jpg\" \/>\n\t<meta property=\"og:image:width\" content=\"650\" \/>\n\t<meta property=\"og:image:height\" content=\"409\" \/>\n\t<meta property=\"og:image:type\" content=\"image\/jpeg\" \/>\n<meta name=\"author\" content=\"Estate One\" \/>\n<meta name=\"twitter:card\" content=\"summary\" \/>\n<meta name=\"twitter:label1\" content=\"Escrito por\" \/>\n\t<meta name=\"twitter:data1\" content=\"Estate One\" \/>\n\t<meta name=\"twitter:label2\" content=\"Tiempo de lectura\" \/>\n\t<meta name=\"twitter:data2\" content=\"4 minutos\" \/>\n<script type=\"application\/ld+json\" class=\"yoast-schema-graph\">{\"@context\":\"https:\/\/schema.org\",\"@graph\":[{\"@type\":\"WebPage\",\"@id\":\"https:\/\/www.estateone.biz\/blog\/calle-de-preciados-una-mirada-a-su-pasado\/\",\"url\":\"https:\/\/www.estateone.biz\/blog\/calle-de-preciados-una-mirada-a-su-pasado\/\",\"name\":\"Calle de Preciados: una mirada a su pasado - Blog, dulce blog\",\"isPartOf\":{\"@id\":\"https:\/\/www.estateone.biz\/blog\/?lang=en\/#website\"},\"datePublished\":\"2022-05-18T08:14:16+00:00\",\"dateModified\":\"2022-05-18T08:17:45+00:00\",\"author\":{\"@id\":\"https:\/\/www.estateone.biz\/blog\/?lang=en\/#\/schema\/person\/5c4d73bb88472ee2f9325e6ce4f634d7\"},\"description\":\"La calle de Preciados es posiblemente la calle comercial m\u00e1s famosa de toda Espa\u00f1a\",\"breadcrumb\":{\"@id\":\"https:\/\/www.estateone.biz\/blog\/calle-de-preciados-una-mirada-a-su-pasado\/#breadcrumb\"},\"inLanguage\":\"es\",\"potentialAction\":[{\"@type\":\"ReadAction\",\"target\":[\"https:\/\/www.estateone.biz\/blog\/calle-de-preciados-una-mirada-a-su-pasado\/\"]}]},{\"@type\":\"BreadcrumbList\",\"@id\":\"https:\/\/www.estateone.biz\/blog\/calle-de-preciados-una-mirada-a-su-pasado\/#breadcrumb\",\"itemListElement\":[{\"@type\":\"ListItem\",\"position\":1,\"name\":\"Portada\",\"item\":\"https:\/\/www.estateone.biz\/blog\/?lang=en\/\"},{\"@type\":\"ListItem\",\"position\":2,\"name\":\"Calle de Preciados: una mirada a su pasado\"}]},{\"@type\":\"WebSite\",\"@id\":\"https:\/\/www.estateone.biz\/blog\/?lang=en\/#website\",\"url\":\"https:\/\/www.estateone.biz\/blog\/?lang=en\/\",\"name\":\"Blog, dulce blog\",\"description\":\"El blog inmobiliario de Estate One\",\"potentialAction\":[{\"@type\":\"SearchAction\",\"target\":{\"@type\":\"EntryPoint\",\"urlTemplate\":\"https:\/\/www.estateone.biz\/blog\/?lang=en\/?s={search_term_string}\"},\"query-input\":\"required name=search_term_string\"}],\"inLanguage\":\"es\"},{\"@type\":\"Person\",\"@id\":\"https:\/\/www.estateone.biz\/blog\/?lang=en\/#\/schema\/person\/5c4d73bb88472ee2f9325e6ce4f634d7\",\"name\":\"Estate One\",\"image\":{\"@type\":\"ImageObject\",\"inLanguage\":\"es\",\"@id\":\"https:\/\/www.estateone.biz\/blog\/?lang=en\/#\/schema\/person\/image\/\",\"url\":\"https:\/\/secure.gravatar.com\/avatar\/b36ec0d2dc5448ccdc0852ddf52cf7a4?s=96&d=identicon&r=g\",\"contentUrl\":\"https:\/\/secure.gravatar.com\/avatar\/b36ec0d2dc5448ccdc0852ddf52cf7a4?s=96&d=identicon&r=g\",\"caption\":\"Estate One\"},\"description\":\"Estate One somos una compa\u00f1\u00eda con un amplio conocimiento del mercado inmobiliario en Espa\u00f1a y una s\u00f3lida experiencia en prestigiosas empresas del sector.\",\"sameAs\":[\"http:\/\/estateone.biz\/\"],\"url\":\"https:\/\/www.estateone.biz\/blog\/author\/wpluzti\/\"}]}<\/script>\n<!-- \/ Yoast SEO plugin. -->","yoast_head_json":{"title":"Calle de Preciados: una mirada a su pasado - Blog, dulce blog","description":"La calle de Preciados es posiblemente la calle comercial m\u00e1s famosa de toda Espa\u00f1a","robots":{"index":"index","follow":"follow","max-snippet":"max-snippet:-1","max-image-preview":"max-image-preview:large","max-video-preview":"max-video-preview:-1"},"canonical":"https:\/\/www.estateone.biz\/blog\/calle-de-preciados-una-mirada-a-su-pasado\/","og_locale":"es_ES","og_type":"article","og_title":"Calle de Preciados: una mirada a su pasado - Blog, dulce blog","og_description":"La calle de Preciados es posiblemente la calle comercial m\u00e1s famosa de toda Espa\u00f1a","og_url":"https:\/\/www.estateone.biz\/blog\/calle-de-preciados-una-mirada-a-su-pasado\/","og_site_name":"Blog, dulce blog","article_published_time":"2022-05-18T08:14:16+00:00","article_modified_time":"2022-05-18T08:17:45+00:00","og_image":[{"width":650,"height":409,"url":"https:\/\/www.estateone.biz\/blog\/wp-content\/uploads\/2022\/05\/00-preciados.jpg","type":"image\/jpeg"}],"author":"Estate One","twitter_card":"summary","twitter_misc":{"Escrito por":"Estate One","Tiempo de lectura":"4 minutos"},"schema":{"@context":"https:\/\/schema.org","@graph":[{"@type":"WebPage","@id":"https:\/\/www.estateone.biz\/blog\/calle-de-preciados-una-mirada-a-su-pasado\/","url":"https:\/\/www.estateone.biz\/blog\/calle-de-preciados-una-mirada-a-su-pasado\/","name":"Calle de Preciados: una mirada a su pasado - Blog, dulce blog","isPartOf":{"@id":"https:\/\/www.estateone.biz\/blog\/?lang=en\/#website"},"datePublished":"2022-05-18T08:14:16+00:00","dateModified":"2022-05-18T08:17:45+00:00","author":{"@id":"https:\/\/www.estateone.biz\/blog\/?lang=en\/#\/schema\/person\/5c4d73bb88472ee2f9325e6ce4f634d7"},"description":"La calle de Preciados es posiblemente la calle comercial m\u00e1s famosa de toda Espa\u00f1a","breadcrumb":{"@id":"https:\/\/www.estateone.biz\/blog\/calle-de-preciados-una-mirada-a-su-pasado\/#breadcrumb"},"inLanguage":"es","potentialAction":[{"@type":"ReadAction","target":["https:\/\/www.estateone.biz\/blog\/calle-de-preciados-una-mirada-a-su-pasado\/"]}]},{"@type":"BreadcrumbList","@id":"https:\/\/www.estateone.biz\/blog\/calle-de-preciados-una-mirada-a-su-pasado\/#breadcrumb","itemListElement":[{"@type":"ListItem","position":1,"name":"Portada","item":"https:\/\/www.estateone.biz\/blog\/?lang=en\/"},{"@type":"ListItem","position":2,"name":"Calle de Preciados: una mirada a su pasado"}]},{"@type":"WebSite","@id":"https:\/\/www.estateone.biz\/blog\/?lang=en\/#website","url":"https:\/\/www.estateone.biz\/blog\/?lang=en\/","name":"Blog, dulce blog","description":"El blog inmobiliario de Estate One","potentialAction":[{"@type":"SearchAction","target":{"@type":"EntryPoint","urlTemplate":"https:\/\/www.estateone.biz\/blog\/?lang=en\/?s={search_term_string}"},"query-input":"required name=search_term_string"}],"inLanguage":"es"},{"@type":"Person","@id":"https:\/\/www.estateone.biz\/blog\/?lang=en\/#\/schema\/person\/5c4d73bb88472ee2f9325e6ce4f634d7","name":"Estate One","image":{"@type":"ImageObject","inLanguage":"es","@id":"https:\/\/www.estateone.biz\/blog\/?lang=en\/#\/schema\/person\/image\/","url":"https:\/\/secure.gravatar.com\/avatar\/b36ec0d2dc5448ccdc0852ddf52cf7a4?s=96&d=identicon&r=g","contentUrl":"https:\/\/secure.gravatar.com\/avatar\/b36ec0d2dc5448ccdc0852ddf52cf7a4?s=96&d=identicon&r=g","caption":"Estate One"},"description":"Estate One somos una compa\u00f1\u00eda con un amplio conocimiento del mercado inmobiliario en Espa\u00f1a y una s\u00f3lida experiencia en prestigiosas empresas del sector.","sameAs":["http:\/\/estateone.biz\/"],"url":"https:\/\/www.estateone.biz\/blog\/author\/wpluzti\/"}]}},"_links":{"self":[{"href":"https:\/\/www.estateone.biz\/blog\/wp-json\/wp\/v2\/posts\/33517"}],"collection":[{"href":"https:\/\/www.estateone.biz\/blog\/wp-json\/wp\/v2\/posts"}],"about":[{"href":"https:\/\/www.estateone.biz\/blog\/wp-json\/wp\/v2\/types\/post"}],"author":[{"embeddable":true,"href":"https:\/\/www.estateone.biz\/blog\/wp-json\/wp\/v2\/users\/1"}],"replies":[{"embeddable":true,"href":"https:\/\/www.estateone.biz\/blog\/wp-json\/wp\/v2\/comments?post=33517"}],"version-history":[{"count":3,"href":"https:\/\/www.estateone.biz\/blog\/wp-json\/wp\/v2\/posts\/33517\/revisions"}],"predecessor-version":[{"id":33528,"href":"https:\/\/www.estateone.biz\/blog\/wp-json\/wp\/v2\/posts\/33517\/revisions\/33528"}],"wp:featuredmedia":[{"embeddable":true,"href":"https:\/\/www.estateone.biz\/blog\/wp-json\/wp\/v2\/media\/33518"}],"wp:attachment":[{"href":"https:\/\/www.estateone.biz\/blog\/wp-json\/wp\/v2\/media?parent=33517"}],"wp:term":[{"taxonomy":"category","embeddable":true,"href":"https:\/\/www.estateone.biz\/blog\/wp-json\/wp\/v2\/categories?post=33517"},{"taxonomy":"post_tag","embeddable":true,"href":"https:\/\/www.estateone.biz\/blog\/wp-json\/wp\/v2\/tags?post=33517"}],"curies":[{"name":"wp","href":"https:\/\/api.w.org\/{rel}","templated":true}]}}