{"id":34712,"date":"2023-11-07T21:42:19","date_gmt":"2023-11-07T20:42:19","guid":{"rendered":"https:\/\/www.estateone.biz\/blog\/?p=34712"},"modified":"2023-11-07T21:43:46","modified_gmt":"2023-11-07T20:43:46","slug":"el-mapa-de-la-okupacion-en-espana","status":"publish","type":"post","link":"https:\/\/www.estateone.biz\/blog\/el-mapa-de-la-okupacion-en-espana\/","title":{"rendered":"El mapa de la okupaci\u00f3n en Espa\u00f1a"},"content":{"rendered":"\n<p>El fen\u00f3meno de <strong>la <em>okupaci\u00f3n<\/em> preocupa a muchos espa\u00f1oles<\/strong>, que no se sienten seguros y temen que<strong> la casa que quieren alquilar sea <em>okupada<\/em><\/strong>. \u00bfEn qu\u00e9 <strong>regiones de Espa\u00f1a<\/strong> se practica m\u00e1s la <strong><em>okupaci\u00f3n<\/em><\/strong>? \u00bfD\u00f3nde existe un <strong>mayor riesgo de que nuestra casa sea <em>okupada<\/em><\/strong>? Recientemente el Ministerio del Interior se hizo eco de un informe seg\u00fan el cual <strong>en Espa\u00f1a se presentaron 6.648 denuncias por casos de <em>okupaci\u00f3n <\/em>entre los pasados meses de enero y mayo<\/strong>. Es una cifra alta, aunque <strong>inferior a la del a\u00f1o pasado<\/strong>, pues entonces en los cinco primeros meses del a\u00f1o se presentaron <strong>7.485 denuncias<\/strong>. Es importante recalcar que <strong>las casas preferidas por los que allanan viviendas ilegalmente son aquellas que se encuentran vac\u00edas<\/strong>, lo cual origina un especial temor entre los propietarios que tienen inmuebles vac\u00edos, como es l\u00f3gico. Volviendo al informe del ministerio, <strong>la comunidad espa\u00f1ola que m\u00e1s denuncias de <em>okupaci\u00f3n<\/em> registra es, con una mayor\u00eda abrumadora, Catalu\u00f1a<\/strong>. All\u00ed se interpusieron <strong>2.798 denuncias<\/strong> en los cinco primeros meses del a\u00f1o. Muy por detr\u00e1s se sit\u00faa <strong>Andaluc\u00eda<\/strong>, con <strong>1.036 denuncias<\/strong>, seguido de <strong>Comunidad Valenciana<\/strong> <strong>(716 denuncias)<\/strong>, <strong>Comunidad de Madrid (649)<\/strong> y <strong>Castilla-La Mancha (300)<\/strong>. En el otro lado de la balanza, la <strong>Ciudad Aut\u00f3noma de Melilla<\/strong> present\u00f3 el menor n\u00famero de denuncias (<strong>tan s\u00f3lo 2<\/strong>), seguida de la <strong>Ciudad Aut\u00f3noma de Ceuta<\/strong> (<strong>3 denuncias<\/strong>) y <strong>La Rioja<\/strong> (<strong>19 denuncias<\/strong>). Cabe destacar que <strong>s\u00f3lo en dos comunidades las denuncias subieron <\/strong>respecto al a\u00f1o pasado: <strong>Canarias<\/strong> (<strong>234 <\/strong>denuncias frente a las 215 de 2022) y <strong>Asturias<\/strong> (<strong>29 <\/strong>frente a las 24 del a\u00f1o pasado).<\/p>\n\n\n\n<figure class=\"wp-block-image size-full\"><img loading=\"lazy\" width=\"750\" height=\"421\" src=\"https:\/\/www.estateone.biz\/blog\/wp-content\/uploads\/2023\/11\/01-okupa.jpg\" alt=\"El mapa de la okupaci\u00f3n\" class=\"wp-image-34713\" srcset=\"https:\/\/www.estateone.biz\/blog\/wp-content\/uploads\/2023\/11\/01-okupa.jpg 750w, https:\/\/www.estateone.biz\/blog\/wp-content\/uploads\/2023\/11\/01-okupa-300x168.jpg 300w\" sizes=\"(max-width: 750px) 100vw, 750px\" \/><figcaption>Vivienda <em>okupada<\/em> en Madrid<\/figcaption><\/figure>\n\n\n\n<h2><strong>\u00bfUN PROBLEMA SOCIAL?<\/strong><\/h2>\n\n\n\n<p>As\u00ed lo cree <strong>el 77% de los espa\u00f1oles<\/strong> (seg\u00fan un informe realizado por la empresa aseguradora L\u00ednea Directa) pues <strong>considera que la <em>okupaci\u00f3n<\/em> es un problema social en Espa\u00f1a<\/strong> al que debe buscarse remedio. Seg\u00fan el informe de la aseguradora, <strong>el 24% de los espa\u00f1oles considera que hay posibilidades medias o altas de que <em>okupen<\/em> su vivienda<\/strong>. No es un porcentaje bajo en absoluto, lo cual deber\u00eda servir para tratar de buscar la f\u00f3rmula que ponga fin a este problema. \u00bfQu\u00e9 puede hacerse al respecto? Seg\u00fan el informe de la aseguradora, la mayor\u00eda de los espa\u00f1oles (<strong>un 66%<\/strong> de los encuestados) se decantan por <strong>endurecer las penas a los infractores y acelerar los procesos de desalojo<\/strong>. Un <strong>45%<\/strong> opina que habr\u00eda que <strong>aumentar el n\u00famero de viviendas sociales<\/strong>, y un <strong>31%<\/strong> cree que el problema podr\u00eda resolverse <strong>intensificando la actuaci\u00f3n policial<\/strong>. Donde s\u00ed que parece que hay consenso es en el tema de <strong>las penas: el 73% considera que son muy leves o insuficientes<\/strong>, mientras que s\u00f3lo <strong>un 21% estima que son adecuadas<\/strong> pero que es la justicia quien no est\u00e1 a la altura. No resulta llamativo que entre <strong>las comunidades con m\u00e1s preocupaci\u00f3n<\/strong> se sit\u00faen a la <strong>cabeza Catalu\u00f1a, Andaluc\u00eda y Cantabria<\/strong> (ya hemos visto cu\u00e1les son los datos de <em>okupaci\u00f3n<\/em> en territorio andaluz y catal\u00e1n). Hay que tener en cuenta que <strong>en Catalu\u00f1a el escenario de la <em>okupaci\u00f3n<\/em> es especialmente dram\u00e1tico<\/strong> (para hacerse una idea basta considerar que las cifras de la <em>okupaci\u00f3n<\/em> en el territorio catal\u00e1n se cuadruplican comparadas con las de la comunidad de Madrid).<\/p>\n\n\n\n<figure class=\"wp-block-image size-full\"><img loading=\"lazy\" width=\"750\" height=\"422\" src=\"https:\/\/www.estateone.biz\/blog\/wp-content\/uploads\/2023\/11\/02-okupa.jpg\" alt=\"El mapa de la okupaci\u00f3n en Espa\u00f1a\" class=\"wp-image-34714\" srcset=\"https:\/\/www.estateone.biz\/blog\/wp-content\/uploads\/2023\/11\/02-okupa.jpg 750w, https:\/\/www.estateone.biz\/blog\/wp-content\/uploads\/2023\/11\/02-okupa-300x169.jpg 300w\" sizes=\"(max-width: 750px) 100vw, 750px\" \/><figcaption>Catalu\u00f1a es la comunidad aut\u00f3noma espa\u00f1ola con mayor \u00edndice de <em>okupaci\u00f3n<\/em><\/figcaption><\/figure>\n\n\n\n<h2><strong>UN CRECIMIENTO A CONSIDERAR<\/strong><\/h2>\n\n\n\n<p>Echando la vista atr\u00e1s, observamos que hay <strong>un crecimiento del fen\u00f3meno de la <em>okupaci\u00f3n <\/em>que cuando menos deber\u00eda considerarse<\/strong>. En los <strong>\u00faltimos cinco a\u00f1os<\/strong> las <strong>infracciones penales<\/strong> relacionadas con esta pr\u00e1ctica <strong>aumentaron en Espa\u00f1a un 37%<\/strong>. En cifras, observamos que <strong>hemos pasado de 12.214 denuncias en el a\u00f1o 2018 a 16.726 en 2022<\/strong>, con el a\u00f1adido de que <strong>en 2021 se lleg\u00f3 a la cifra de 17.274 denuncias<\/strong> (m\u00e1ximo hist\u00f3rico hasta la fecha). <a href=\"https:\/\/www.estateone.biz\/blog\/nueva-ley-de-vivienda\/\" target=\"_blank\" rel=\"noreferrer noopener\">Hace unos meses habl\u00e1bamos en este blog de la <strong>nueva Ley de Vivienda<\/strong><\/a> y entonces ya constat\u00e1bamos la preocupaci\u00f3n de bastantes propietarios sobre <strong>la indefensi\u00f3n que existe cuando una vivienda es <em>okupada<\/em><\/strong>. Tambi\u00e9n hablamos este blog de <strong><a href=\"https:\/\/www.estateone.biz\/blog\/los-paises-bajos-se-blindan-contra-el-fenomeno-okupa\/\" target=\"_blank\" rel=\"noreferrer noopener\">c\u00f3mo en Pa\u00edses Bajos la <em>okupaci\u00f3n<\/em> es casi residual<\/a><\/strong> gracias a leyes creadas para combatir esta pr\u00e1ctica. Sea como fuere, se trata de un tema sensible para la opini\u00f3n p\u00fablica espa\u00f1ola al que deber\u00e1 buscarse una soluci\u00f3n cuanto antes adoptando las pol\u00edticas que correspondan.<\/p>\n\n\n\n<p><strong>Imagen 01:<\/strong> <a href=\"https:\/\/madridpress.com\/\" target=\"_blank\" rel=\"noreferrer noopener\">madridpress.com<\/a> <\/p>\n\n\n\n<p><strong>Imagen 02:<\/strong> <a href=\"https:\/\/www.freepik.es\/autor\/frimufilms\" target=\"_blank\" rel=\"noreferrer noopener\">frimufilms<\/a> <\/p>\n","protected":false},"excerpt":{"rendered":"<p>El fen\u00f3meno de la okupaci\u00f3n preocupa a muchos espa\u00f1oles, que no se sienten seguros y temen que la casa que quieren alquilar sea okupada. \u00bfEn qu\u00e9 regiones de Espa\u00f1a se practica m\u00e1s la okupaci\u00f3n? \u00bfD\u00f3nde existe un mayor riesgo de que nuestra casa sea okupada? Recientemente el Ministerio del Interior se hizo eco de un &hellip;<\/p>\n","protected":false},"author":1,"featured_media":34716,"comment_status":"open","ping_status":"open","sticky":false,"template":"","format":"standard","meta":[],"categories":[81],"tags":[1736,1737],"yoast_head":"<!-- This site is optimized with the Yoast SEO plugin v19.6.1 - https:\/\/yoast.com\/wordpress\/plugins\/seo\/ -->\n<title>El mapa de la okupaci\u00f3n en Espa\u00f1a - Blog, dulce blog<\/title>\n<meta name=\"description\" content=\"El fen\u00f3meno de la okupaci\u00f3n preocupa a muchos espa\u00f1oles, que no se sienten seguros y temen que la casa que quieren alquilar sea okupada\" \/>\n<meta name=\"robots\" content=\"index, follow, max-snippet:-1, max-image-preview:large, max-video-preview:-1\" \/>\n<link rel=\"canonical\" href=\"https:\/\/www.estateone.biz\/blog\/el-mapa-de-la-okupacion-en-espana\/\" \/>\n<meta property=\"og:locale\" content=\"es_ES\" \/>\n<meta property=\"og:type\" content=\"article\" \/>\n<meta property=\"og:title\" content=\"El mapa de la okupaci\u00f3n en Espa\u00f1a - Blog, dulce blog\" \/>\n<meta property=\"og:description\" content=\"El fen\u00f3meno de la okupaci\u00f3n preocupa a muchos espa\u00f1oles, que no se sienten seguros y temen que la casa que quieren alquilar sea okupada\" \/>\n<meta property=\"og:url\" content=\"https:\/\/www.estateone.biz\/blog\/el-mapa-de-la-okupacion-en-espana\/\" \/>\n<meta property=\"og:site_name\" content=\"Blog, dulce blog\" \/>\n<meta property=\"article:published_time\" content=\"2023-11-07T20:42:19+00:00\" \/>\n<meta property=\"article:modified_time\" content=\"2023-11-07T20:43:46+00:00\" \/>\n<meta property=\"og:image\" content=\"https:\/\/www.estateone.biz\/blog\/wp-content\/uploads\/2023\/11\/00-okupa.jpg\" \/>\n\t<meta property=\"og:image:width\" content=\"650\" \/>\n\t<meta property=\"og:image:height\" content=\"351\" \/>\n\t<meta property=\"og:image:type\" content=\"image\/jpeg\" \/>\n<meta name=\"author\" content=\"Estate One\" \/>\n<meta name=\"twitter:card\" content=\"summary\" \/>\n<meta name=\"twitter:label1\" content=\"Escrito por\" \/>\n\t<meta name=\"twitter:data1\" content=\"Estate One\" \/>\n\t<meta name=\"twitter:label2\" content=\"Tiempo de lectura\" \/>\n\t<meta name=\"twitter:data2\" content=\"4 minutos\" \/>\n<script type=\"application\/ld+json\" class=\"yoast-schema-graph\">{\"@context\":\"https:\/\/schema.org\",\"@graph\":[{\"@type\":\"WebPage\",\"@id\":\"https:\/\/www.estateone.biz\/blog\/el-mapa-de-la-okupacion-en-espana\/\",\"url\":\"https:\/\/www.estateone.biz\/blog\/el-mapa-de-la-okupacion-en-espana\/\",\"name\":\"El mapa de la okupaci\u00f3n en Espa\u00f1a - Blog, dulce blog\",\"isPartOf\":{\"@id\":\"https:\/\/www.estateone.biz\/blog\/?lang=en\/#website\"},\"datePublished\":\"2023-11-07T20:42:19+00:00\",\"dateModified\":\"2023-11-07T20:43:46+00:00\",\"author\":{\"@id\":\"https:\/\/www.estateone.biz\/blog\/?lang=en\/#\/schema\/person\/5c4d73bb88472ee2f9325e6ce4f634d7\"},\"description\":\"El fen\u00f3meno de la okupaci\u00f3n preocupa a muchos espa\u00f1oles, que no se sienten seguros y temen que la casa que quieren alquilar sea okupada\",\"breadcrumb\":{\"@id\":\"https:\/\/www.estateone.biz\/blog\/el-mapa-de-la-okupacion-en-espana\/#breadcrumb\"},\"inLanguage\":\"es\",\"potentialAction\":[{\"@type\":\"ReadAction\",\"target\":[\"https:\/\/www.estateone.biz\/blog\/el-mapa-de-la-okupacion-en-espana\/\"]}]},{\"@type\":\"BreadcrumbList\",\"@id\":\"https:\/\/www.estateone.biz\/blog\/el-mapa-de-la-okupacion-en-espana\/#breadcrumb\",\"itemListElement\":[{\"@type\":\"ListItem\",\"position\":1,\"name\":\"Portada\",\"item\":\"https:\/\/www.estateone.biz\/blog\/?lang=en\/\"},{\"@type\":\"ListItem\",\"position\":2,\"name\":\"El mapa de la okupaci\u00f3n en Espa\u00f1a\"}]},{\"@type\":\"WebSite\",\"@id\":\"https:\/\/www.estateone.biz\/blog\/?lang=en\/#website\",\"url\":\"https:\/\/www.estateone.biz\/blog\/?lang=en\/\",\"name\":\"Blog, dulce blog\",\"description\":\"El blog inmobiliario de Estate One\",\"potentialAction\":[{\"@type\":\"SearchAction\",\"target\":{\"@type\":\"EntryPoint\",\"urlTemplate\":\"https:\/\/www.estateone.biz\/blog\/?lang=en\/?s={search_term_string}\"},\"query-input\":\"required name=search_term_string\"}],\"inLanguage\":\"es\"},{\"@type\":\"Person\",\"@id\":\"https:\/\/www.estateone.biz\/blog\/?lang=en\/#\/schema\/person\/5c4d73bb88472ee2f9325e6ce4f634d7\",\"name\":\"Estate One\",\"image\":{\"@type\":\"ImageObject\",\"inLanguage\":\"es\",\"@id\":\"https:\/\/www.estateone.biz\/blog\/?lang=en\/#\/schema\/person\/image\/\",\"url\":\"https:\/\/secure.gravatar.com\/avatar\/b36ec0d2dc5448ccdc0852ddf52cf7a4?s=96&d=identicon&r=g\",\"contentUrl\":\"https:\/\/secure.gravatar.com\/avatar\/b36ec0d2dc5448ccdc0852ddf52cf7a4?s=96&d=identicon&r=g\",\"caption\":\"Estate One\"},\"description\":\"Estate One somos una compa\u00f1\u00eda con un amplio conocimiento del mercado inmobiliario en Espa\u00f1a y una s\u00f3lida experiencia en prestigiosas empresas del sector.\",\"sameAs\":[\"http:\/\/estateone.biz\/\"],\"url\":\"https:\/\/www.estateone.biz\/blog\/author\/wpluzti\/\"}]}<\/script>\n<!-- \/ Yoast SEO plugin. -->","yoast_head_json":{"title":"El mapa de la okupaci\u00f3n en Espa\u00f1a - Blog, dulce blog","description":"El fen\u00f3meno de la okupaci\u00f3n preocupa a muchos espa\u00f1oles, que no se sienten seguros y temen que la casa que quieren alquilar sea okupada","robots":{"index":"index","follow":"follow","max-snippet":"max-snippet:-1","max-image-preview":"max-image-preview:large","max-video-preview":"max-video-preview:-1"},"canonical":"https:\/\/www.estateone.biz\/blog\/el-mapa-de-la-okupacion-en-espana\/","og_locale":"es_ES","og_type":"article","og_title":"El mapa de la okupaci\u00f3n en Espa\u00f1a - Blog, dulce blog","og_description":"El fen\u00f3meno de la okupaci\u00f3n preocupa a muchos espa\u00f1oles, que no se sienten seguros y temen que la casa que quieren alquilar sea okupada","og_url":"https:\/\/www.estateone.biz\/blog\/el-mapa-de-la-okupacion-en-espana\/","og_site_name":"Blog, dulce blog","article_published_time":"2023-11-07T20:42:19+00:00","article_modified_time":"2023-11-07T20:43:46+00:00","og_image":[{"width":650,"height":351,"url":"https:\/\/www.estateone.biz\/blog\/wp-content\/uploads\/2023\/11\/00-okupa.jpg","type":"image\/jpeg"}],"author":"Estate One","twitter_card":"summary","twitter_misc":{"Escrito por":"Estate One","Tiempo de lectura":"4 minutos"},"schema":{"@context":"https:\/\/schema.org","@graph":[{"@type":"WebPage","@id":"https:\/\/www.estateone.biz\/blog\/el-mapa-de-la-okupacion-en-espana\/","url":"https:\/\/www.estateone.biz\/blog\/el-mapa-de-la-okupacion-en-espana\/","name":"El mapa de la okupaci\u00f3n en Espa\u00f1a - Blog, dulce blog","isPartOf":{"@id":"https:\/\/www.estateone.biz\/blog\/?lang=en\/#website"},"datePublished":"2023-11-07T20:42:19+00:00","dateModified":"2023-11-07T20:43:46+00:00","author":{"@id":"https:\/\/www.estateone.biz\/blog\/?lang=en\/#\/schema\/person\/5c4d73bb88472ee2f9325e6ce4f634d7"},"description":"El fen\u00f3meno de la okupaci\u00f3n preocupa a muchos espa\u00f1oles, que no se sienten seguros y temen que la casa que quieren alquilar sea okupada","breadcrumb":{"@id":"https:\/\/www.estateone.biz\/blog\/el-mapa-de-la-okupacion-en-espana\/#breadcrumb"},"inLanguage":"es","potentialAction":[{"@type":"ReadAction","target":["https:\/\/www.estateone.biz\/blog\/el-mapa-de-la-okupacion-en-espana\/"]}]},{"@type":"BreadcrumbList","@id":"https:\/\/www.estateone.biz\/blog\/el-mapa-de-la-okupacion-en-espana\/#breadcrumb","itemListElement":[{"@type":"ListItem","position":1,"name":"Portada","item":"https:\/\/www.estateone.biz\/blog\/?lang=en\/"},{"@type":"ListItem","position":2,"name":"El mapa de la okupaci\u00f3n en Espa\u00f1a"}]},{"@type":"WebSite","@id":"https:\/\/www.estateone.biz\/blog\/?lang=en\/#website","url":"https:\/\/www.estateone.biz\/blog\/?lang=en\/","name":"Blog, dulce blog","description":"El blog inmobiliario de Estate One","potentialAction":[{"@type":"SearchAction","target":{"@type":"EntryPoint","urlTemplate":"https:\/\/www.estateone.biz\/blog\/?lang=en\/?s={search_term_string}"},"query-input":"required name=search_term_string"}],"inLanguage":"es"},{"@type":"Person","@id":"https:\/\/www.estateone.biz\/blog\/?lang=en\/#\/schema\/person\/5c4d73bb88472ee2f9325e6ce4f634d7","name":"Estate One","image":{"@type":"ImageObject","inLanguage":"es","@id":"https:\/\/www.estateone.biz\/blog\/?lang=en\/#\/schema\/person\/image\/","url":"https:\/\/secure.gravatar.com\/avatar\/b36ec0d2dc5448ccdc0852ddf52cf7a4?s=96&d=identicon&r=g","contentUrl":"https:\/\/secure.gravatar.com\/avatar\/b36ec0d2dc5448ccdc0852ddf52cf7a4?s=96&d=identicon&r=g","caption":"Estate One"},"description":"Estate One somos una compa\u00f1\u00eda con un amplio conocimiento del mercado inmobiliario en Espa\u00f1a y una s\u00f3lida experiencia en prestigiosas empresas del sector.","sameAs":["http:\/\/estateone.biz\/"],"url":"https:\/\/www.estateone.biz\/blog\/author\/wpluzti\/"}]}},"_links":{"self":[{"href":"https:\/\/www.estateone.biz\/blog\/wp-json\/wp\/v2\/posts\/34712"}],"collection":[{"href":"https:\/\/www.estateone.biz\/blog\/wp-json\/wp\/v2\/posts"}],"about":[{"href":"https:\/\/www.estateone.biz\/blog\/wp-json\/wp\/v2\/types\/post"}],"author":[{"embeddable":true,"href":"https:\/\/www.estateone.biz\/blog\/wp-json\/wp\/v2\/users\/1"}],"replies":[{"embeddable":true,"href":"https:\/\/www.estateone.biz\/blog\/wp-json\/wp\/v2\/comments?post=34712"}],"version-history":[{"count":1,"href":"https:\/\/www.estateone.biz\/blog\/wp-json\/wp\/v2\/posts\/34712\/revisions"}],"predecessor-version":[{"id":34715,"href":"https:\/\/www.estateone.biz\/blog\/wp-json\/wp\/v2\/posts\/34712\/revisions\/34715"}],"wp:featuredmedia":[{"embeddable":true,"href":"https:\/\/www.estateone.biz\/blog\/wp-json\/wp\/v2\/media\/34716"}],"wp:attachment":[{"href":"https:\/\/www.estateone.biz\/blog\/wp-json\/wp\/v2\/media?parent=34712"}],"wp:term":[{"taxonomy":"category","embeddable":true,"href":"https:\/\/www.estateone.biz\/blog\/wp-json\/wp\/v2\/categories?post=34712"},{"taxonomy":"post_tag","embeddable":true,"href":"https:\/\/www.estateone.biz\/blog\/wp-json\/wp\/v2\/tags?post=34712"}],"curies":[{"name":"wp","href":"https:\/\/api.w.org\/{rel}","templated":true}]}}