{"id":35192,"date":"2024-07-31T10:09:27","date_gmt":"2024-07-31T08:09:27","guid":{"rendered":"https:\/\/www.estateone.biz\/blog\/?p=35192"},"modified":"2024-07-31T10:11:39","modified_gmt":"2024-07-31T08:11:39","slug":"teatro-fernan-gomez-centro-cultural-de-la-villa-2","status":"publish","type":"post","link":"https:\/\/www.estateone.biz\/blog\/teatro-fernan-gomez-centro-cultural-de-la-villa-2\/","title":{"rendered":"Teatro Fern\u00e1n G\u00f3mez Centro Cultural de la Villa"},"content":{"rendered":"\n<p>El <strong>Teatro Fern\u00e1n G\u00f3mez Centro Cultural de la Villa <\/strong>es un edificio dedicado a <strong>las artes esc\u00e9nicas y la cultura<\/strong> donde pueden presenciarse multitud de espect\u00e1culos art\u00edsticos. El recinto, que <strong>se ubica en la plaza de Col\u00f3n<\/strong>, al lado de <strong>la Biblioteca Nacional<\/strong>, se divide en <strong>tres espacios culturales<\/strong> <strong>y una sala polivalente<\/strong>. Los espacios culturales est\u00e1n formados por <strong>dos salas para representaciones<\/strong> (la <strong>Sala Guirau<\/strong> y la <strong>Sala Jardiel Poncela<\/strong>) y una <strong>sala de exposiciones<\/strong>. <\/p>\n\n\n\n<figure class=\"wp-block-image size-full\"><img loading=\"lazy\" width=\"750\" height=\"563\" src=\"https:\/\/www.estateone.biz\/blog\/wp-content\/uploads\/2024\/07\/01-fernan.jpg\" alt=\"Teatro Fern\u00e1n G\u00f3mez Centro Cultural de la Villa\" class=\"wp-image-35194\" srcset=\"https:\/\/www.estateone.biz\/blog\/wp-content\/uploads\/2024\/07\/01-fernan.jpg 750w, https:\/\/www.estateone.biz\/blog\/wp-content\/uploads\/2024\/07\/01-fernan-300x225.jpg 300w\" sizes=\"(max-width: 750px) 100vw, 750px\" \/><figcaption>El Teatro Fern\u00e1n G\u00f3mez y las Torres de Col\u00f3n en la Plaza de Col\u00f3n de Madrid<\/figcaption><\/figure>\n\n\n\n<p>Enseguida las conoceremos m\u00e1s en detalle, pero antes queremos recalcar la versatilidad del <strong>Teatro Fern\u00e1n G\u00f3mez<\/strong>, pues adem\u00e1s de la <strong>representaci\u00f3n de obras de teatro<\/strong>, en \u00e9l tienen lugar <strong>conciertos, espect\u00e1culos de danza, coloquios, conferencias<\/strong> e incluso <strong>actividades dirigidas al p\u00fablico infantil<\/strong>. <\/p>\n\n\n\n<figure class=\"wp-block-image size-full\"><img loading=\"lazy\" width=\"750\" height=\"497\" src=\"https:\/\/www.estateone.biz\/blog\/wp-content\/uploads\/2024\/07\/02-fernan.jpg\" alt=\"Teatro Fern\u00e1n G\u00f3mez Centro Cultural de la Villa\" class=\"wp-image-35195\" srcset=\"https:\/\/www.estateone.biz\/blog\/wp-content\/uploads\/2024\/07\/02-fernan.jpg 750w, https:\/\/www.estateone.biz\/blog\/wp-content\/uploads\/2024\/07\/02-fernan-300x199.jpg 300w\" sizes=\"(max-width: 750px) 100vw, 750px\" \/><figcaption>El teatro se ubica en la plaza de Col\u00f3n, al lado de la Biblioteca Nacional<\/figcaption><\/figure>\n\n\n\n<p>Sin duda, se trata de <strong>un espacio muy aprovechado para el mundo del arte y la cultura,<\/strong> pero resulta todav\u00eda m\u00e1s valioso si se tiene en cuenta que <strong>fue rehabilitado a conciencia para poder ser el lugar que ahora conocemos<\/strong>. Hoy nos adentramos en el <strong>Teatro Fern\u00e1n G\u00f3mez <\/strong>de la mano de nuestra secci\u00f3n <strong>Rehabilitar es Habitar<\/strong>, que hab\u00edamos dejado <a href=\"https:\/\/www.estateone.biz\/blog\/beti-jai-una-joya-arquitectonica-rehabilitada\/\" target=\"_blank\" rel=\"noreferrer noopener\"><strong>despu\u00e9s de visitar<\/strong> <strong>el front\u00f3n Beti Jai<\/strong><\/a>.<\/p>\n\n\n\n<figure class=\"wp-block-image size-full\"><img loading=\"lazy\" width=\"750\" height=\"500\" src=\"https:\/\/www.estateone.biz\/blog\/wp-content\/uploads\/2024\/07\/03-fernan.jpg\" alt=\"Teatro Fern\u00e1n G\u00f3mez Centro Cultural de la Villa\" class=\"wp-image-35196\" srcset=\"https:\/\/www.estateone.biz\/blog\/wp-content\/uploads\/2024\/07\/03-fernan.jpg 750w, https:\/\/www.estateone.biz\/blog\/wp-content\/uploads\/2024\/07\/03-fernan-300x200.jpg 300w\" sizes=\"(max-width: 750px) 100vw, 750px\" \/><figcaption>El recinto cuenta con tres espacios culturales y una sala polivalente. En la imagen, interior del teatro antes de una representaci\u00f3n<\/figcaption><\/figure>\n\n\n\n<h2><strong>4 ESPACIOS PARA TODO TIPO DE ACTOS<\/strong><\/h2>\n\n\n\n<p>El teatro seinaugur\u00f3 en<strong> mayo de 1977<\/strong> con el nombre <strong>de Centro Cultural de la Villa de Madrid<\/strong>. En 2007 cambiar\u00eda su nombre por el de <strong>Teatro Fern\u00e1n G\u00f3mez-Centro de Arte<\/strong> para rendir homenaje al genial actor espa\u00f1ol, fallecido ese mismo a\u00f1o, hasta que en 2014 adquiri\u00f3 finalmente su nombre actual,<strong> Teatro Fern\u00e1n G\u00f3mez Centro Cultural de la Villa<\/strong>. <\/p>\n\n\n\n<figure class=\"wp-block-image size-full\"><img loading=\"lazy\" width=\"750\" height=\"500\" src=\"https:\/\/www.estateone.biz\/blog\/wp-content\/uploads\/2024\/07\/04-fernan.jpg\" alt=\"Teatro Fern\u00e1n G\u00f3mez Centro Cultural de la Villa\" class=\"wp-image-35197\" srcset=\"https:\/\/www.estateone.biz\/blog\/wp-content\/uploads\/2024\/07\/04-fernan.jpg 750w, https:\/\/www.estateone.biz\/blog\/wp-content\/uploads\/2024\/07\/04-fernan-300x200.jpg 300w\" sizes=\"(max-width: 750px) 100vw, 750px\" \/><figcaption>Festival flamenco en el Teatro Fern\u00e1n G\u00f3mez-Centro Cultural de la Villa<\/figcaption><\/figure>\n\n\n\n<p>Una de las principales caracter\u00edsticas del teatro es que desde el primer d\u00eda se representan en \u00e9l <strong>obras de autores cl\u00e1sicos y contempor\u00e1neos<\/strong>, por lo que el espectro de funciones que pueden verse en su interior siempre resulta muy amplio. La sala principal del teatro es <strong>la Sala Guirau, que cuenta con una capacidad para 682 personas<\/strong>. En ella pueden verse <strong>obras<\/strong> <strong>teatrales y de danza<\/strong>, as\u00ed como <strong>conciertos de zarzuela<\/strong> y <strong>espect\u00e1culos infantiles<\/strong>. <\/p>\n\n\n\n<figure class=\"wp-block-image size-full\"><img loading=\"lazy\" width=\"750\" height=\"500\" src=\"https:\/\/www.estateone.biz\/blog\/wp-content\/uploads\/2024\/07\/05-fernan.jpg\" alt=\"Teatro Fern\u00e1n G\u00f3mez Centro Cultural de la Villa\" class=\"wp-image-35198\" srcset=\"https:\/\/www.estateone.biz\/blog\/wp-content\/uploads\/2024\/07\/05-fernan.jpg 750w, https:\/\/www.estateone.biz\/blog\/wp-content\/uploads\/2024\/07\/05-fernan-300x200.jpg 300w\" sizes=\"(max-width: 750px) 100vw, 750px\" \/><figcaption>La Sala Guirau, la m\u00e1s grande de todo el recinto<\/figcaption><\/figure>\n\n\n\n<p>Por su parte, la <strong>Sala Jardiel Poncela<\/strong>, con una<strong> capacidad de 174 espectadores,<\/strong> est\u00e1 centrada en <strong>una programaci\u00f3n m\u00e1s vanguardista y alternativa<\/strong>. Adem\u00e1s de obras teatrales, tambi\u00e9n se realizan en ella <strong>espect\u00e1culos musicales y de danza<\/strong>, as\u00ed como <strong>actividades para ni\u00f1os, conferencias, talleres y recitales de poes\u00eda<\/strong>. En el s\u00f3tano se ubica la <strong>Sala de Exposiciones<\/strong>, donde pueden verse <strong>muestras de todo tipo de disciplinas art\u00edsticas<\/strong>. Por \u00faltimo, la <strong>Sala Polivalente<\/strong> acoge <strong>coloquios, conferencias y talleres<\/strong>, entre otro tipo de actividades.<\/p>\n\n\n\n<figure class=\"wp-block-image size-full\"><img loading=\"lazy\" width=\"750\" height=\"497\" src=\"https:\/\/www.estateone.biz\/blog\/wp-content\/uploads\/2024\/07\/06-fernan.jpg\" alt=\"Teatro Fern\u00e1n G\u00f3mez Centro Cultural de la Villa\" class=\"wp-image-35199\" srcset=\"https:\/\/www.estateone.biz\/blog\/wp-content\/uploads\/2024\/07\/06-fernan.jpg 750w, https:\/\/www.estateone.biz\/blog\/wp-content\/uploads\/2024\/07\/06-fernan-300x199.jpg 300w\" sizes=\"(max-width: 750px) 100vw, 750px\" \/><figcaption>Mural en las instalaciones del teatro<\/figcaption><\/figure>\n\n\n\n<h2><strong>UNA REHABILITACI\u00d3N A CONCIENCIA<\/strong><\/h2>\n\n\n\n<p>Tras 40 a\u00f1os en activo, se hizo necesaria <strong>una rehabilitaci\u00f3n para mejorar el aspecto del teatro y modernizar sus instalaciones<\/strong>: para ello, se trabaj\u00f3 concienzudamente durante meses en <strong>una rehabilitaci\u00f3n integral que tuvo un coste de un mill\u00f3n y medio de euros<\/strong>. Entre otras cosas, <strong>se reforz\u00f3 la estructura del escenario, se modernizaron los accesos, se actualizaron los vest\u00edbulos y las zonas interiores y se mejor\u00f3 la accesibilidad del edificio<\/strong>.<\/p>\n\n\n\n<figure class=\"wp-block-image size-full\"><img loading=\"lazy\" width=\"750\" height=\"500\" src=\"https:\/\/www.estateone.biz\/blog\/wp-content\/uploads\/2024\/07\/07-fernan.jpg\" alt=\"Teatro Fern\u00e1n G\u00f3mez Centro Cultural de la Villa\" class=\"wp-image-35200\" srcset=\"https:\/\/www.estateone.biz\/blog\/wp-content\/uploads\/2024\/07\/07-fernan.jpg 750w, https:\/\/www.estateone.biz\/blog\/wp-content\/uploads\/2024\/07\/07-fernan-300x200.jpg 300w\" sizes=\"(max-width: 750px) 100vw, 750px\" \/><figcaption>Exposici\u00f3n dedicada a Gloria Fuertes<\/figcaption><\/figure>\n\n\n\n<h2><strong>\u00bfSAB\u00cdAS QU\u00c9\u2026?<\/strong><\/h2>\n\n\n\n<p>El <strong>Teatro Fern\u00e1n G\u00f3mez <\/strong>no s\u00f3lo se usa para realizar representaciones; en ocasiones <strong>ha sido utilizado como lugar de culto<\/strong>, pues en \u00e9l se han colocado <strong>capillas ardientes de personajes relevantes de nuestra cultura<\/strong>, como es el caso de <strong>Lola Flores, Roc\u00edo Jurado<\/strong> o <strong>Tony Leblanc<\/strong>.<\/p>\n\n\n\n<p><strong>Imagen 01:<\/strong> Cvbr<\/p>\n\n\n\n<p><strong>Im\u00e1genes 02, 04 y 07:<\/strong> <a href=\"https:\/\/diario.madrid.es\/\" target=\"_blank\" rel=\"noreferrer noopener\">Diario de Madrid<\/a> <\/p>\n\n\n\n<p><strong>Im\u00e1genes 03 y 05:<\/strong> <a href=\"https:\/\/www.flickr.com\/photos\/93983365@N04\/\" target=\"_blank\" rel=\"noreferrer noopener\">TEDxMadrid<\/a> <\/p>\n\n\n\n<p><strong>Imagen 06:<\/strong> <a href=\"https:\/\/www.flickr.com\/photos\/ciukes\/\" target=\"_blank\" rel=\"noreferrer noopener\">ciukes<\/a> <\/p>\n","protected":false},"excerpt":{"rendered":"<p>El Teatro Fern\u00e1n G\u00f3mez Centro Cultural de la Villa es un edificio dedicado a las artes esc\u00e9nicas y la cultura donde pueden presenciarse multitud de espect\u00e1culos art\u00edsticos. El recinto, que se ubica en la plaza de Col\u00f3n, al lado de la Biblioteca Nacional, se divide en tres espacios culturales y una sala polivalente. Los espacios &hellip;<\/p>\n","protected":false},"author":1,"featured_media":35202,"comment_status":"open","ping_status":"open","sticky":false,"template":"","format":"standard","meta":[],"categories":[47],"tags":[49,380,1856,1857],"yoast_head":"<!-- This site is optimized with the Yoast SEO plugin v19.6.1 - https:\/\/yoast.com\/wordpress\/plugins\/seo\/ -->\n<title>Teatro Fern\u00e1n G\u00f3mez Centro Cultural de la Villa - Blog, dulce blog<\/title>\n<meta name=\"description\" content=\"El Teatro Fern\u00e1n G\u00f3mez Centro Cultural de la Villa es un edificio dedicado a las artes esc\u00e9nicas y la cultura donde pueden presenciarse multitud de espect\u00e1culos art\u00edsticos\" \/>\n<meta name=\"robots\" content=\"index, follow, max-snippet:-1, max-image-preview:large, max-video-preview:-1\" \/>\n<link rel=\"canonical\" href=\"https:\/\/www.estateone.biz\/blog\/teatro-fernan-gomez-centro-cultural-de-la-villa-2\/\" \/>\n<meta property=\"og:locale\" content=\"es_ES\" \/>\n<meta property=\"og:type\" content=\"article\" \/>\n<meta property=\"og:title\" content=\"Teatro Fern\u00e1n G\u00f3mez Centro Cultural de la Villa - Blog, dulce blog\" \/>\n<meta property=\"og:description\" content=\"El Teatro Fern\u00e1n G\u00f3mez Centro Cultural de la Villa es un edificio dedicado a las artes esc\u00e9nicas y la cultura donde pueden presenciarse multitud de espect\u00e1culos art\u00edsticos\" \/>\n<meta property=\"og:url\" content=\"https:\/\/www.estateone.biz\/blog\/teatro-fernan-gomez-centro-cultural-de-la-villa-2\/\" \/>\n<meta property=\"og:site_name\" content=\"Blog, dulce blog\" \/>\n<meta property=\"article:published_time\" content=\"2024-07-31T08:09:27+00:00\" \/>\n<meta property=\"article:modified_time\" content=\"2024-07-31T08:11:39+00:00\" \/>\n<meta property=\"og:image\" content=\"https:\/\/www.estateone.biz\/blog\/wp-content\/uploads\/2024\/07\/00-fernan.jpg\" \/>\n\t<meta property=\"og:image:width\" content=\"650\" \/>\n\t<meta property=\"og:image:height\" content=\"380\" \/>\n\t<meta property=\"og:image:type\" content=\"image\/jpeg\" \/>\n<meta name=\"author\" content=\"Estate One\" \/>\n<meta name=\"twitter:card\" content=\"summary\" \/>\n<meta name=\"twitter:label1\" content=\"Escrito por\" \/>\n\t<meta name=\"twitter:data1\" content=\"Estate One\" \/>\n\t<meta name=\"twitter:label2\" content=\"Tiempo de lectura\" \/>\n\t<meta name=\"twitter:data2\" content=\"5 minutos\" \/>\n<script type=\"application\/ld+json\" class=\"yoast-schema-graph\">{\"@context\":\"https:\/\/schema.org\",\"@graph\":[{\"@type\":\"WebPage\",\"@id\":\"https:\/\/www.estateone.biz\/blog\/teatro-fernan-gomez-centro-cultural-de-la-villa-2\/\",\"url\":\"https:\/\/www.estateone.biz\/blog\/teatro-fernan-gomez-centro-cultural-de-la-villa-2\/\",\"name\":\"Teatro Fern\u00e1n G\u00f3mez Centro Cultural de la Villa - Blog, dulce blog\",\"isPartOf\":{\"@id\":\"https:\/\/www.estateone.biz\/blog\/?lang=en\/#website\"},\"datePublished\":\"2024-07-31T08:09:27+00:00\",\"dateModified\":\"2024-07-31T08:11:39+00:00\",\"author\":{\"@id\":\"https:\/\/www.estateone.biz\/blog\/?lang=en\/#\/schema\/person\/5c4d73bb88472ee2f9325e6ce4f634d7\"},\"description\":\"El Teatro Fern\u00e1n G\u00f3mez Centro Cultural de la Villa es un edificio dedicado a las artes esc\u00e9nicas y la cultura donde pueden presenciarse multitud de espect\u00e1culos art\u00edsticos\",\"breadcrumb\":{\"@id\":\"https:\/\/www.estateone.biz\/blog\/teatro-fernan-gomez-centro-cultural-de-la-villa-2\/#breadcrumb\"},\"inLanguage\":\"es\",\"potentialAction\":[{\"@type\":\"ReadAction\",\"target\":[\"https:\/\/www.estateone.biz\/blog\/teatro-fernan-gomez-centro-cultural-de-la-villa-2\/\"]}]},{\"@type\":\"BreadcrumbList\",\"@id\":\"https:\/\/www.estateone.biz\/blog\/teatro-fernan-gomez-centro-cultural-de-la-villa-2\/#breadcrumb\",\"itemListElement\":[{\"@type\":\"ListItem\",\"position\":1,\"name\":\"Portada\",\"item\":\"https:\/\/www.estateone.biz\/blog\/?lang=en\/\"},{\"@type\":\"ListItem\",\"position\":2,\"name\":\"Teatro Fern\u00e1n G\u00f3mez Centro Cultural de la Villa\"}]},{\"@type\":\"WebSite\",\"@id\":\"https:\/\/www.estateone.biz\/blog\/?lang=en\/#website\",\"url\":\"https:\/\/www.estateone.biz\/blog\/?lang=en\/\",\"name\":\"Blog, dulce blog\",\"description\":\"El blog inmobiliario de Estate One\",\"potentialAction\":[{\"@type\":\"SearchAction\",\"target\":{\"@type\":\"EntryPoint\",\"urlTemplate\":\"https:\/\/www.estateone.biz\/blog\/?lang=en\/?s={search_term_string}\"},\"query-input\":\"required name=search_term_string\"}],\"inLanguage\":\"es\"},{\"@type\":\"Person\",\"@id\":\"https:\/\/www.estateone.biz\/blog\/?lang=en\/#\/schema\/person\/5c4d73bb88472ee2f9325e6ce4f634d7\",\"name\":\"Estate One\",\"image\":{\"@type\":\"ImageObject\",\"inLanguage\":\"es\",\"@id\":\"https:\/\/www.estateone.biz\/blog\/?lang=en\/#\/schema\/person\/image\/\",\"url\":\"https:\/\/secure.gravatar.com\/avatar\/b36ec0d2dc5448ccdc0852ddf52cf7a4?s=96&d=identicon&r=g\",\"contentUrl\":\"https:\/\/secure.gravatar.com\/avatar\/b36ec0d2dc5448ccdc0852ddf52cf7a4?s=96&d=identicon&r=g\",\"caption\":\"Estate One\"},\"description\":\"Estate One somos una compa\u00f1\u00eda con un amplio conocimiento del mercado inmobiliario en Espa\u00f1a y una s\u00f3lida experiencia en prestigiosas empresas del sector.\",\"sameAs\":[\"http:\/\/estateone.biz\/\"],\"url\":\"https:\/\/www.estateone.biz\/blog\/author\/wpluzti\/\"}]}<\/script>\n<!-- \/ Yoast SEO plugin. -->","yoast_head_json":{"title":"Teatro Fern\u00e1n G\u00f3mez Centro Cultural de la Villa - Blog, dulce blog","description":"El Teatro Fern\u00e1n G\u00f3mez Centro Cultural de la Villa es un edificio dedicado a las artes esc\u00e9nicas y la cultura donde pueden presenciarse multitud de espect\u00e1culos art\u00edsticos","robots":{"index":"index","follow":"follow","max-snippet":"max-snippet:-1","max-image-preview":"max-image-preview:large","max-video-preview":"max-video-preview:-1"},"canonical":"https:\/\/www.estateone.biz\/blog\/teatro-fernan-gomez-centro-cultural-de-la-villa-2\/","og_locale":"es_ES","og_type":"article","og_title":"Teatro Fern\u00e1n G\u00f3mez Centro Cultural de la Villa - Blog, dulce blog","og_description":"El Teatro Fern\u00e1n G\u00f3mez Centro Cultural de la Villa es un edificio dedicado a las artes esc\u00e9nicas y la cultura donde pueden presenciarse multitud de espect\u00e1culos art\u00edsticos","og_url":"https:\/\/www.estateone.biz\/blog\/teatro-fernan-gomez-centro-cultural-de-la-villa-2\/","og_site_name":"Blog, dulce blog","article_published_time":"2024-07-31T08:09:27+00:00","article_modified_time":"2024-07-31T08:11:39+00:00","og_image":[{"width":650,"height":380,"url":"https:\/\/www.estateone.biz\/blog\/wp-content\/uploads\/2024\/07\/00-fernan.jpg","type":"image\/jpeg"}],"author":"Estate One","twitter_card":"summary","twitter_misc":{"Escrito por":"Estate One","Tiempo de lectura":"5 minutos"},"schema":{"@context":"https:\/\/schema.org","@graph":[{"@type":"WebPage","@id":"https:\/\/www.estateone.biz\/blog\/teatro-fernan-gomez-centro-cultural-de-la-villa-2\/","url":"https:\/\/www.estateone.biz\/blog\/teatro-fernan-gomez-centro-cultural-de-la-villa-2\/","name":"Teatro Fern\u00e1n G\u00f3mez Centro Cultural de la Villa - Blog, dulce blog","isPartOf":{"@id":"https:\/\/www.estateone.biz\/blog\/?lang=en\/#website"},"datePublished":"2024-07-31T08:09:27+00:00","dateModified":"2024-07-31T08:11:39+00:00","author":{"@id":"https:\/\/www.estateone.biz\/blog\/?lang=en\/#\/schema\/person\/5c4d73bb88472ee2f9325e6ce4f634d7"},"description":"El Teatro Fern\u00e1n G\u00f3mez Centro Cultural de la Villa es un edificio dedicado a las artes esc\u00e9nicas y la cultura donde pueden presenciarse multitud de espect\u00e1culos art\u00edsticos","breadcrumb":{"@id":"https:\/\/www.estateone.biz\/blog\/teatro-fernan-gomez-centro-cultural-de-la-villa-2\/#breadcrumb"},"inLanguage":"es","potentialAction":[{"@type":"ReadAction","target":["https:\/\/www.estateone.biz\/blog\/teatro-fernan-gomez-centro-cultural-de-la-villa-2\/"]}]},{"@type":"BreadcrumbList","@id":"https:\/\/www.estateone.biz\/blog\/teatro-fernan-gomez-centro-cultural-de-la-villa-2\/#breadcrumb","itemListElement":[{"@type":"ListItem","position":1,"name":"Portada","item":"https:\/\/www.estateone.biz\/blog\/?lang=en\/"},{"@type":"ListItem","position":2,"name":"Teatro Fern\u00e1n G\u00f3mez Centro Cultural de la Villa"}]},{"@type":"WebSite","@id":"https:\/\/www.estateone.biz\/blog\/?lang=en\/#website","url":"https:\/\/www.estateone.biz\/blog\/?lang=en\/","name":"Blog, dulce blog","description":"El blog inmobiliario de Estate One","potentialAction":[{"@type":"SearchAction","target":{"@type":"EntryPoint","urlTemplate":"https:\/\/www.estateone.biz\/blog\/?lang=en\/?s={search_term_string}"},"query-input":"required name=search_term_string"}],"inLanguage":"es"},{"@type":"Person","@id":"https:\/\/www.estateone.biz\/blog\/?lang=en\/#\/schema\/person\/5c4d73bb88472ee2f9325e6ce4f634d7","name":"Estate One","image":{"@type":"ImageObject","inLanguage":"es","@id":"https:\/\/www.estateone.biz\/blog\/?lang=en\/#\/schema\/person\/image\/","url":"https:\/\/secure.gravatar.com\/avatar\/b36ec0d2dc5448ccdc0852ddf52cf7a4?s=96&d=identicon&r=g","contentUrl":"https:\/\/secure.gravatar.com\/avatar\/b36ec0d2dc5448ccdc0852ddf52cf7a4?s=96&d=identicon&r=g","caption":"Estate One"},"description":"Estate One somos una compa\u00f1\u00eda con un amplio conocimiento del mercado inmobiliario en Espa\u00f1a y una s\u00f3lida experiencia en prestigiosas empresas del sector.","sameAs":["http:\/\/estateone.biz\/"],"url":"https:\/\/www.estateone.biz\/blog\/author\/wpluzti\/"}]}},"_links":{"self":[{"href":"https:\/\/www.estateone.biz\/blog\/wp-json\/wp\/v2\/posts\/35192"}],"collection":[{"href":"https:\/\/www.estateone.biz\/blog\/wp-json\/wp\/v2\/posts"}],"about":[{"href":"https:\/\/www.estateone.biz\/blog\/wp-json\/wp\/v2\/types\/post"}],"author":[{"embeddable":true,"href":"https:\/\/www.estateone.biz\/blog\/wp-json\/wp\/v2\/users\/1"}],"replies":[{"embeddable":true,"href":"https:\/\/www.estateone.biz\/blog\/wp-json\/wp\/v2\/comments?post=35192"}],"version-history":[{"count":1,"href":"https:\/\/www.estateone.biz\/blog\/wp-json\/wp\/v2\/posts\/35192\/revisions"}],"predecessor-version":[{"id":35201,"href":"https:\/\/www.estateone.biz\/blog\/wp-json\/wp\/v2\/posts\/35192\/revisions\/35201"}],"wp:featuredmedia":[{"embeddable":true,"href":"https:\/\/www.estateone.biz\/blog\/wp-json\/wp\/v2\/media\/35202"}],"wp:attachment":[{"href":"https:\/\/www.estateone.biz\/blog\/wp-json\/wp\/v2\/media?parent=35192"}],"wp:term":[{"taxonomy":"category","embeddable":true,"href":"https:\/\/www.estateone.biz\/blog\/wp-json\/wp\/v2\/categories?post=35192"},{"taxonomy":"post_tag","embeddable":true,"href":"https:\/\/www.estateone.biz\/blog\/wp-json\/wp\/v2\/tags?post=35192"}],"curies":[{"name":"wp","href":"https:\/\/api.w.org\/{rel}","templated":true}]}}