{"id":35265,"date":"2024-10-02T09:40:30","date_gmt":"2024-10-02T07:40:30","guid":{"rendered":"https:\/\/www.estateone.biz\/blog\/?p=35265"},"modified":"2025-01-06T11:44:30","modified_gmt":"2025-01-06T10:44:30","slug":"indice-para-actualizar-los-alquileres","status":"publish","type":"post","link":"https:\/\/www.estateone.biz\/blog\/indice-para-actualizar-los-alquileres\/","title":{"rendered":"\u00cdndice para actualizar los alquileres"},"content":{"rendered":"\n<p>El <strong>\u00edndice para actualizar los precios de los alquileres<\/strong> estar\u00e1 listo <strong>a finales del mes de diciembre<\/strong>, aunque todav\u00eda se desconoce c\u00f3mo quedar\u00e1 establecido. El <strong>Instituto Nacional de Estad\u00edstica (INE)<\/strong> a\u00fan no ha transmitido ninguna informaci\u00f3n al respecto, aunque <strong>se espera que el indicador sea m\u00e1s bajo que el del \u00cdndice de Precios al Consumo (IPC)<\/strong>. No olvidemos que casi todos los contratos de vivienda tienen como referencia el IPC, por lo que comparar los dos indicadores resulta inevitable. El nuevo \u00edndice deber\u00e1 estar preparado <strong>antes del 31 de diciembre<\/strong>, y ser\u00e1 <strong>la referencia para actualizar el precio de los alquileres a partir de 2025<\/strong>. El objetivo es <strong>acabar con las subidas de precios desproporcionadas que en ocasiones se dan en nuestro pa\u00eds con los alquileres<\/strong>. <a href=\"https:\/\/www.estateone.biz\/blog\/nueva-ley-de-vivienda\/\" target=\"_blank\" rel=\"noreferrer noopener\">Cuando se aprob\u00f3 <strong>la ley de vivienda<\/strong><\/a>, uno de los grandes retos era <strong>regular el precio del alquiler<\/strong>, algo que no logr\u00f3 realizarse, <strong><a href=\"https:\/\/www.estateone.biz\/blog\/el-precio-del-alquiler-mas-alto-que-nunca\/\" target=\"_blank\" rel=\"noreferrer noopener\">como ya hemos contado en este blog<\/a><\/strong>. Actualmente s\u00f3lo es posible subir un 3% el precio del alquiler para los contratos que se renuevan en 2024; un a\u00f1o antes, <strong><a href=\"https:\/\/www.estateone.biz\/blog\/el-limite-del-precio-del-alquiler-garantia-de-ahorro\/\" target=\"_blank\" rel=\"noreferrer noopener\">en 2023, el tope de subida era del 2%, y ya hab\u00eda voces discrepantes en cuanto al ahorro que supon\u00eda aplicarlo<\/a><\/strong>. Ahora se sabe que las cosas van a cambiar a partir del a\u00f1o que viene, aunque seguimos expectantes para conocer los cambios con exactitud.<\/p>\n\n\n\n<figure class=\"wp-block-image size-full\"><img loading=\"lazy\" width=\"750\" height=\"494\" src=\"https:\/\/www.estateone.biz\/blog\/wp-content\/uploads\/2024\/10\/01-indice.jpg\" alt=\"\u00cdndice para actualizar los alquileres\" class=\"wp-image-35267\" srcset=\"https:\/\/www.estateone.biz\/blog\/wp-content\/uploads\/2024\/10\/01-indice.jpg 750w, https:\/\/www.estateone.biz\/blog\/wp-content\/uploads\/2024\/10\/01-indice-300x198.jpg 300w\" sizes=\"(max-width: 750px) 100vw, 750px\" \/><figcaption>Se espera que el \u00edndice para actualizar los precios de los alquileres est\u00e9 listo a finales de diciembre<\/figcaption><\/figure>\n\n\n\n<h2><strong>EL NUEVO \u00cdNDICE Y EL IPC<\/strong><\/h2>\n\n\n\n<p>Como ya hemos dicho, el nuevo \u00edndice que entrar\u00e1 en vigor a partir de 2025, servir\u00e1 para <strong>actualizar cada a\u00f1o los contratos de pisos que se encuentren en alquiler <\/strong>(siempre y cuando as\u00ed lo indique una cl\u00e1usula en el contrato correspondiente). <strong>Dicho \u00edndice ya no depender\u00e1 exclusivamente del IPC<\/strong>. \u00bfCu\u00e1l es el motivo? Como sabemos, el IPC se ha considerado tradicionalmente como un \u00edndice seguro para actualizar el precio del alquiler, pero <strong>en 2021 y 2022 se produjeron subidas exageradas. <\/strong>En el verano de 2022, dichas subidas casi llegaron al 11%, alentadas por la alta inflaci\u00f3n, lo cual hizo reaccionar al Gobierno. Fue entonces cuando <strong>se decidi\u00f3 desvincular la subida de los alquileres con el IPC<\/strong>, estableci\u00e9ndose una subida m\u00e1xima (primero del 2 y luego del 3%) en espera de un nuevo \u00edndice. Este nuevo \u00edndice llegar\u00e1 por fin antes de que termine el a\u00f1o, y en funci\u00f3n de c\u00f3mo sea <strong>podr\u00eda cambiar la situaci\u00f3n de las viviendas de alquiler en Espa\u00f1a<\/strong>.<\/p>\n\n\n\n<figure class=\"wp-block-image size-full\"><img loading=\"lazy\" width=\"750\" height=\"500\" src=\"https:\/\/www.estateone.biz\/blog\/wp-content\/uploads\/2024\/10\/02-indice.jpg\" alt=\"\u00cdndice para actualizar los alquileres\" class=\"wp-image-35268\" srcset=\"https:\/\/www.estateone.biz\/blog\/wp-content\/uploads\/2024\/10\/02-indice.jpg 750w, https:\/\/www.estateone.biz\/blog\/wp-content\/uploads\/2024\/10\/02-indice-300x200.jpg 300w\" sizes=\"(max-width: 750px) 100vw, 750px\" \/><figcaption>El nuevo \u00edndice no depender\u00e1 exclusivamente del IPC debido a las subidas que se produjeron a\u00f1os atr\u00e1s a causa de la alta inflaci\u00f3n<\/figcaption><\/figure>\n\n\n\n<h2><strong>\u00bfUN \u00cdNDICE DEMASIADO BAJO?<\/strong><\/h2>\n\n\n\n<p>A\u00fan se desconoce casi todo sobre el nuevo \u00edndice. Por ejemplo, si afectar\u00e1 a todos los contratos de alquiler o s\u00f3lo a los que fueron formalizados despu\u00e9s de la ley de vivienda. Sea como fuere, <strong>algunos analistas alertan sobre el peligro de establecer un \u00edndice de precios notablemente inferior al IPC<\/strong>. Como ejemplo, se se\u00f1alan <strong>los pisos de renta sostenible<\/strong>, pues en ellos la rentabilidad ser\u00eda muy baja, lo cual <strong>podr\u00eda provocar que sus propietarios los retirasen del mercado<\/strong>. Esto afectar\u00eda directamente a nuestra oferta de pisos de alquiler, reduci\u00e9ndola todav\u00eda m\u00e1s de lo que se encuentra en estos momentos. Es uno de los temores que existen, pues adem\u00e1s de reducir la oferta para los que buscan piso de alquiler, la imagen de nuestro pa\u00eds como posible destino para alquilar vivienda podr\u00eda resentirse. Recordemos que a pesar de la subida de precios de los \u00faltimos meses <strong><a href=\"https:\/\/www.estateone.biz\/blog\/la-vivienda-de-alquiler-en-europa\/\" target=\"_blank\" rel=\"noreferrer noopener\">Espa\u00f1a es uno de los pa\u00edses m\u00e1s interesantes para alquilar vivienda en Europa actualmente<\/a><\/strong>; por ello, es importante que las medidas que se tomen favorezcan el acceso al alquiler sin desestabilizar el mercado.<\/p>\n\n\n\n<p><strong>Imagen 01:<\/strong> <a href=\"https:\/\/www.freepik.es\/autor\/our-team\" target=\"_blank\" rel=\"noreferrer noopener\">our-team<\/a> <\/p>\n\n\n\n<p><strong>Imagen 02:<\/strong> <a href=\"https:\/\/www.freepik.es\/autor\/mindandi\" target=\"_blank\" rel=\"noreferrer noopener\">mindandi<\/a> <\/p>\n","protected":false},"excerpt":{"rendered":"<p>El \u00edndice para actualizar los precios de los alquileres estar\u00e1 listo a finales del mes de diciembre, aunque todav\u00eda se desconoce c\u00f3mo quedar\u00e1 establecido. El Instituto Nacional de Estad\u00edstica (INE) a\u00fan no ha transmitido ninguna informaci\u00f3n al respecto, aunque se espera que el indicador sea m\u00e1s bajo que el del \u00cdndice de Precios al Consumo &hellip;<\/p>\n","protected":false},"author":1,"featured_media":35266,"comment_status":"open","ping_status":"open","sticky":false,"template":"","format":"standard","meta":[],"categories":[66],"tags":[172,1704,1863,1864],"yoast_head":"<!-- This site is optimized with the Yoast SEO plugin v19.6.1 - https:\/\/yoast.com\/wordpress\/plugins\/seo\/ -->\n<title>\u00cdndice para actualizar los alquileres - Blog, dulce blog<\/title>\n<meta name=\"description\" content=\"El \u00edndice para actualizar los precios de los alquileres estar\u00e1 listo a finales del mes de diciembre, aunque todav\u00eda se desconoce c\u00f3mo quedar\u00e1 establecido\" \/>\n<meta name=\"robots\" content=\"index, follow, max-snippet:-1, max-image-preview:large, max-video-preview:-1\" \/>\n<link rel=\"canonical\" href=\"https:\/\/www.estateone.biz\/blog\/indice-para-actualizar-los-alquileres\/\" \/>\n<meta property=\"og:locale\" content=\"es_ES\" \/>\n<meta property=\"og:type\" content=\"article\" \/>\n<meta property=\"og:title\" content=\"\u00cdndice para actualizar los alquileres - Blog, dulce blog\" \/>\n<meta property=\"og:description\" content=\"El \u00edndice para actualizar los precios de los alquileres estar\u00e1 listo a finales del mes de diciembre, aunque todav\u00eda se desconoce c\u00f3mo quedar\u00e1 establecido\" \/>\n<meta property=\"og:url\" content=\"https:\/\/www.estateone.biz\/blog\/indice-para-actualizar-los-alquileres\/\" \/>\n<meta property=\"og:site_name\" content=\"Blog, dulce blog\" \/>\n<meta property=\"article:published_time\" content=\"2024-10-02T07:40:30+00:00\" \/>\n<meta property=\"article:modified_time\" content=\"2025-01-06T10:44:30+00:00\" \/>\n<meta property=\"og:image\" content=\"https:\/\/www.estateone.biz\/blog\/wp-content\/uploads\/2024\/10\/00-indice.jpg\" \/>\n\t<meta property=\"og:image:width\" content=\"650\" \/>\n\t<meta property=\"og:image:height\" content=\"389\" \/>\n\t<meta property=\"og:image:type\" content=\"image\/jpeg\" \/>\n<meta name=\"author\" content=\"Estate One\" \/>\n<meta name=\"twitter:card\" content=\"summary\" \/>\n<meta name=\"twitter:label1\" content=\"Escrito por\" \/>\n\t<meta name=\"twitter:data1\" content=\"Estate One\" \/>\n\t<meta name=\"twitter:label2\" content=\"Tiempo de lectura\" \/>\n\t<meta name=\"twitter:data2\" content=\"4 minutos\" \/>\n<script type=\"application\/ld+json\" class=\"yoast-schema-graph\">{\"@context\":\"https:\/\/schema.org\",\"@graph\":[{\"@type\":\"WebPage\",\"@id\":\"https:\/\/www.estateone.biz\/blog\/indice-para-actualizar-los-alquileres\/\",\"url\":\"https:\/\/www.estateone.biz\/blog\/indice-para-actualizar-los-alquileres\/\",\"name\":\"\u00cdndice para actualizar los alquileres - Blog, dulce blog\",\"isPartOf\":{\"@id\":\"https:\/\/www.estateone.biz\/blog\/?lang=en\/#website\"},\"datePublished\":\"2024-10-02T07:40:30+00:00\",\"dateModified\":\"2025-01-06T10:44:30+00:00\",\"author\":{\"@id\":\"https:\/\/www.estateone.biz\/blog\/?lang=en\/#\/schema\/person\/5c4d73bb88472ee2f9325e6ce4f634d7\"},\"description\":\"El \u00edndice para actualizar los precios de los alquileres estar\u00e1 listo a finales del mes de diciembre, aunque todav\u00eda se desconoce c\u00f3mo quedar\u00e1 establecido\",\"breadcrumb\":{\"@id\":\"https:\/\/www.estateone.biz\/blog\/indice-para-actualizar-los-alquileres\/#breadcrumb\"},\"inLanguage\":\"es\",\"potentialAction\":[{\"@type\":\"ReadAction\",\"target\":[\"https:\/\/www.estateone.biz\/blog\/indice-para-actualizar-los-alquileres\/\"]}]},{\"@type\":\"BreadcrumbList\",\"@id\":\"https:\/\/www.estateone.biz\/blog\/indice-para-actualizar-los-alquileres\/#breadcrumb\",\"itemListElement\":[{\"@type\":\"ListItem\",\"position\":1,\"name\":\"Portada\",\"item\":\"https:\/\/www.estateone.biz\/blog\/?lang=en\/\"},{\"@type\":\"ListItem\",\"position\":2,\"name\":\"\u00cdndice para actualizar los alquileres\"}]},{\"@type\":\"WebSite\",\"@id\":\"https:\/\/www.estateone.biz\/blog\/?lang=en\/#website\",\"url\":\"https:\/\/www.estateone.biz\/blog\/?lang=en\/\",\"name\":\"Blog, dulce blog\",\"description\":\"El blog inmobiliario de Estate One\",\"potentialAction\":[{\"@type\":\"SearchAction\",\"target\":{\"@type\":\"EntryPoint\",\"urlTemplate\":\"https:\/\/www.estateone.biz\/blog\/?lang=en\/?s={search_term_string}\"},\"query-input\":\"required name=search_term_string\"}],\"inLanguage\":\"es\"},{\"@type\":\"Person\",\"@id\":\"https:\/\/www.estateone.biz\/blog\/?lang=en\/#\/schema\/person\/5c4d73bb88472ee2f9325e6ce4f634d7\",\"name\":\"Estate One\",\"image\":{\"@type\":\"ImageObject\",\"inLanguage\":\"es\",\"@id\":\"https:\/\/www.estateone.biz\/blog\/?lang=en\/#\/schema\/person\/image\/\",\"url\":\"https:\/\/secure.gravatar.com\/avatar\/b36ec0d2dc5448ccdc0852ddf52cf7a4?s=96&d=identicon&r=g\",\"contentUrl\":\"https:\/\/secure.gravatar.com\/avatar\/b36ec0d2dc5448ccdc0852ddf52cf7a4?s=96&d=identicon&r=g\",\"caption\":\"Estate One\"},\"description\":\"Estate One somos una compa\u00f1\u00eda con un amplio conocimiento del mercado inmobiliario en Espa\u00f1a y una s\u00f3lida experiencia en prestigiosas empresas del sector.\",\"sameAs\":[\"http:\/\/estateone.biz\/\"],\"url\":\"https:\/\/www.estateone.biz\/blog\/author\/wpluzti\/\"}]}<\/script>\n<!-- \/ Yoast SEO plugin. -->","yoast_head_json":{"title":"\u00cdndice para actualizar los alquileres - Blog, dulce blog","description":"El \u00edndice para actualizar los precios de los alquileres estar\u00e1 listo a finales del mes de diciembre, aunque todav\u00eda se desconoce c\u00f3mo quedar\u00e1 establecido","robots":{"index":"index","follow":"follow","max-snippet":"max-snippet:-1","max-image-preview":"max-image-preview:large","max-video-preview":"max-video-preview:-1"},"canonical":"https:\/\/www.estateone.biz\/blog\/indice-para-actualizar-los-alquileres\/","og_locale":"es_ES","og_type":"article","og_title":"\u00cdndice para actualizar los alquileres - Blog, dulce blog","og_description":"El \u00edndice para actualizar los precios de los alquileres estar\u00e1 listo a finales del mes de diciembre, aunque todav\u00eda se desconoce c\u00f3mo quedar\u00e1 establecido","og_url":"https:\/\/www.estateone.biz\/blog\/indice-para-actualizar-los-alquileres\/","og_site_name":"Blog, dulce blog","article_published_time":"2024-10-02T07:40:30+00:00","article_modified_time":"2025-01-06T10:44:30+00:00","og_image":[{"width":650,"height":389,"url":"https:\/\/www.estateone.biz\/blog\/wp-content\/uploads\/2024\/10\/00-indice.jpg","type":"image\/jpeg"}],"author":"Estate One","twitter_card":"summary","twitter_misc":{"Escrito por":"Estate One","Tiempo de lectura":"4 minutos"},"schema":{"@context":"https:\/\/schema.org","@graph":[{"@type":"WebPage","@id":"https:\/\/www.estateone.biz\/blog\/indice-para-actualizar-los-alquileres\/","url":"https:\/\/www.estateone.biz\/blog\/indice-para-actualizar-los-alquileres\/","name":"\u00cdndice para actualizar los alquileres - Blog, dulce blog","isPartOf":{"@id":"https:\/\/www.estateone.biz\/blog\/?lang=en\/#website"},"datePublished":"2024-10-02T07:40:30+00:00","dateModified":"2025-01-06T10:44:30+00:00","author":{"@id":"https:\/\/www.estateone.biz\/blog\/?lang=en\/#\/schema\/person\/5c4d73bb88472ee2f9325e6ce4f634d7"},"description":"El \u00edndice para actualizar los precios de los alquileres estar\u00e1 listo a finales del mes de diciembre, aunque todav\u00eda se desconoce c\u00f3mo quedar\u00e1 establecido","breadcrumb":{"@id":"https:\/\/www.estateone.biz\/blog\/indice-para-actualizar-los-alquileres\/#breadcrumb"},"inLanguage":"es","potentialAction":[{"@type":"ReadAction","target":["https:\/\/www.estateone.biz\/blog\/indice-para-actualizar-los-alquileres\/"]}]},{"@type":"BreadcrumbList","@id":"https:\/\/www.estateone.biz\/blog\/indice-para-actualizar-los-alquileres\/#breadcrumb","itemListElement":[{"@type":"ListItem","position":1,"name":"Portada","item":"https:\/\/www.estateone.biz\/blog\/?lang=en\/"},{"@type":"ListItem","position":2,"name":"\u00cdndice para actualizar los alquileres"}]},{"@type":"WebSite","@id":"https:\/\/www.estateone.biz\/blog\/?lang=en\/#website","url":"https:\/\/www.estateone.biz\/blog\/?lang=en\/","name":"Blog, dulce blog","description":"El blog inmobiliario de Estate One","potentialAction":[{"@type":"SearchAction","target":{"@type":"EntryPoint","urlTemplate":"https:\/\/www.estateone.biz\/blog\/?lang=en\/?s={search_term_string}"},"query-input":"required name=search_term_string"}],"inLanguage":"es"},{"@type":"Person","@id":"https:\/\/www.estateone.biz\/blog\/?lang=en\/#\/schema\/person\/5c4d73bb88472ee2f9325e6ce4f634d7","name":"Estate One","image":{"@type":"ImageObject","inLanguage":"es","@id":"https:\/\/www.estateone.biz\/blog\/?lang=en\/#\/schema\/person\/image\/","url":"https:\/\/secure.gravatar.com\/avatar\/b36ec0d2dc5448ccdc0852ddf52cf7a4?s=96&d=identicon&r=g","contentUrl":"https:\/\/secure.gravatar.com\/avatar\/b36ec0d2dc5448ccdc0852ddf52cf7a4?s=96&d=identicon&r=g","caption":"Estate One"},"description":"Estate One somos una compa\u00f1\u00eda con un amplio conocimiento del mercado inmobiliario en Espa\u00f1a y una s\u00f3lida experiencia en prestigiosas empresas del sector.","sameAs":["http:\/\/estateone.biz\/"],"url":"https:\/\/www.estateone.biz\/blog\/author\/wpluzti\/"}]}},"_links":{"self":[{"href":"https:\/\/www.estateone.biz\/blog\/wp-json\/wp\/v2\/posts\/35265"}],"collection":[{"href":"https:\/\/www.estateone.biz\/blog\/wp-json\/wp\/v2\/posts"}],"about":[{"href":"https:\/\/www.estateone.biz\/blog\/wp-json\/wp\/v2\/types\/post"}],"author":[{"embeddable":true,"href":"https:\/\/www.estateone.biz\/blog\/wp-json\/wp\/v2\/users\/1"}],"replies":[{"embeddable":true,"href":"https:\/\/www.estateone.biz\/blog\/wp-json\/wp\/v2\/comments?post=35265"}],"version-history":[{"count":3,"href":"https:\/\/www.estateone.biz\/blog\/wp-json\/wp\/v2\/posts\/35265\/revisions"}],"predecessor-version":[{"id":35493,"href":"https:\/\/www.estateone.biz\/blog\/wp-json\/wp\/v2\/posts\/35265\/revisions\/35493"}],"wp:featuredmedia":[{"embeddable":true,"href":"https:\/\/www.estateone.biz\/blog\/wp-json\/wp\/v2\/media\/35266"}],"wp:attachment":[{"href":"https:\/\/www.estateone.biz\/blog\/wp-json\/wp\/v2\/media?parent=35265"}],"wp:term":[{"taxonomy":"category","embeddable":true,"href":"https:\/\/www.estateone.biz\/blog\/wp-json\/wp\/v2\/categories?post=35265"},{"taxonomy":"post_tag","embeddable":true,"href":"https:\/\/www.estateone.biz\/blog\/wp-json\/wp\/v2\/tags?post=35265"}],"curies":[{"name":"wp","href":"https:\/\/api.w.org\/{rel}","templated":true}]}}