{"id":35399,"date":"2024-12-10T13:56:30","date_gmt":"2024-12-10T12:56:30","guid":{"rendered":"https:\/\/www.estateone.biz\/blog\/?p=35399"},"modified":"2024-12-10T13:56:32","modified_gmt":"2024-12-10T12:56:32","slug":"navidad-en-la-memoria","status":"publish","type":"post","link":"https:\/\/www.estateone.biz\/blog\/navidad-en-la-memoria\/","title":{"rendered":"Navidad en la memoria"},"content":{"rendered":"\n<p>Se acerca la <strong>Navidad<\/strong> y en el blog de Estate One retrocedemos varias d\u00e9cadas para <strong>recuperar estampas navide\u00f1as de un Madrid de otros tiempos<\/strong>. En la era de la tecnolog\u00eda, cuando la vida sin internet resulta inconcebible, echar la vista atr\u00e1s sirve para <strong>recordar que antes tambi\u00e9n se disfrutaba de la Navidad en Madrid<\/strong>, aunque no hubiera tel\u00e9fonos m\u00f3viles ni redes sociales para inmortalizar el momento. La \u00faltima vez que visitamos nuestra secci\u00f3n <strong>Un Paseo Por el Pasado<\/strong> fue para <strong><a href=\"https:\/\/www.estateone.biz\/blog\/la-pradera-de-san-isidro-buceando-en-su-pasado\/\" target=\"_blank\" rel=\"noreferrer noopener\">dar una vuelta por la Pradera de San Isidro<\/a><\/strong>; hoy te proponemos <strong>viajar al pasado para<\/strong> <strong>vivir una Navidad de otro tiempo<\/strong>. \u00a1Ven con nosotros!<\/p>\n\n\n\n<figure class=\"wp-block-image size-full\"><img loading=\"lazy\" width=\"750\" height=\"422\" src=\"https:\/\/www.estateone.biz\/blog\/wp-content\/uploads\/2024\/12\/01-navidad.jpg\" alt=\"Navidad en la memoria\" class=\"wp-image-35401\" srcset=\"https:\/\/www.estateone.biz\/blog\/wp-content\/uploads\/2024\/12\/01-navidad.jpg 750w, https:\/\/www.estateone.biz\/blog\/wp-content\/uploads\/2024\/12\/01-navidad-300x169.jpg 300w\" sizes=\"(max-width: 750px) 100vw, 750px\" \/><figcaption>1908, comprando pollos o pavos en la Plaza Mayor<\/figcaption><\/figure>\n\n\n\n<p>Hace m\u00e1s de un siglo se iba a la Plaza Mayor para <strong>comprar el pollo o el pavo de la cena de Navidad<\/strong>; all\u00ed era ofrecido por vendedores y vendedoras que llevaban las aves colgadas de sus brazos. En la d\u00e9cada de los 40 <strong>los Reyes Magos bajaban en caballo por la Gran V\u00eda<\/strong> acompa\u00f1ados por pajes ante la expectaci\u00f3n de <strong>los madrile\u00f1os, que ve\u00edan la cabalgata desde la calle o los balcones<\/strong>.<\/p>\n\n\n\n<figure class=\"wp-block-image size-full\"><img loading=\"lazy\" width=\"750\" height=\"422\" src=\"https:\/\/www.estateone.biz\/blog\/wp-content\/uploads\/2024\/12\/02-navidad.jpg\" alt=\"\" class=\"wp-image-35402\" srcset=\"https:\/\/www.estateone.biz\/blog\/wp-content\/uploads\/2024\/12\/02-navidad.jpg 750w, https:\/\/www.estateone.biz\/blog\/wp-content\/uploads\/2024\/12\/02-navidad-300x169.jpg 300w\" sizes=\"(max-width: 750px) 100vw, 750px\" \/><figcaption>Cabalgata de Reyes a su paso por la Gran V\u00eda en 1948<\/figcaption><\/figure>\n\n\n\n<p>La <strong>Loter\u00eda de Navidad <\/strong>despertaba <strong>la misma ilusi\u00f3n que despierta hoy<\/strong>, como lo demuestran las fotograf\u00edas donde se pueden ver <strong>madrile\u00f1os esperando el Gordo<\/strong> con el m\u00e1ximo inter\u00e9s.<\/p>\n\n\n\n<figure class=\"wp-block-image size-full\"><img loading=\"lazy\" width=\"750\" height=\"422\" src=\"https:\/\/www.estateone.biz\/blog\/wp-content\/uploads\/2024\/12\/03-navidad.jpg\" alt=\"Navidad en la memoria\" class=\"wp-image-35403\" srcset=\"https:\/\/www.estateone.biz\/blog\/wp-content\/uploads\/2024\/12\/03-navidad.jpg 750w, https:\/\/www.estateone.biz\/blog\/wp-content\/uploads\/2024\/12\/03-navidad-300x169.jpg 300w\" sizes=\"(max-width: 750px) 100vw, 750px\" \/><figcaption>Madrile\u00f1as pendiente del Gordo en 1952<\/figcaption><\/figure>\n\n\n\n<h2><strong>LOS NI\u00d1OS, PROTAGONISTAS DE LA NAVIDAD<\/strong><\/h2>\n\n\n\n<p>Pero <strong>los grandes protagonistas de la Navidad son los ni\u00f1os<\/strong>, esto es algo que no ha cambiado con el paso de las d\u00e9cadas. \u00bfQui\u00e9n no se siente un poco ni\u00f1o cuando se acerca la Navidad? En los a\u00f1os 30 ning\u00fan ni\u00f1o quer\u00eda perderse <strong>los puestos de belenes en la Plaza de Santa Cruz<\/strong>, cita obligada en Navidad para todos los ni\u00f1os madrile\u00f1os.<\/p>\n\n\n\n<figure class=\"wp-block-image size-full\"><img loading=\"lazy\" width=\"750\" height=\"422\" src=\"https:\/\/www.estateone.biz\/blog\/wp-content\/uploads\/2024\/12\/04-navidad.jpg\" alt=\"Navidad en la memoria\" class=\"wp-image-35404\" srcset=\"https:\/\/www.estateone.biz\/blog\/wp-content\/uploads\/2024\/12\/04-navidad.jpg 750w, https:\/\/www.estateone.biz\/blog\/wp-content\/uploads\/2024\/12\/04-navidad-300x169.jpg 300w\" sizes=\"(max-width: 750px) 100vw, 750px\" \/><figcaption>Puesto navide\u00f1o en la Plaza de Santa Cruz (1933)<\/figcaption><\/figure>\n\n\n\n<p>Da lo mismo la edad que tengamos: \u00bfqui\u00e9n no se acerca a los escaparates de las tiendas para <strong>elegir el juguete que le pedir\u00eda a los Reyes<\/strong>?<\/p>\n\n\n\n<figure class=\"wp-block-image size-full\"><img loading=\"lazy\" width=\"750\" height=\"422\" src=\"https:\/\/www.estateone.biz\/blog\/wp-content\/uploads\/2024\/12\/05-navidad.jpg\" alt=\"\" class=\"wp-image-35405\" srcset=\"https:\/\/www.estateone.biz\/blog\/wp-content\/uploads\/2024\/12\/05-navidad.jpg 750w, https:\/\/www.estateone.biz\/blog\/wp-content\/uploads\/2024\/12\/05-navidad-300x169.jpg 300w\" sizes=\"(max-width: 750px) 100vw, 750px\" \/><figcaption>Ni\u00f1os mirando juguetes en 1959<\/figcaption><\/figure>\n\n\n\n<p>\u00bfO a qui\u00e9n no le apetece <strong>acercarse a un mercadillo navide\u00f1o para comprar una pandereta o probar una zambomba<\/strong>?<\/p>\n\n\n\n<figure class=\"wp-block-image size-full\"><img loading=\"lazy\" width=\"750\" height=\"422\" src=\"https:\/\/www.estateone.biz\/blog\/wp-content\/uploads\/2024\/12\/06-navidad.jpg\" alt=\"Navidad en la memoria\" class=\"wp-image-35406\" srcset=\"https:\/\/www.estateone.biz\/blog\/wp-content\/uploads\/2024\/12\/06-navidad.jpg 750w, https:\/\/www.estateone.biz\/blog\/wp-content\/uploads\/2024\/12\/06-navidad-300x169.jpg 300w\" sizes=\"(max-width: 750px) 100vw, 750px\" \/><figcaption>Ni\u00f1os con zambombas en la Plaza Mayor (a\u00f1os 60)<\/figcaption><\/figure>\n\n\n\n<h2><strong>OTRA NAVIDAD, LA MISMA ILUSI\u00d3N<\/strong><\/h2>\n\n\n\n<p>Seguramente no hemos cambiado tanto; nos sigue gustando <strong>buscar esos rincones de la ciudad donde se respira la Navidad<\/strong>, como un puesto callejero de alguna plaza. En \u00e9l podremos <strong>encontrar ese detalle que necesitamos para dar el toque navide\u00f1o que falta en casa<\/strong>.<\/p>\n\n\n\n<figure class=\"wp-block-image size-full\"><img loading=\"lazy\" width=\"750\" height=\"422\" src=\"https:\/\/www.estateone.biz\/blog\/wp-content\/uploads\/2024\/12\/07-navidad.jpg\" alt=\"Navidad en la memoria\" class=\"wp-image-35407\" srcset=\"https:\/\/www.estateone.biz\/blog\/wp-content\/uploads\/2024\/12\/07-navidad.jpg 750w, https:\/\/www.estateone.biz\/blog\/wp-content\/uploads\/2024\/12\/07-navidad-300x169.jpg 300w\" sizes=\"(max-width: 750px) 100vw, 750px\" \/><figcaption>Puestos navide\u00f1os en la d\u00e9cada de los 60<\/figcaption><\/figure>\n\n\n\n<p>Hoy en d\u00eda seguimos saliendo a la calle para descubrir <strong>c\u00f3mo se ve Madrid con las luces de Navidad<\/strong>, igual que d\u00e9cadas atr\u00e1s.<\/p>\n\n\n\n<figure class=\"wp-block-image size-full\"><img loading=\"lazy\" width=\"750\" height=\"422\" src=\"https:\/\/www.estateone.biz\/blog\/wp-content\/uploads\/2024\/12\/08-navidad.jpg\" alt=\"Navidad en la memoria\" class=\"wp-image-35408\" srcset=\"https:\/\/www.estateone.biz\/blog\/wp-content\/uploads\/2024\/12\/08-navidad.jpg 750w, https:\/\/www.estateone.biz\/blog\/wp-content\/uploads\/2024\/12\/08-navidad-300x169.jpg 300w\" sizes=\"(max-width: 750px) 100vw, 750px\" \/><figcaption>Luces navide\u00f1as en la Carrera de San Jer\u00f3nimo a mediados de los a\u00f1os 60<\/figcaption><\/figure>\n\n\n\n<p>Y cuando esperamos en la cabalgata seguimos teniendo la misma ilusi\u00f3n, las mismas ganas de ver a los Reyes, para luego llegar a casa y ver qu\u00e9 nos han dejado.<strong><\/strong><\/p>\n\n\n\n<figure class=\"wp-block-image size-full\"><img loading=\"lazy\" width=\"750\" height=\"422\" src=\"https:\/\/www.estateone.biz\/blog\/wp-content\/uploads\/2024\/12\/09-navidad.jpg\" alt=\"Navidad en la memoria\" class=\"wp-image-35409\" srcset=\"https:\/\/www.estateone.biz\/blog\/wp-content\/uploads\/2024\/12\/09-navidad.jpg 750w, https:\/\/www.estateone.biz\/blog\/wp-content\/uploads\/2024\/12\/09-navidad-300x169.jpg 300w\" sizes=\"(max-width: 750px) 100vw, 750px\" \/><figcaption>Cabalgata de Reyes<\/figcaption><\/figure>\n\n\n\n<p><strong>Imagen 01:<\/strong> Colecci\u00f3n George Eastman<\/p>\n\n\n\n<p><strong>Imagen 03:<\/strong> Francesc Catal\u00e1- Roca<\/p>\n\n\n\n<p><strong>Imagen 05:<\/strong> Mart\u00edn Santos Yuberos<\/p>\n\n\n\n<p><strong>Imagen 07:<\/strong> Agencia EFE<\/p>\n\n\n\n<p><strong>Imagen 08:<\/strong> Pepe Camp\u00faa<\/p>\n","protected":false},"excerpt":{"rendered":"<p>Se acerca la Navidad y en el blog de Estate One retrocedemos varias d\u00e9cadas para recuperar estampas navide\u00f1as de un Madrid de otros tiempos. En la era de la tecnolog\u00eda, cuando la vida sin internet resulta inconcebible, echar la vista atr\u00e1s sirve para recordar que antes tambi\u00e9n se disfrutaba de la Navidad en Madrid, aunque &hellip;<\/p>\n","protected":false},"author":1,"featured_media":35400,"comment_status":"open","ping_status":"open","sticky":false,"template":"","format":"standard","meta":[],"categories":[98],"tags":[142,1884,1885,1886],"yoast_head":"<!-- This site is optimized with the Yoast SEO plugin v19.6.1 - https:\/\/yoast.com\/wordpress\/plugins\/seo\/ -->\n<title>Navidad en la memoria - Blog, dulce blog<\/title>\n<meta name=\"description\" content=\"Se acerca la Navidad y en el blog de Estate One retrocedemos varias d\u00e9cadas para recuperar estampas navide\u00f1as de un Madrid de otros tiempos\" \/>\n<meta name=\"robots\" content=\"index, follow, max-snippet:-1, max-image-preview:large, max-video-preview:-1\" \/>\n<link rel=\"canonical\" href=\"https:\/\/www.estateone.biz\/blog\/navidad-en-la-memoria\/\" \/>\n<meta property=\"og:locale\" content=\"es_ES\" \/>\n<meta property=\"og:type\" content=\"article\" \/>\n<meta property=\"og:title\" content=\"Navidad en la memoria - Blog, dulce blog\" \/>\n<meta property=\"og:description\" content=\"Se acerca la Navidad y en el blog de Estate One retrocedemos varias d\u00e9cadas para recuperar estampas navide\u00f1as de un Madrid de otros tiempos\" \/>\n<meta property=\"og:url\" content=\"https:\/\/www.estateone.biz\/blog\/navidad-en-la-memoria\/\" \/>\n<meta property=\"og:site_name\" content=\"Blog, dulce blog\" \/>\n<meta property=\"article:published_time\" content=\"2024-12-10T12:56:30+00:00\" \/>\n<meta property=\"article:modified_time\" content=\"2024-12-10T12:56:32+00:00\" \/>\n<meta property=\"og:image\" content=\"https:\/\/www.estateone.biz\/blog\/wp-content\/uploads\/2024\/12\/00-navidad.jpg\" \/>\n\t<meta property=\"og:image:width\" content=\"650\" \/>\n\t<meta property=\"og:image:height\" content=\"366\" \/>\n\t<meta property=\"og:image:type\" content=\"image\/jpeg\" \/>\n<meta name=\"author\" content=\"Estate One\" \/>\n<meta name=\"twitter:card\" content=\"summary\" \/>\n<meta name=\"twitter:label1\" content=\"Escrito por\" \/>\n\t<meta name=\"twitter:data1\" content=\"Estate One\" \/>\n\t<meta name=\"twitter:label2\" content=\"Tiempo de lectura\" \/>\n\t<meta name=\"twitter:data2\" content=\"5 minutos\" \/>\n<script type=\"application\/ld+json\" class=\"yoast-schema-graph\">{\"@context\":\"https:\/\/schema.org\",\"@graph\":[{\"@type\":\"WebPage\",\"@id\":\"https:\/\/www.estateone.biz\/blog\/navidad-en-la-memoria\/\",\"url\":\"https:\/\/www.estateone.biz\/blog\/navidad-en-la-memoria\/\",\"name\":\"Navidad en la memoria - Blog, dulce blog\",\"isPartOf\":{\"@id\":\"https:\/\/www.estateone.biz\/blog\/?lang=en\/#website\"},\"datePublished\":\"2024-12-10T12:56:30+00:00\",\"dateModified\":\"2024-12-10T12:56:32+00:00\",\"author\":{\"@id\":\"https:\/\/www.estateone.biz\/blog\/?lang=en\/#\/schema\/person\/5c4d73bb88472ee2f9325e6ce4f634d7\"},\"description\":\"Se acerca la Navidad y en el blog de Estate One retrocedemos varias d\u00e9cadas para recuperar estampas navide\u00f1as de un Madrid de otros tiempos\",\"breadcrumb\":{\"@id\":\"https:\/\/www.estateone.biz\/blog\/navidad-en-la-memoria\/#breadcrumb\"},\"inLanguage\":\"es\",\"potentialAction\":[{\"@type\":\"ReadAction\",\"target\":[\"https:\/\/www.estateone.biz\/blog\/navidad-en-la-memoria\/\"]}]},{\"@type\":\"BreadcrumbList\",\"@id\":\"https:\/\/www.estateone.biz\/blog\/navidad-en-la-memoria\/#breadcrumb\",\"itemListElement\":[{\"@type\":\"ListItem\",\"position\":1,\"name\":\"Portada\",\"item\":\"https:\/\/www.estateone.biz\/blog\/?lang=en\/\"},{\"@type\":\"ListItem\",\"position\":2,\"name\":\"Navidad en la memoria\"}]},{\"@type\":\"WebSite\",\"@id\":\"https:\/\/www.estateone.biz\/blog\/?lang=en\/#website\",\"url\":\"https:\/\/www.estateone.biz\/blog\/?lang=en\/\",\"name\":\"Blog, dulce blog\",\"description\":\"El blog inmobiliario de Estate One\",\"potentialAction\":[{\"@type\":\"SearchAction\",\"target\":{\"@type\":\"EntryPoint\",\"urlTemplate\":\"https:\/\/www.estateone.biz\/blog\/?lang=en\/?s={search_term_string}\"},\"query-input\":\"required name=search_term_string\"}],\"inLanguage\":\"es\"},{\"@type\":\"Person\",\"@id\":\"https:\/\/www.estateone.biz\/blog\/?lang=en\/#\/schema\/person\/5c4d73bb88472ee2f9325e6ce4f634d7\",\"name\":\"Estate One\",\"image\":{\"@type\":\"ImageObject\",\"inLanguage\":\"es\",\"@id\":\"https:\/\/www.estateone.biz\/blog\/?lang=en\/#\/schema\/person\/image\/\",\"url\":\"https:\/\/secure.gravatar.com\/avatar\/b36ec0d2dc5448ccdc0852ddf52cf7a4?s=96&d=identicon&r=g\",\"contentUrl\":\"https:\/\/secure.gravatar.com\/avatar\/b36ec0d2dc5448ccdc0852ddf52cf7a4?s=96&d=identicon&r=g\",\"caption\":\"Estate One\"},\"description\":\"Estate One somos una compa\u00f1\u00eda con un amplio conocimiento del mercado inmobiliario en Espa\u00f1a y una s\u00f3lida experiencia en prestigiosas empresas del sector.\",\"sameAs\":[\"http:\/\/estateone.biz\/\"],\"url\":\"https:\/\/www.estateone.biz\/blog\/author\/wpluzti\/\"}]}<\/script>\n<!-- \/ Yoast SEO plugin. -->","yoast_head_json":{"title":"Navidad en la memoria - Blog, dulce blog","description":"Se acerca la Navidad y en el blog de Estate One retrocedemos varias d\u00e9cadas para recuperar estampas navide\u00f1as de un Madrid de otros tiempos","robots":{"index":"index","follow":"follow","max-snippet":"max-snippet:-1","max-image-preview":"max-image-preview:large","max-video-preview":"max-video-preview:-1"},"canonical":"https:\/\/www.estateone.biz\/blog\/navidad-en-la-memoria\/","og_locale":"es_ES","og_type":"article","og_title":"Navidad en la memoria - Blog, dulce blog","og_description":"Se acerca la Navidad y en el blog de Estate One retrocedemos varias d\u00e9cadas para recuperar estampas navide\u00f1as de un Madrid de otros tiempos","og_url":"https:\/\/www.estateone.biz\/blog\/navidad-en-la-memoria\/","og_site_name":"Blog, dulce blog","article_published_time":"2024-12-10T12:56:30+00:00","article_modified_time":"2024-12-10T12:56:32+00:00","og_image":[{"width":650,"height":366,"url":"https:\/\/www.estateone.biz\/blog\/wp-content\/uploads\/2024\/12\/00-navidad.jpg","type":"image\/jpeg"}],"author":"Estate One","twitter_card":"summary","twitter_misc":{"Escrito por":"Estate One","Tiempo de lectura":"5 minutos"},"schema":{"@context":"https:\/\/schema.org","@graph":[{"@type":"WebPage","@id":"https:\/\/www.estateone.biz\/blog\/navidad-en-la-memoria\/","url":"https:\/\/www.estateone.biz\/blog\/navidad-en-la-memoria\/","name":"Navidad en la memoria - Blog, dulce blog","isPartOf":{"@id":"https:\/\/www.estateone.biz\/blog\/?lang=en\/#website"},"datePublished":"2024-12-10T12:56:30+00:00","dateModified":"2024-12-10T12:56:32+00:00","author":{"@id":"https:\/\/www.estateone.biz\/blog\/?lang=en\/#\/schema\/person\/5c4d73bb88472ee2f9325e6ce4f634d7"},"description":"Se acerca la Navidad y en el blog de Estate One retrocedemos varias d\u00e9cadas para recuperar estampas navide\u00f1as de un Madrid de otros tiempos","breadcrumb":{"@id":"https:\/\/www.estateone.biz\/blog\/navidad-en-la-memoria\/#breadcrumb"},"inLanguage":"es","potentialAction":[{"@type":"ReadAction","target":["https:\/\/www.estateone.biz\/blog\/navidad-en-la-memoria\/"]}]},{"@type":"BreadcrumbList","@id":"https:\/\/www.estateone.biz\/blog\/navidad-en-la-memoria\/#breadcrumb","itemListElement":[{"@type":"ListItem","position":1,"name":"Portada","item":"https:\/\/www.estateone.biz\/blog\/?lang=en\/"},{"@type":"ListItem","position":2,"name":"Navidad en la memoria"}]},{"@type":"WebSite","@id":"https:\/\/www.estateone.biz\/blog\/?lang=en\/#website","url":"https:\/\/www.estateone.biz\/blog\/?lang=en\/","name":"Blog, dulce blog","description":"El blog inmobiliario de Estate One","potentialAction":[{"@type":"SearchAction","target":{"@type":"EntryPoint","urlTemplate":"https:\/\/www.estateone.biz\/blog\/?lang=en\/?s={search_term_string}"},"query-input":"required name=search_term_string"}],"inLanguage":"es"},{"@type":"Person","@id":"https:\/\/www.estateone.biz\/blog\/?lang=en\/#\/schema\/person\/5c4d73bb88472ee2f9325e6ce4f634d7","name":"Estate One","image":{"@type":"ImageObject","inLanguage":"es","@id":"https:\/\/www.estateone.biz\/blog\/?lang=en\/#\/schema\/person\/image\/","url":"https:\/\/secure.gravatar.com\/avatar\/b36ec0d2dc5448ccdc0852ddf52cf7a4?s=96&d=identicon&r=g","contentUrl":"https:\/\/secure.gravatar.com\/avatar\/b36ec0d2dc5448ccdc0852ddf52cf7a4?s=96&d=identicon&r=g","caption":"Estate One"},"description":"Estate One somos una compa\u00f1\u00eda con un amplio conocimiento del mercado inmobiliario en Espa\u00f1a y una s\u00f3lida experiencia en prestigiosas empresas del sector.","sameAs":["http:\/\/estateone.biz\/"],"url":"https:\/\/www.estateone.biz\/blog\/author\/wpluzti\/"}]}},"_links":{"self":[{"href":"https:\/\/www.estateone.biz\/blog\/wp-json\/wp\/v2\/posts\/35399"}],"collection":[{"href":"https:\/\/www.estateone.biz\/blog\/wp-json\/wp\/v2\/posts"}],"about":[{"href":"https:\/\/www.estateone.biz\/blog\/wp-json\/wp\/v2\/types\/post"}],"author":[{"embeddable":true,"href":"https:\/\/www.estateone.biz\/blog\/wp-json\/wp\/v2\/users\/1"}],"replies":[{"embeddable":true,"href":"https:\/\/www.estateone.biz\/blog\/wp-json\/wp\/v2\/comments?post=35399"}],"version-history":[{"count":1,"href":"https:\/\/www.estateone.biz\/blog\/wp-json\/wp\/v2\/posts\/35399\/revisions"}],"predecessor-version":[{"id":35410,"href":"https:\/\/www.estateone.biz\/blog\/wp-json\/wp\/v2\/posts\/35399\/revisions\/35410"}],"wp:featuredmedia":[{"embeddable":true,"href":"https:\/\/www.estateone.biz\/blog\/wp-json\/wp\/v2\/media\/35400"}],"wp:attachment":[{"href":"https:\/\/www.estateone.biz\/blog\/wp-json\/wp\/v2\/media?parent=35399"}],"wp:term":[{"taxonomy":"category","embeddable":true,"href":"https:\/\/www.estateone.biz\/blog\/wp-json\/wp\/v2\/categories?post=35399"},{"taxonomy":"post_tag","embeddable":true,"href":"https:\/\/www.estateone.biz\/blog\/wp-json\/wp\/v2\/tags?post=35399"}],"curies":[{"name":"wp","href":"https:\/\/api.w.org\/{rel}","templated":true}]}}