{"id":35514,"date":"2025-01-15T08:47:38","date_gmt":"2025-01-15T07:47:38","guid":{"rendered":"https:\/\/www.estateone.biz\/blog\/?p=35514"},"modified":"2025-01-17T09:37:42","modified_gmt":"2025-01-17T08:37:42","slug":"ya-esta-en-vigor-el-nuevo-indice-para-actualizar-el-precio-del-alquiler","status":"publish","type":"post","link":"https:\/\/www.estateone.biz\/blog\/ya-esta-en-vigor-el-nuevo-indice-para-actualizar-el-precio-del-alquiler\/","title":{"rendered":"Ya est\u00e1 en vigor el nuevo \u00edndice para actualizar el precio del alquiler"},"content":{"rendered":"\n<p>Desde el pasado <strong>2 de enero<\/strong> ya est\u00e1 en vigor el <strong>nuevo \u00edndice para actualizar el precio del alquiler<\/strong> en Espa\u00f1a. Este indicador se aplicar\u00e1 a todos los contratos de alquiler firmados despu\u00e9s de que entrara en vigor la<strong> <\/strong><a href=\"https:\/\/www.estateone.biz\/blog\/nueva-ley-de-vivienda\/\" target=\"_blank\" rel=\"noreferrer noopener\"><strong>nueva<\/strong> <strong>Ley de Vivienda<\/strong><\/a>, y por lo que respecta a <strong>este mes de enero se aplicar\u00e1 un porcentaje de subida del 2,2%<\/strong>. Son informaciones transmitidas por el <strong>Instituto Nacional de Estad\u00edstica (INE)<\/strong>, que el 2 de enero public\u00f3 el <strong><a href=\"https:\/\/www.mivau.gob.es\/vivienda\/calculadora-precio-alquiler\" target=\"_blank\" rel=\"noreferrer noopener\">\u00cdndice de Referencia de Arrendamientos de Vivienda<\/a><\/strong>. Seg\u00fan el INE, este aumento del 2,2% para el mes de enero <strong>se corresponde con la variaci\u00f3n interanual del mes de noviembre de 2024<\/strong>. Por lo que respecta a los contratos que deban revisarse <strong>en el mes de febrero<\/strong>, se tomar\u00e1n como referencia los datos correspondientes a <strong>la variaci\u00f3n interanual de diciembre de 2024<\/strong>; en los <strong>contratos de marzo<\/strong>, los datos de <strong>enero de 2025<\/strong>, y as\u00ed sucesivamente. El motivo de hacerlo as\u00ed, con un <strong>desajuste de dos meses<\/strong>, es que <strong>las rentas se actualizan con el \u00cdndice de Precios de Consumo (IPC) consolidado<\/strong>, y los datos del IPC siempre se hacen p\u00fablicos con un retraso de dos meses. Esto quiere decir que <strong>por primera vez en Espa\u00f1a existe una herramienta para regular el precio del alquiler<\/strong>, que <strong>podr\u00e1 ser actualizado cada a\u00f1o<\/strong>, pero siempre <strong>tomando como referencia este \u00edndice<\/strong>.<\/p>\n\n\n\n<figure class=\"wp-block-image size-full\"><img loading=\"lazy\" width=\"750\" height=\"613\" src=\"https:\/\/www.estateone.biz\/blog\/wp-content\/uploads\/2025\/01\/01-indice.jpg\" alt=\"Ya est\u00e1 en vigor el nuevo \u00edndice para actualizar el precio del alquiler\" class=\"wp-image-35515\" srcset=\"https:\/\/www.estateone.biz\/blog\/wp-content\/uploads\/2025\/01\/01-indice.jpg 750w, https:\/\/www.estateone.biz\/blog\/wp-content\/uploads\/2025\/01\/01-indice-300x245.jpg 300w\" sizes=\"(max-width: 750px) 100vw, 750px\" \/><figcaption>Desde el pasado 2 de enero ya est\u00e1 en vigor el nuevo \u00edndice para actualizar el precio del alquiler<\/figcaption><\/figure>\n\n\n\n<h2><strong>UN \u00cdNDICE DE PUBLICACI\u00d3N MENSUAL<\/strong><\/h2>\n\n\n\n<p><strong>El \u00cdndice de Referencia de Arrendamientos de Vivienda se publicar\u00e1 de forma mensual<\/strong> por parte del INE, y <strong>adem\u00e1s del IPC tendr\u00e1 en cuenta la inflaci\u00f3n subyacente<\/strong> (sin considerar alimentos ni energ\u00eda) y <strong>un par\u00e1metro m\u00e1s<\/strong> que considera <strong>la evoluci\u00f3n de los dos valores anteriores y el comportamiento que se espera que \u00e9stos tengan en el futuro<\/strong>. El nuevo \u00edndice ser\u00e1 el m\u00ednimo valor de la tasa de variaci\u00f3n anual de estos tres par\u00e1metros, y se aplicar\u00e1n <strong>m\u00e9todos de correcci\u00f3n en caso de que se produzcan subidas por encima del 2%<\/strong>. \u00bfA qu\u00e9 <strong>contratos se aplicar\u00e1 <\/strong>este nuevo \u00edndice? \u00danicamente <strong>a los que se hayan firmado despu\u00e9s del 25 de mayo de 2023<\/strong>, fecha en la que entr\u00f3 en vigor la nueva Ley de Vivienda. <strong>Si un contrato de alquiler se formaliz\u00f3 antes de esa fecha se actualizar\u00e1 tal y como se hac\u00eda antes<\/strong> (mediante los datos del IPC o del \u00cdndice de Garant\u00eda de Competitividad, despendiendo de c\u00f3mo fuera acordado por parte del propietario y el inquilino cuando se formaliz\u00f3 el contrato). Sea como fuere, <strong>el precio que se fijara al firmar el contrato de alquiler permanecer\u00e1 invariable<\/strong>. Hay que recordar que este precio se establece libremente por parte del arrendador (siempre y cuando el piso no se encuentre en <strong><a href=\"https:\/\/www.estateone.biz\/blog\/zonas-tensionadas-que-son-y-como-afectan-al-alquiler\/\" target=\"_blank\" rel=\"noreferrer noopener\">una zona tensionada, donde los precios de las rentas s\u00ed que tienen limitaciones<\/a><\/strong>). En cualquier caso, es importante tener en cuenta que <strong>la actualizaci\u00f3n anual de la renta deber\u00e1 figurar en el contrato de alquiler <\/strong>para que pueda aplicarse, y<strong> deber\u00e1 ser el arrendador quien la solicite cada a\u00f1o <\/strong>para que se determine la nueva renta del alquiler.<\/p>\n\n\n\n<figure class=\"wp-block-image size-full\"><img loading=\"lazy\" width=\"750\" height=\"500\" src=\"https:\/\/www.estateone.biz\/blog\/wp-content\/uploads\/2025\/01\/02-indice.jpg\" alt=\"Ya est\u00e1 en vigor el nuevo \u00edndice para actualizar el precio del alquiler\" class=\"wp-image-35516\" srcset=\"https:\/\/www.estateone.biz\/blog\/wp-content\/uploads\/2025\/01\/02-indice.jpg 750w, https:\/\/www.estateone.biz\/blog\/wp-content\/uploads\/2025\/01\/02-indice-300x200.jpg 300w\" sizes=\"(max-width: 750px) 100vw, 750px\" \/><figcaption>El nuevo \u00edndice del alquiler \u00fanicamente afectar\u00e1 a los contratos que se hayan firmado despu\u00e9s del 25 de mayo de 2023<\/figcaption><\/figure>\n\n\n\n<h2><strong>UNA HERRAMIENTA PARA CALCULAR EL NUEVO \u00cdNDICE<\/strong><\/h2>\n\n\n\n<p>El <strong>Ministerio de Vivienda y Agenda Urbana<\/strong> ha puesto a disposici\u00f3n del ciudadano <strong>una herramienta para calcular el nuevo \u00edndice del alquiler<\/strong> que <strong><a href=\"https:\/\/www.mivau.gob.es\/vivienda\/calculadora-precio-alquiler\" target=\"_blank\" rel=\"noreferrer noopener\">puede utilizarse en esta p\u00e1gina web<\/a><\/strong>. Una vez seleccionada la pesta\u00f1a donde se indica que el contrato de alquiler se firm\u00f3 despu\u00e9s del 24 de mayo de 2023, se accede a <strong>una casilla para indicar la mensualidad actual de la renta<\/strong>. Al rellenar la casilla se calcula <strong>cu\u00e1l es la subida mensual m\u00e1xima que el propietario puede hacer<\/strong>. \u00bfCu\u00e1l es el problema que puede originar este \u00edndice? Algunos expertos apuntan a que <strong>habr\u00e1 propietarios que establezcan rentas m\u00e1s altas de lo normal <\/strong>cuando firmen el contrato del alquiler, para compensar esta limitaci\u00f3n en la subida del precio. No olvidemos que una vez renovado el contrato, el inquilino puede permanecer en la vivienda durante cinco a\u00f1os, y en este periodo de tiempo el precio del alquiler no podr\u00e1 variar (a excepci\u00f3n de la subida anual del nuevo \u00edndice). En los \u00faltimos 10 a\u00f1os el precio del alquiler en Espa\u00f1a ha subido un 77% y la renta media de los hogares s\u00f3lo un 33%.<\/p>\n\n\n\n<p><strong>Imagen 01:<\/strong> <a href=\"https:\/\/www.freepik.es\/autor\/stories\" target=\"_blank\" rel=\"noreferrer noopener\">Storyset<\/a> <\/p>\n\n\n\n<p><strong>Imagen 02:<\/strong> <a href=\"https:\/\/www.freepik.es\/autor\/freepik\" target=\"_blank\" rel=\"noreferrer noopener\">freepik<\/a> <\/p>\n","protected":false},"excerpt":{"rendered":"<p>Desde el pasado 2 de enero ya est\u00e1 en vigor el nuevo \u00edndice para actualizar el precio del alquiler en Espa\u00f1a. Este indicador se aplicar\u00e1 a todos los contratos de alquiler firmados despu\u00e9s de que entrara en vigor la nueva Ley de Vivienda, y por lo que respecta a este mes de enero se aplicar\u00e1 &hellip;<\/p>\n","protected":false},"author":1,"featured_media":35517,"comment_status":"open","ping_status":"open","sticky":false,"template":"","format":"standard","meta":[],"categories":[66],"tags":[172,1628,1894,1895],"yoast_head":"<!-- This site is optimized with the Yoast SEO plugin v19.6.1 - https:\/\/yoast.com\/wordpress\/plugins\/seo\/ -->\n<title>Ya est\u00e1 en vigor el nuevo \u00edndice para actualizar el precio del alquiler - Blog, dulce blog<\/title>\n<meta name=\"description\" content=\"Desde el pasado 2 de enero ya est\u00e1 en vigor el nuevo \u00edndice para actualizar el precio del alquiler en Espa\u00f1a\" \/>\n<meta name=\"robots\" content=\"index, follow, max-snippet:-1, max-image-preview:large, max-video-preview:-1\" \/>\n<link rel=\"canonical\" href=\"https:\/\/www.estateone.biz\/blog\/ya-esta-en-vigor-el-nuevo-indice-para-actualizar-el-precio-del-alquiler\/\" \/>\n<meta property=\"og:locale\" content=\"es_ES\" \/>\n<meta property=\"og:type\" content=\"article\" \/>\n<meta property=\"og:title\" content=\"Ya est\u00e1 en vigor el nuevo \u00edndice para actualizar el precio del alquiler - Blog, dulce blog\" \/>\n<meta property=\"og:description\" content=\"Desde el pasado 2 de enero ya est\u00e1 en vigor el nuevo \u00edndice para actualizar el precio del alquiler en Espa\u00f1a\" \/>\n<meta property=\"og:url\" content=\"https:\/\/www.estateone.biz\/blog\/ya-esta-en-vigor-el-nuevo-indice-para-actualizar-el-precio-del-alquiler\/\" \/>\n<meta property=\"og:site_name\" content=\"Blog, dulce blog\" \/>\n<meta property=\"article:published_time\" content=\"2025-01-15T07:47:38+00:00\" \/>\n<meta property=\"article:modified_time\" content=\"2025-01-17T08:37:42+00:00\" \/>\n<meta property=\"og:image\" content=\"https:\/\/www.estateone.biz\/blog\/wp-content\/uploads\/2025\/01\/00-indice.jpg\" \/>\n\t<meta property=\"og:image:width\" content=\"650\" \/>\n\t<meta property=\"og:image:height\" content=\"436\" \/>\n\t<meta property=\"og:image:type\" content=\"image\/jpeg\" \/>\n<meta name=\"author\" content=\"Estate One\" \/>\n<meta name=\"twitter:card\" content=\"summary\" \/>\n<meta name=\"twitter:label1\" content=\"Escrito por\" \/>\n\t<meta name=\"twitter:data1\" content=\"Estate One\" \/>\n\t<meta name=\"twitter:label2\" content=\"Tiempo de lectura\" \/>\n\t<meta name=\"twitter:data2\" content=\"4 minutos\" \/>\n<script type=\"application\/ld+json\" class=\"yoast-schema-graph\">{\"@context\":\"https:\/\/schema.org\",\"@graph\":[{\"@type\":\"WebPage\",\"@id\":\"https:\/\/www.estateone.biz\/blog\/ya-esta-en-vigor-el-nuevo-indice-para-actualizar-el-precio-del-alquiler\/\",\"url\":\"https:\/\/www.estateone.biz\/blog\/ya-esta-en-vigor-el-nuevo-indice-para-actualizar-el-precio-del-alquiler\/\",\"name\":\"Ya est\u00e1 en vigor el nuevo \u00edndice para actualizar el precio del alquiler - Blog, dulce blog\",\"isPartOf\":{\"@id\":\"https:\/\/www.estateone.biz\/blog\/?lang=en\/#website\"},\"datePublished\":\"2025-01-15T07:47:38+00:00\",\"dateModified\":\"2025-01-17T08:37:42+00:00\",\"author\":{\"@id\":\"https:\/\/www.estateone.biz\/blog\/?lang=en\/#\/schema\/person\/5c4d73bb88472ee2f9325e6ce4f634d7\"},\"description\":\"Desde el pasado 2 de enero ya est\u00e1 en vigor el nuevo \u00edndice para actualizar el precio del alquiler en Espa\u00f1a\",\"breadcrumb\":{\"@id\":\"https:\/\/www.estateone.biz\/blog\/ya-esta-en-vigor-el-nuevo-indice-para-actualizar-el-precio-del-alquiler\/#breadcrumb\"},\"inLanguage\":\"es\",\"potentialAction\":[{\"@type\":\"ReadAction\",\"target\":[\"https:\/\/www.estateone.biz\/blog\/ya-esta-en-vigor-el-nuevo-indice-para-actualizar-el-precio-del-alquiler\/\"]}]},{\"@type\":\"BreadcrumbList\",\"@id\":\"https:\/\/www.estateone.biz\/blog\/ya-esta-en-vigor-el-nuevo-indice-para-actualizar-el-precio-del-alquiler\/#breadcrumb\",\"itemListElement\":[{\"@type\":\"ListItem\",\"position\":1,\"name\":\"Portada\",\"item\":\"https:\/\/www.estateone.biz\/blog\/?lang=en\/\"},{\"@type\":\"ListItem\",\"position\":2,\"name\":\"Ya est\u00e1 en vigor el nuevo \u00edndice para actualizar el precio del alquiler\"}]},{\"@type\":\"WebSite\",\"@id\":\"https:\/\/www.estateone.biz\/blog\/?lang=en\/#website\",\"url\":\"https:\/\/www.estateone.biz\/blog\/?lang=en\/\",\"name\":\"Blog, dulce blog\",\"description\":\"El blog inmobiliario de Estate One\",\"potentialAction\":[{\"@type\":\"SearchAction\",\"target\":{\"@type\":\"EntryPoint\",\"urlTemplate\":\"https:\/\/www.estateone.biz\/blog\/?lang=en\/?s={search_term_string}\"},\"query-input\":\"required name=search_term_string\"}],\"inLanguage\":\"es\"},{\"@type\":\"Person\",\"@id\":\"https:\/\/www.estateone.biz\/blog\/?lang=en\/#\/schema\/person\/5c4d73bb88472ee2f9325e6ce4f634d7\",\"name\":\"Estate One\",\"image\":{\"@type\":\"ImageObject\",\"inLanguage\":\"es\",\"@id\":\"https:\/\/www.estateone.biz\/blog\/?lang=en\/#\/schema\/person\/image\/\",\"url\":\"https:\/\/secure.gravatar.com\/avatar\/b36ec0d2dc5448ccdc0852ddf52cf7a4?s=96&d=identicon&r=g\",\"contentUrl\":\"https:\/\/secure.gravatar.com\/avatar\/b36ec0d2dc5448ccdc0852ddf52cf7a4?s=96&d=identicon&r=g\",\"caption\":\"Estate One\"},\"description\":\"Estate One somos una compa\u00f1\u00eda con un amplio conocimiento del mercado inmobiliario en Espa\u00f1a y una s\u00f3lida experiencia en prestigiosas empresas del sector.\",\"sameAs\":[\"http:\/\/estateone.biz\/\"],\"url\":\"https:\/\/www.estateone.biz\/blog\/author\/wpluzti\/\"}]}<\/script>\n<!-- \/ Yoast SEO plugin. -->","yoast_head_json":{"title":"Ya est\u00e1 en vigor el nuevo \u00edndice para actualizar el precio del alquiler - Blog, dulce blog","description":"Desde el pasado 2 de enero ya est\u00e1 en vigor el nuevo \u00edndice para actualizar el precio del alquiler en Espa\u00f1a","robots":{"index":"index","follow":"follow","max-snippet":"max-snippet:-1","max-image-preview":"max-image-preview:large","max-video-preview":"max-video-preview:-1"},"canonical":"https:\/\/www.estateone.biz\/blog\/ya-esta-en-vigor-el-nuevo-indice-para-actualizar-el-precio-del-alquiler\/","og_locale":"es_ES","og_type":"article","og_title":"Ya est\u00e1 en vigor el nuevo \u00edndice para actualizar el precio del alquiler - Blog, dulce blog","og_description":"Desde el pasado 2 de enero ya est\u00e1 en vigor el nuevo \u00edndice para actualizar el precio del alquiler en Espa\u00f1a","og_url":"https:\/\/www.estateone.biz\/blog\/ya-esta-en-vigor-el-nuevo-indice-para-actualizar-el-precio-del-alquiler\/","og_site_name":"Blog, dulce blog","article_published_time":"2025-01-15T07:47:38+00:00","article_modified_time":"2025-01-17T08:37:42+00:00","og_image":[{"width":650,"height":436,"url":"https:\/\/www.estateone.biz\/blog\/wp-content\/uploads\/2025\/01\/00-indice.jpg","type":"image\/jpeg"}],"author":"Estate One","twitter_card":"summary","twitter_misc":{"Escrito por":"Estate One","Tiempo de lectura":"4 minutos"},"schema":{"@context":"https:\/\/schema.org","@graph":[{"@type":"WebPage","@id":"https:\/\/www.estateone.biz\/blog\/ya-esta-en-vigor-el-nuevo-indice-para-actualizar-el-precio-del-alquiler\/","url":"https:\/\/www.estateone.biz\/blog\/ya-esta-en-vigor-el-nuevo-indice-para-actualizar-el-precio-del-alquiler\/","name":"Ya est\u00e1 en vigor el nuevo \u00edndice para actualizar el precio del alquiler - Blog, dulce blog","isPartOf":{"@id":"https:\/\/www.estateone.biz\/blog\/?lang=en\/#website"},"datePublished":"2025-01-15T07:47:38+00:00","dateModified":"2025-01-17T08:37:42+00:00","author":{"@id":"https:\/\/www.estateone.biz\/blog\/?lang=en\/#\/schema\/person\/5c4d73bb88472ee2f9325e6ce4f634d7"},"description":"Desde el pasado 2 de enero ya est\u00e1 en vigor el nuevo \u00edndice para actualizar el precio del alquiler en Espa\u00f1a","breadcrumb":{"@id":"https:\/\/www.estateone.biz\/blog\/ya-esta-en-vigor-el-nuevo-indice-para-actualizar-el-precio-del-alquiler\/#breadcrumb"},"inLanguage":"es","potentialAction":[{"@type":"ReadAction","target":["https:\/\/www.estateone.biz\/blog\/ya-esta-en-vigor-el-nuevo-indice-para-actualizar-el-precio-del-alquiler\/"]}]},{"@type":"BreadcrumbList","@id":"https:\/\/www.estateone.biz\/blog\/ya-esta-en-vigor-el-nuevo-indice-para-actualizar-el-precio-del-alquiler\/#breadcrumb","itemListElement":[{"@type":"ListItem","position":1,"name":"Portada","item":"https:\/\/www.estateone.biz\/blog\/?lang=en\/"},{"@type":"ListItem","position":2,"name":"Ya est\u00e1 en vigor el nuevo \u00edndice para actualizar el precio del alquiler"}]},{"@type":"WebSite","@id":"https:\/\/www.estateone.biz\/blog\/?lang=en\/#website","url":"https:\/\/www.estateone.biz\/blog\/?lang=en\/","name":"Blog, dulce blog","description":"El blog inmobiliario de Estate One","potentialAction":[{"@type":"SearchAction","target":{"@type":"EntryPoint","urlTemplate":"https:\/\/www.estateone.biz\/blog\/?lang=en\/?s={search_term_string}"},"query-input":"required name=search_term_string"}],"inLanguage":"es"},{"@type":"Person","@id":"https:\/\/www.estateone.biz\/blog\/?lang=en\/#\/schema\/person\/5c4d73bb88472ee2f9325e6ce4f634d7","name":"Estate One","image":{"@type":"ImageObject","inLanguage":"es","@id":"https:\/\/www.estateone.biz\/blog\/?lang=en\/#\/schema\/person\/image\/","url":"https:\/\/secure.gravatar.com\/avatar\/b36ec0d2dc5448ccdc0852ddf52cf7a4?s=96&d=identicon&r=g","contentUrl":"https:\/\/secure.gravatar.com\/avatar\/b36ec0d2dc5448ccdc0852ddf52cf7a4?s=96&d=identicon&r=g","caption":"Estate One"},"description":"Estate One somos una compa\u00f1\u00eda con un amplio conocimiento del mercado inmobiliario en Espa\u00f1a y una s\u00f3lida experiencia en prestigiosas empresas del sector.","sameAs":["http:\/\/estateone.biz\/"],"url":"https:\/\/www.estateone.biz\/blog\/author\/wpluzti\/"}]}},"_links":{"self":[{"href":"https:\/\/www.estateone.biz\/blog\/wp-json\/wp\/v2\/posts\/35514"}],"collection":[{"href":"https:\/\/www.estateone.biz\/blog\/wp-json\/wp\/v2\/posts"}],"about":[{"href":"https:\/\/www.estateone.biz\/blog\/wp-json\/wp\/v2\/types\/post"}],"author":[{"embeddable":true,"href":"https:\/\/www.estateone.biz\/blog\/wp-json\/wp\/v2\/users\/1"}],"replies":[{"embeddable":true,"href":"https:\/\/www.estateone.biz\/blog\/wp-json\/wp\/v2\/comments?post=35514"}],"version-history":[{"count":6,"href":"https:\/\/www.estateone.biz\/blog\/wp-json\/wp\/v2\/posts\/35514\/revisions"}],"predecessor-version":[{"id":35524,"href":"https:\/\/www.estateone.biz\/blog\/wp-json\/wp\/v2\/posts\/35514\/revisions\/35524"}],"wp:featuredmedia":[{"embeddable":true,"href":"https:\/\/www.estateone.biz\/blog\/wp-json\/wp\/v2\/media\/35517"}],"wp:attachment":[{"href":"https:\/\/www.estateone.biz\/blog\/wp-json\/wp\/v2\/media?parent=35514"}],"wp:term":[{"taxonomy":"category","embeddable":true,"href":"https:\/\/www.estateone.biz\/blog\/wp-json\/wp\/v2\/categories?post=35514"},{"taxonomy":"post_tag","embeddable":true,"href":"https:\/\/www.estateone.biz\/blog\/wp-json\/wp\/v2\/tags?post=35514"}],"curies":[{"name":"wp","href":"https:\/\/api.w.org\/{rel}","templated":true}]}}