{"id":36164,"date":"2026-01-29T10:10:02","date_gmt":"2026-01-29T09:10:02","guid":{"rendered":"https:\/\/www.estateone.biz\/blog\/?p=36164"},"modified":"2026-01-29T10:39:57","modified_gmt":"2026-01-29T09:39:57","slug":"galeria-de-las-colecciones-reales","status":"publish","type":"post","link":"https:\/\/www.estateone.biz\/blog\/galeria-de-las-colecciones-reales\/","title":{"rendered":"Galer\u00eda de las Colecciones Reales"},"content":{"rendered":"\n<p>La <strong>Galer\u00eda de las Colecciones Reales<\/strong> es un museo donde se pueden ver <strong>piezas de arte que pertenecieron a distintos reyes espa\u00f1oles<\/strong> a lo largo de la historia. Se encuentra en los <strong><a href=\"https:\/\/www.estateone.biz\/blog\/campo-del-moro-mucho-mas-que-un-jardin\/\" target=\"_blank\" rel=\"noreferrer noopener\">jardines del Campo del Moro<\/a><\/strong>, entre la Catedral de la Almudena y el Palacio Real, y aunque en un primer momento el local <strong>se pens\u00f3 para la exposici\u00f3n de tapices y carruajes<\/strong>, con el paso de los a\u00f1os fue concentrando una <strong>valiosa colecci\u00f3n de arte y objetos personales pertenecientes a diferentes casas reales espa\u00f1olas<\/strong>. De esta forma, la <strong>Galer\u00eda de las Colecciones Reales fue reorientando su colecci\u00f3n, <\/strong>y hoy en d\u00eda cuenta con una interesante muestra de <strong>pintura, escultura, mobiliario, documentos hist\u00f3ricos, art\u00edculos de lujo<\/strong> y <strong>piezas de arte destacadas<\/strong> <strong>que formaron parte de la colecci\u00f3n de diferentes monarcas espa\u00f1oles<\/strong>. <\/p>\n\n\n\n<figure class=\"wp-block-image size-full\"><img loading=\"lazy\" width=\"750\" height=\"500\" src=\"https:\/\/www.estateone.biz\/blog\/wp-content\/uploads\/2026\/01\/01-galeria-1.jpg\" alt=\"Galer\u00eda de las Colecciones Reales\" class=\"wp-image-36169\" srcset=\"https:\/\/www.estateone.biz\/blog\/wp-content\/uploads\/2026\/01\/01-galeria-1.jpg 750w, https:\/\/www.estateone.biz\/blog\/wp-content\/uploads\/2026\/01\/01-galeria-1-300x200.jpg 300w\" sizes=\"(max-width: 750px) 100vw, 750px\" \/><figcaption>Construcci\u00f3n de la Galer\u00eda en el a\u00f1o 2013<\/figcaption><\/figure>\n\n\n\n<p>Uno de los objetivos del museo es acercar al visitante <strong>el valioso legado hist\u00f3rico y cultural de la Corona espa\u00f1ola<\/strong> reunido durante siglos. En \u00e9l pueden encontrarse <strong>piezas que datan desde el siglo XVI hasta el XIX<\/strong>, y que adem\u00e1s de su <strong>valor cultural <\/strong>tienen un importante <strong>valor hist\u00f3rico<\/strong>, pues est\u00e1n <strong>ligadas a la historia pol\u00edtica y art\u00edstica de Espa\u00f1a<\/strong>. <a href=\"https:\/\/www.estateone.biz\/blog\/quinta-del-duque-del-arco-2\/\" target=\"_blank\" rel=\"noreferrer noopener\">Nuestra \u00faltima parada en la secci\u00f3n <strong>Lugares con Mucha Historia<\/strong> de este blog fue en la <strong>Quinta del Duque del Arco<\/strong><\/a>; hoy te proponemos un viaje por nuestra Historia y nuestra cultura visitando la <strong>Galer\u00eda de las Colecciones Reales.<\/strong> \u00bfVienes con nosotros?<\/p>\n\n\n\n<figure class=\"wp-block-image size-full\"><img loading=\"lazy\" width=\"750\" height=\"515\" src=\"https:\/\/www.estateone.biz\/blog\/wp-content\/uploads\/2026\/01\/02-galeria-1.jpg\" alt=\"Galer\u00eda de las Colecciones Reales\" class=\"wp-image-36171\" srcset=\"https:\/\/www.estateone.biz\/blog\/wp-content\/uploads\/2026\/01\/02-galeria-1.jpg 750w, https:\/\/www.estateone.biz\/blog\/wp-content\/uploads\/2026\/01\/02-galeria-1-300x206.jpg 300w\" sizes=\"(max-width: 750px) 100vw, 750px\" \/><figcaption>Coche de la Corona Real, realizado entre 1829 y 1833<\/figcaption><\/figure>\n\n\n\n<h2><strong>UN POCO DE HISTORIA<\/strong><\/h2>\n\n\n\n<p>El punto de partida de este museo hay que buscarlo en el <strong>reinado de Fernando VII,<\/strong> cuando se empezaron a <strong>restaurar y gestionar los bienes de la monarqu\u00eda espa\u00f1ola<\/strong>. Sin embargo, no fue hasta el <strong>reinado de Isabel II<\/strong> (en <strong>1865<\/strong>) cuando<strong> se crea oficialmente el Patrimonio de la Corona<\/strong>; fue mediante esta instituci\u00f3n como se pretendi\u00f3 <strong>organizar el conjunto de bienes patrimoniales ligados a la Corona<\/strong>. Se trata de una instituci\u00f3n clave para que despu\u00e9s pudiera crearse lo que hoy conocemos como la <strong>Galer\u00eda de las Colecciones Reales.<\/strong> <\/p>\n\n\n\n<figure class=\"wp-block-image size-full\"><img loading=\"lazy\" width=\"750\" height=\"506\" src=\"https:\/\/www.estateone.biz\/blog\/wp-content\/uploads\/2026\/01\/03-galeria-1.jpg\" alt=\"Galer\u00eda de las Colecciones Reales\" class=\"wp-image-36172\" srcset=\"https:\/\/www.estateone.biz\/blog\/wp-content\/uploads\/2026\/01\/03-galeria-1.jpg 750w, https:\/\/www.estateone.biz\/blog\/wp-content\/uploads\/2026\/01\/03-galeria-1-300x202.jpg 300w\" sizes=\"(max-width: 750px) 100vw, 750px\" \/><figcaption>Fachada de la Galer\u00eda de las Colecciones Reales<\/figcaption><\/figure>\n\n\n\n<p>En el <strong>a\u00f1o 1988<\/strong> la Comisi\u00f3n Delegada para Asuntos Culturales del Gobierno aprob\u00f3 la construcci\u00f3n del mueso que hoy nos ocupa. Lo primero que hay que decir es que <strong>el edificio del museo ya tiene inter\u00e9s en s\u00ed mismo<\/strong>, pues resulta particular al estar <strong>excavado en la roca<\/strong>. Tiene dos accesos principales, uno desde el Palacio Real y otro desde la Cuesta de la Vega, y lo primero que llama la atenci\u00f3n del visitante son <strong>las impresionantes vistas que ofrece<\/strong>. Hoy en d\u00eda la <strong>Galer\u00eda de las Colecciones Reales cuenta con una colecci\u00f3n de 650 piezas<\/strong>, aunque todav\u00eda no est\u00e1n todas expuestas. En ellas hay<strong> cuadros, esculturas y tapices<\/strong>, adem\u00e1s de <strong>mobiliario, libros y fotograf\u00edas<\/strong>. Entre ellas hay obras de artistas como <strong>Vel\u00e1zquez, Caravaggio, Goya<\/strong>, <strong>El Greco<\/strong> o <strong>Luisa Rold\u00e1n<\/strong>.<\/p>\n\n\n\n<figure class=\"wp-block-image size-full\"><img loading=\"lazy\" width=\"750\" height=\"600\" src=\"https:\/\/www.estateone.biz\/blog\/wp-content\/uploads\/2026\/01\/04-galeria-2.jpg\" alt=\"Galer\u00eda de las Colecciones Reales\" class=\"wp-image-36173\" srcset=\"https:\/\/www.estateone.biz\/blog\/wp-content\/uploads\/2026\/01\/04-galeria-2.jpg 750w, https:\/\/www.estateone.biz\/blog\/wp-content\/uploads\/2026\/01\/04-galeria-2-300x240.jpg 300w\" sizes=\"(max-width: 750px) 100vw, 750px\" \/><figcaption>Carruaje exhibido en la Galer\u00eda<\/figcaption><\/figure>\n\n\n\n<h2><strong>UNA INAUGURACI\u00d3N CON SUSPENSE<\/strong><\/h2>\n\n\n\n<p>Parte del inter\u00e9s de la <strong>Galer\u00eda de las Colecciones Reales<\/strong> es que no s\u00f3lo muestra su rico patrimonio, sino que adem\u00e1s <strong>explica de d\u00f3nde proviene<\/strong>, lo cual nos permite conocer mejor la historia de nuestro pa\u00eds. Hay que decir que <strong>se trabaj\u00f3 muy duro para poder inaugurar la Galer\u00eda<\/strong>, algo que finalmente pudo hacerse <strong>despu\u00e9s de siete retrasos<\/strong>. En el a\u00f1o 2015 las obras del edificio se terminaron tras un intenso trabajo. La fecha que se hab\u00eda fijado para su inauguraci\u00f3n fue el a\u00f1o 2014, por lo que hubo que retrasarla hasta finales de 2015; sin embargo, la inauguraci\u00f3n no pudo realizarse, y la fecha se retras\u00f3 a 2016. Pero hubo que retrasarla dos a\u00f1os m\u00e1s (hasta 2018), y luego otros dos a\u00f1os m\u00e1s (hasta 2020), y luego otros dos a\u00f1os m\u00e1s (hasta 2022). No ser\u00eda hasta el <strong>verano de 2023 cuando la Galer\u00eda pudo por fin inaugurarse<\/strong>.<\/p>\n\n\n\n<figure class=\"wp-block-image size-full\"><img loading=\"lazy\" width=\"750\" height=\"938\" src=\"https:\/\/www.estateone.biz\/blog\/wp-content\/uploads\/2026\/01\/05-galeria-1.jpg\" alt=\"Galer\u00eda de las Colecciones Reales\" class=\"wp-image-36174\" srcset=\"https:\/\/www.estateone.biz\/blog\/wp-content\/uploads\/2026\/01\/05-galeria-1.jpg 750w, https:\/\/www.estateone.biz\/blog\/wp-content\/uploads\/2026\/01\/05-galeria-1-240x300.jpg 240w\" sizes=\"(max-width: 750px) 100vw, 750px\" \/><figcaption>Pintura de Vel\u00e1zquez en el interior de la Galer\u00eda<\/figcaption><\/figure>\n\n\n\n<h2><strong>\u00bfSAB\u00cdAS QU\u00c9\u2026?<\/strong><\/h2>\n\n\n\n<p>Cuando se estaba excavando para construir la <strong>Galer\u00eda de las Colecciones Reales<\/strong>, aparecieron <strong>restos de la antigua muralla \u00e1rabe de Madrid<\/strong> (uno de los or\u00edgenes m\u00e1s antiguos de la ciudad), lo cual origin\u00f3 un debate sobre c\u00f3mo proceder con ellos. Finalmente se decidi\u00f3 <strong>integrarlos en el propio edificio<\/strong>; por este motivo hoy <strong>pueden verse fragmentos reales de esa muralla medieval en el interior del museo<\/strong>. No es descabellado decir, por lo tanto, que la Galer\u00eda adem\u00e1s de ser un museo, <strong>es una pieza hist\u00f3rica en s\u00ed misma<\/strong>.<\/p>\n\n\n\n<p><strong>Im\u00e1genes 01 y 03:<\/strong> Luis Garc\u00eda<\/p>\n\n\n\n<p><strong>Imagen 02:<\/strong> CarlosVdeHabsburgo<\/p>\n\n\n\n<p><strong>Im\u00e1genes 04 y 05:<\/strong> Fernando<\/p>\n","protected":false},"excerpt":{"rendered":"<p>La Galer\u00eda de las Colecciones Reales es un museo donde se pueden ver piezas de arte que pertenecieron a distintos reyes espa\u00f1oles a lo largo de la historia. Se encuentra en los jardines del Campo del Moro, entre la Catedral de la Almudena y el Palacio Real, y aunque en un primer momento el local &hellip;<\/p>\n","protected":false},"author":1,"featured_media":36154,"comment_status":"open","ping_status":"open","sticky":false,"template":"","format":"standard","meta":[],"categories":[23],"tags":[33,50,2002],"yoast_head":"<!-- This site is optimized with the Yoast SEO plugin v19.6.1 - https:\/\/yoast.com\/wordpress\/plugins\/seo\/ -->\n<title>Galer\u00eda de las Colecciones Reales - Blog, dulce blog<\/title>\n<meta name=\"description\" content=\"La Galer\u00eda de las Colecciones Reales es un museo donde se pueden ver piezas de arte que pertenecieron a distintos reyes espa\u00f1oles a lo largo de la historia\" \/>\n<meta name=\"robots\" content=\"index, follow, max-snippet:-1, max-image-preview:large, max-video-preview:-1\" \/>\n<link rel=\"canonical\" href=\"https:\/\/www.estateone.biz\/blog\/galeria-de-las-colecciones-reales\/\" \/>\n<meta property=\"og:locale\" content=\"es_ES\" \/>\n<meta property=\"og:type\" content=\"article\" \/>\n<meta property=\"og:title\" content=\"Galer\u00eda de las Colecciones Reales - Blog, dulce blog\" \/>\n<meta property=\"og:description\" content=\"La Galer\u00eda de las Colecciones Reales es un museo donde se pueden ver piezas de arte que pertenecieron a distintos reyes espa\u00f1oles a lo largo de la historia\" \/>\n<meta property=\"og:url\" content=\"https:\/\/www.estateone.biz\/blog\/galeria-de-las-colecciones-reales\/\" \/>\n<meta property=\"og:site_name\" content=\"Blog, dulce blog\" \/>\n<meta property=\"article:published_time\" content=\"2026-01-29T09:10:02+00:00\" \/>\n<meta property=\"article:modified_time\" content=\"2026-01-29T09:39:57+00:00\" \/>\n<meta property=\"og:image\" content=\"https:\/\/www.estateone.biz\/blog\/wp-content\/uploads\/2026\/01\/00-galeria.jpg\" \/>\n\t<meta property=\"og:image:width\" content=\"650\" \/>\n\t<meta property=\"og:image:height\" content=\"416\" \/>\n\t<meta property=\"og:image:type\" content=\"image\/jpeg\" \/>\n<meta name=\"author\" content=\"Estate One\" \/>\n<meta name=\"twitter:card\" content=\"summary\" \/>\n<meta name=\"twitter:label1\" content=\"Escrito por\" \/>\n\t<meta name=\"twitter:data1\" content=\"Estate One\" \/>\n\t<meta name=\"twitter:label2\" content=\"Tiempo de lectura\" \/>\n\t<meta name=\"twitter:data2\" content=\"5 minutos\" \/>\n<script type=\"application\/ld+json\" class=\"yoast-schema-graph\">{\"@context\":\"https:\/\/schema.org\",\"@graph\":[{\"@type\":\"WebPage\",\"@id\":\"https:\/\/www.estateone.biz\/blog\/galeria-de-las-colecciones-reales\/\",\"url\":\"https:\/\/www.estateone.biz\/blog\/galeria-de-las-colecciones-reales\/\",\"name\":\"Galer\u00eda de las Colecciones Reales - Blog, dulce blog\",\"isPartOf\":{\"@id\":\"https:\/\/www.estateone.biz\/blog\/?lang=en\/#website\"},\"datePublished\":\"2026-01-29T09:10:02+00:00\",\"dateModified\":\"2026-01-29T09:39:57+00:00\",\"author\":{\"@id\":\"https:\/\/www.estateone.biz\/blog\/?lang=en\/#\/schema\/person\/5c4d73bb88472ee2f9325e6ce4f634d7\"},\"description\":\"La Galer\u00eda de las Colecciones Reales es un museo donde se pueden ver piezas de arte que pertenecieron a distintos reyes espa\u00f1oles a lo largo de la historia\",\"breadcrumb\":{\"@id\":\"https:\/\/www.estateone.biz\/blog\/galeria-de-las-colecciones-reales\/#breadcrumb\"},\"inLanguage\":\"es\",\"potentialAction\":[{\"@type\":\"ReadAction\",\"target\":[\"https:\/\/www.estateone.biz\/blog\/galeria-de-las-colecciones-reales\/\"]}]},{\"@type\":\"BreadcrumbList\",\"@id\":\"https:\/\/www.estateone.biz\/blog\/galeria-de-las-colecciones-reales\/#breadcrumb\",\"itemListElement\":[{\"@type\":\"ListItem\",\"position\":1,\"name\":\"Portada\",\"item\":\"https:\/\/www.estateone.biz\/blog\/?lang=en\/\"},{\"@type\":\"ListItem\",\"position\":2,\"name\":\"Galer\u00eda de las Colecciones Reales\"}]},{\"@type\":\"WebSite\",\"@id\":\"https:\/\/www.estateone.biz\/blog\/?lang=en\/#website\",\"url\":\"https:\/\/www.estateone.biz\/blog\/?lang=en\/\",\"name\":\"Blog, dulce blog\",\"description\":\"El blog inmobiliario de Estate One\",\"potentialAction\":[{\"@type\":\"SearchAction\",\"target\":{\"@type\":\"EntryPoint\",\"urlTemplate\":\"https:\/\/www.estateone.biz\/blog\/?lang=en\/?s={search_term_string}\"},\"query-input\":\"required name=search_term_string\"}],\"inLanguage\":\"es\"},{\"@type\":\"Person\",\"@id\":\"https:\/\/www.estateone.biz\/blog\/?lang=en\/#\/schema\/person\/5c4d73bb88472ee2f9325e6ce4f634d7\",\"name\":\"Estate One\",\"image\":{\"@type\":\"ImageObject\",\"inLanguage\":\"es\",\"@id\":\"https:\/\/www.estateone.biz\/blog\/?lang=en\/#\/schema\/person\/image\/\",\"url\":\"https:\/\/secure.gravatar.com\/avatar\/b36ec0d2dc5448ccdc0852ddf52cf7a4?s=96&d=identicon&r=g\",\"contentUrl\":\"https:\/\/secure.gravatar.com\/avatar\/b36ec0d2dc5448ccdc0852ddf52cf7a4?s=96&d=identicon&r=g\",\"caption\":\"Estate One\"},\"description\":\"Estate One somos una compa\u00f1\u00eda con un amplio conocimiento del mercado inmobiliario en Espa\u00f1a y una s\u00f3lida experiencia en prestigiosas empresas del sector.\",\"sameAs\":[\"http:\/\/estateone.biz\/\"],\"url\":\"https:\/\/www.estateone.biz\/blog\/author\/wpluzti\/\"}]}<\/script>\n<!-- \/ Yoast SEO plugin. -->","yoast_head_json":{"title":"Galer\u00eda de las Colecciones Reales - Blog, dulce blog","description":"La Galer\u00eda de las Colecciones Reales es un museo donde se pueden ver piezas de arte que pertenecieron a distintos reyes espa\u00f1oles a lo largo de la historia","robots":{"index":"index","follow":"follow","max-snippet":"max-snippet:-1","max-image-preview":"max-image-preview:large","max-video-preview":"max-video-preview:-1"},"canonical":"https:\/\/www.estateone.biz\/blog\/galeria-de-las-colecciones-reales\/","og_locale":"es_ES","og_type":"article","og_title":"Galer\u00eda de las Colecciones Reales - Blog, dulce blog","og_description":"La Galer\u00eda de las Colecciones Reales es un museo donde se pueden ver piezas de arte que pertenecieron a distintos reyes espa\u00f1oles a lo largo de la historia","og_url":"https:\/\/www.estateone.biz\/blog\/galeria-de-las-colecciones-reales\/","og_site_name":"Blog, dulce blog","article_published_time":"2026-01-29T09:10:02+00:00","article_modified_time":"2026-01-29T09:39:57+00:00","og_image":[{"width":650,"height":416,"url":"https:\/\/www.estateone.biz\/blog\/wp-content\/uploads\/2026\/01\/00-galeria.jpg","type":"image\/jpeg"}],"author":"Estate One","twitter_card":"summary","twitter_misc":{"Escrito por":"Estate One","Tiempo de lectura":"5 minutos"},"schema":{"@context":"https:\/\/schema.org","@graph":[{"@type":"WebPage","@id":"https:\/\/www.estateone.biz\/blog\/galeria-de-las-colecciones-reales\/","url":"https:\/\/www.estateone.biz\/blog\/galeria-de-las-colecciones-reales\/","name":"Galer\u00eda de las Colecciones Reales - Blog, dulce blog","isPartOf":{"@id":"https:\/\/www.estateone.biz\/blog\/?lang=en\/#website"},"datePublished":"2026-01-29T09:10:02+00:00","dateModified":"2026-01-29T09:39:57+00:00","author":{"@id":"https:\/\/www.estateone.biz\/blog\/?lang=en\/#\/schema\/person\/5c4d73bb88472ee2f9325e6ce4f634d7"},"description":"La Galer\u00eda de las Colecciones Reales es un museo donde se pueden ver piezas de arte que pertenecieron a distintos reyes espa\u00f1oles a lo largo de la historia","breadcrumb":{"@id":"https:\/\/www.estateone.biz\/blog\/galeria-de-las-colecciones-reales\/#breadcrumb"},"inLanguage":"es","potentialAction":[{"@type":"ReadAction","target":["https:\/\/www.estateone.biz\/blog\/galeria-de-las-colecciones-reales\/"]}]},{"@type":"BreadcrumbList","@id":"https:\/\/www.estateone.biz\/blog\/galeria-de-las-colecciones-reales\/#breadcrumb","itemListElement":[{"@type":"ListItem","position":1,"name":"Portada","item":"https:\/\/www.estateone.biz\/blog\/?lang=en\/"},{"@type":"ListItem","position":2,"name":"Galer\u00eda de las Colecciones Reales"}]},{"@type":"WebSite","@id":"https:\/\/www.estateone.biz\/blog\/?lang=en\/#website","url":"https:\/\/www.estateone.biz\/blog\/?lang=en\/","name":"Blog, dulce blog","description":"El blog inmobiliario de Estate One","potentialAction":[{"@type":"SearchAction","target":{"@type":"EntryPoint","urlTemplate":"https:\/\/www.estateone.biz\/blog\/?lang=en\/?s={search_term_string}"},"query-input":"required name=search_term_string"}],"inLanguage":"es"},{"@type":"Person","@id":"https:\/\/www.estateone.biz\/blog\/?lang=en\/#\/schema\/person\/5c4d73bb88472ee2f9325e6ce4f634d7","name":"Estate One","image":{"@type":"ImageObject","inLanguage":"es","@id":"https:\/\/www.estateone.biz\/blog\/?lang=en\/#\/schema\/person\/image\/","url":"https:\/\/secure.gravatar.com\/avatar\/b36ec0d2dc5448ccdc0852ddf52cf7a4?s=96&d=identicon&r=g","contentUrl":"https:\/\/secure.gravatar.com\/avatar\/b36ec0d2dc5448ccdc0852ddf52cf7a4?s=96&d=identicon&r=g","caption":"Estate One"},"description":"Estate One somos una compa\u00f1\u00eda con un amplio conocimiento del mercado inmobiliario en Espa\u00f1a y una s\u00f3lida experiencia en prestigiosas empresas del sector.","sameAs":["http:\/\/estateone.biz\/"],"url":"https:\/\/www.estateone.biz\/blog\/author\/wpluzti\/"}]}},"_links":{"self":[{"href":"https:\/\/www.estateone.biz\/blog\/wp-json\/wp\/v2\/posts\/36164"}],"collection":[{"href":"https:\/\/www.estateone.biz\/blog\/wp-json\/wp\/v2\/posts"}],"about":[{"href":"https:\/\/www.estateone.biz\/blog\/wp-json\/wp\/v2\/types\/post"}],"author":[{"embeddable":true,"href":"https:\/\/www.estateone.biz\/blog\/wp-json\/wp\/v2\/users\/1"}],"replies":[{"embeddable":true,"href":"https:\/\/www.estateone.biz\/blog\/wp-json\/wp\/v2\/comments?post=36164"}],"version-history":[{"count":4,"href":"https:\/\/www.estateone.biz\/blog\/wp-json\/wp\/v2\/posts\/36164\/revisions"}],"predecessor-version":[{"id":36177,"href":"https:\/\/www.estateone.biz\/blog\/wp-json\/wp\/v2\/posts\/36164\/revisions\/36177"}],"wp:featuredmedia":[{"embeddable":true,"href":"https:\/\/www.estateone.biz\/blog\/wp-json\/wp\/v2\/media\/36154"}],"wp:attachment":[{"href":"https:\/\/www.estateone.biz\/blog\/wp-json\/wp\/v2\/media?parent=36164"}],"wp:term":[{"taxonomy":"category","embeddable":true,"href":"https:\/\/www.estateone.biz\/blog\/wp-json\/wp\/v2\/categories?post=36164"},{"taxonomy":"post_tag","embeddable":true,"href":"https:\/\/www.estateone.biz\/blog\/wp-json\/wp\/v2\/tags?post=36164"}],"curies":[{"name":"wp","href":"https:\/\/api.w.org\/{rel}","templated":true}]}}