{"id":632,"date":"2015-02-02T11:50:28","date_gmt":"2015-02-02T11:50:28","guid":{"rendered":"https:\/\/www.estateone.biz\/blog\/?p=632"},"modified":"2015-02-02T12:29:00","modified_gmt":"2015-02-02T12:29:00","slug":"arte-en-el-metro-de-madrid","status":"publish","type":"post","link":"https:\/\/www.estateone.biz\/blog\/arte-en-el-metro-de-madrid\/","title":{"rendered":"Arte en el metro de Madrid"},"content":{"rendered":"<p>El <strong>metro de Madrid<\/strong> est\u00e1 viviendo en algunas de sus estaciones una curiosa <strong>transformaci\u00f3n de su espacio <\/strong>a trav\u00e9s de la<strong> L\u00ednea Zero<\/strong>. En Estate One <strong>nos gusta que las ciudades est\u00e9n vivas<\/strong>, que en las zonas m\u00e1s insospechadas de una gran urbe el viandante tenga que detenerse un instante para contemplar lo que <strong>la ciudad pone ante sus ojos<\/strong>.<\/p>\n<p><a href=\"https:\/\/www.estateone.biz\/blog\/wp-content\/uploads\/2015\/02\/01-linea0.jpg\"><img loading=\"lazy\" class=\"alignnone size-full wp-image-637\" src=\"https:\/\/www.estateone.biz\/blog\/wp-content\/uploads\/2015\/02\/01-linea0.jpg\" alt=\"L\u00ednea Zero\" width=\"650\" height=\"433\" srcset=\"https:\/\/www.estateone.biz\/blog\/wp-content\/uploads\/2015\/02\/01-linea0.jpg 650w, https:\/\/www.estateone.biz\/blog\/wp-content\/uploads\/2015\/02\/01-linea0-300x199.jpg 300w\" sizes=\"(max-width: 650px) 100vw, 650px\" \/><\/a><\/p>\n<p>Eso es lo que ocurre desde hace unos meses en el metro de Madrid gracias al <strong>proyecto L\u00ednea Zero <\/strong>y los artistas que lo integran. A nosotros nos gusta que se fomenten las <strong>propuestas culturales<\/strong> en <strong>espacios rehabilitados<\/strong> (ya hemos hablado en este blog de <a href=\"https:\/\/www.estateone.biz\/blog\/sala-canal-de-isabel-ii\/\">la Sala Canal de Isabel II<\/a> o el <a href=\"https:\/\/www.estateone.biz\/blog\/el-matadero-arte-y-cultura-en-un-espacio-unico-2\/\">Matadero de Legazpi<\/a>); hoy no vamos a hablar de una rehabilitaci\u00f3n permanente, pero s\u00ed de una <strong>rehabilitaci\u00f3n temporal<\/strong>, la que sufre estos d\u00edas el metro de Madrid gracias a la <strong>L\u00ednea Zero<\/strong>.<\/p>\n<p><strong>CULTURA EN EL SUBURBANO MADRILE\u00d1O<\/strong><\/p>\n<p>El <strong>arte urbano<\/strong> es, a nuestro juicio, uno de los <strong>fen\u00f3menos culturales<\/strong> m\u00e1s interesantes que han surgido en las <strong>grandes ciudades<\/strong>.<\/p>\n<p><a href=\"https:\/\/www.estateone.biz\/blog\/wp-content\/uploads\/2015\/02\/05-linea0.jpg\"><img loading=\"lazy\" class=\"alignnone wp-image-649 size-full\" src=\"https:\/\/www.estateone.biz\/blog\/wp-content\/uploads\/2015\/02\/05-linea0.jpg\" alt=\"L\u00ednea Zero\" width=\"650\" height=\"454\" srcset=\"https:\/\/www.estateone.biz\/blog\/wp-content\/uploads\/2015\/02\/05-linea0.jpg 650w, https:\/\/www.estateone.biz\/blog\/wp-content\/uploads\/2015\/02\/05-linea0-300x209.jpg 300w\" sizes=\"(max-width: 650px) 100vw, 650px\" \/><\/a><\/p>\n<p>Miles de artistas en todo el mundo intervienen las calles de sus ciudades para dejar en ellas su <strong>huella personal<\/strong>.<\/p>\n<p><a href=\"https:\/\/www.estateone.biz\/blog\/wp-content\/uploads\/2015\/02\/02-linea0.jpg\"><img loading=\"lazy\" class=\"alignnone size-full wp-image-639\" src=\"https:\/\/www.estateone.biz\/blog\/wp-content\/uploads\/2015\/02\/02-linea0.jpg\" alt=\"L\u00ednea Zero\" width=\"650\" height=\"379\" srcset=\"https:\/\/www.estateone.biz\/blog\/wp-content\/uploads\/2015\/02\/02-linea0.jpg 650w, https:\/\/www.estateone.biz\/blog\/wp-content\/uploads\/2015\/02\/02-linea0-300x174.jpg 300w\" sizes=\"(max-width: 650px) 100vw, 650px\" \/><\/a><\/p>\n<p>A trav\u00e9s de la organizaci\u00f3n <a href=\"http:\/\/madridstreetartproject.com\/\">Madrid Street Art Project<\/a> <strong>diferentes artistas<\/strong> muestran su manera de entender el arte en el metro de Madrid gracias al proyecto L\u00ednea Zero. <strong>Vagones de metro, miles de personas y arte<\/strong> se mezclan ya en las estaciones de Moncloa y Paco de Luc\u00eda de la mano de artistas como <strong>Rosh 33<\/strong>, <strong>Okuda <\/strong>y <strong>La Banda del rotu<\/strong>.<\/p>\n<p><a href=\"https:\/\/www.estateone.biz\/blog\/wp-content\/uploads\/2015\/02\/03-linea0.jpg\"><img loading=\"lazy\" class=\"alignnone size-full wp-image-641\" src=\"https:\/\/www.estateone.biz\/blog\/wp-content\/uploads\/2015\/02\/03-linea0.jpg\" alt=\"L\u00ednea Zero\" width=\"650\" height=\"433\" srcset=\"https:\/\/www.estateone.biz\/blog\/wp-content\/uploads\/2015\/02\/03-linea0.jpg 650w, https:\/\/www.estateone.biz\/blog\/wp-content\/uploads\/2015\/02\/03-linea0-300x199.jpg 300w\" sizes=\"(max-width: 650px) 100vw, 650px\" \/><\/a><\/p>\n<p>En la estaci\u00f3n de Paco de Luc\u00eda (que se inaugurar\u00e1 en la primavera de este a\u00f1o), un <strong>gran mural dedicado al maestro de la guitarra<\/strong> realizado por <strong>Rosh 33 <\/strong>y <strong>Okuda <\/strong>acompa\u00f1ar\u00e1 para siempre a la estaci\u00f3n. En Moncloa, los <strong>dibujos con rotulador<\/strong> de La Banda del rotu estar\u00e1n s\u00f3lo de forma temporal.<\/p>\n<p><a href=\"https:\/\/www.estateone.biz\/blog\/wp-content\/uploads\/2015\/02\/04-linea0.jpg\"><img loading=\"lazy\" class=\"alignnone size-full wp-image-643\" src=\"https:\/\/www.estateone.biz\/blog\/wp-content\/uploads\/2015\/02\/04-linea0.jpg\" alt=\"L\u00ednea Zero\" width=\"650\" height=\"433\" srcset=\"https:\/\/www.estateone.biz\/blog\/wp-content\/uploads\/2015\/02\/04-linea0.jpg 650w, https:\/\/www.estateone.biz\/blog\/wp-content\/uploads\/2015\/02\/04-linea0-300x199.jpg 300w\" sizes=\"(max-width: 650px) 100vw, 650px\" \/><\/a><\/p>\n<p><strong>INTERVENCIONES PARTICIPATIVAS<\/strong><\/p>\n<p>Unas de las acciones m\u00e1s curiosas de la L\u00ednea Zero de Metro son las que ha realizado la <strong>Galer\u00eda Magdalena<\/strong>.<\/p>\n<p><a href=\"https:\/\/www.estateone.biz\/blog\/wp-content\/uploads\/2015\/02\/06-linea0.jpg\"><img loading=\"lazy\" class=\"alignnone size-full wp-image-645\" src=\"https:\/\/www.estateone.biz\/blog\/wp-content\/uploads\/2015\/02\/06-linea0.jpg\" alt=\"L\u00ednea Zero\" width=\"650\" height=\"441\" srcset=\"https:\/\/www.estateone.biz\/blog\/wp-content\/uploads\/2015\/02\/06-linea0.jpg 650w, https:\/\/www.estateone.biz\/blog\/wp-content\/uploads\/2015\/02\/06-linea0-300x203.jpg 300w\" sizes=\"(max-width: 650px) 100vw, 650px\" \/><\/a><\/p>\n<p>Peque\u00f1os <strong>regalos art\u00edsticos<\/strong> integrados en andenes y pasillos esperaban a los viajeros que transitaban por las estaciones de <strong>Embajadores<\/strong><strong>, <\/strong><strong>Villaverde<\/strong><strong>, <\/strong><strong>Legazpi<\/strong><strong>, <\/strong><strong>Arg\u00fcelles<\/strong>o<strong>Lavapi\u00e9s.<\/strong>Sin duda una forma muy agradable de <strong>amenizar el transporte,<\/strong> acciones donde el propio viajero participaba interactuando con el arte.<\/p>\n<p><a href=\"https:\/\/www.estateone.biz\/blog\/wp-content\/uploads\/2015\/02\/07-linea0.jpg\"><img loading=\"lazy\" class=\"alignnone size-full wp-image-647\" src=\"https:\/\/www.estateone.biz\/blog\/wp-content\/uploads\/2015\/02\/07-linea0.jpg\" alt=\"07-linea0\" width=\"650\" height=\"414\" srcset=\"https:\/\/www.estateone.biz\/blog\/wp-content\/uploads\/2015\/02\/07-linea0.jpg 650w, https:\/\/www.estateone.biz\/blog\/wp-content\/uploads\/2015\/02\/07-linea0-300x191.jpg 300w\" sizes=\"(max-width: 650px) 100vw, 650px\" \/><\/a><\/p>\n<p><strong>EL DATO<\/strong><\/p>\n<p>El proyecto L\u00ednea Zero viene apoyado por la Comunidad de Madrid, que ha colaborado con la organizaci\u00f3n sin \u00e1nimo de lucro Madrid Street Art Project para llevar adelante estas propuestas art\u00edsticas. En estos v\u00eddeos pod\u00e9is ver algunas de ellas.<\/p>\n<p><iframe loading=\"lazy\" src=\"\/\/player.vimeo.com\/video\/111213004\" width=\"650\" height=\"400\" frameborder=\"0\" allowfullscreen=\"allowfullscreen\"><\/iframe><\/p>\n<p><iframe loading=\"lazy\" src=\"\/\/player.vimeo.com\/video\/114864882\" width=\"650\" height=\"400\" frameborder=\"0\" allowfullscreen=\"allowfullscreen\"><\/iframe><\/p>\n<p><strong>Fotograf\u00edas:<\/strong> <a href=\"http:\/\/www.lineazerometro.com\/\">L\u00ednea Zero<\/a><\/p>\n","protected":false},"excerpt":{"rendered":"<p>El metro de Madrid est\u00e1 viviendo en algunas de sus estaciones una curiosa transformaci\u00f3n de su espacio a trav\u00e9s de la L\u00ednea Zero. En Estate One nos gusta que las ciudades est\u00e9n vivas, que en las zonas m\u00e1s insospechadas de una gran urbe el viandante tenga que detenerse un instante para contemplar lo que la &hellip;<\/p>\n","protected":false},"author":1,"featured_media":738,"comment_status":"open","ping_status":"open","sticky":false,"template":"","format":"standard","meta":[],"categories":[66],"tags":[26,50,175,176,177,178],"yoast_head":"<!-- This site is optimized with the Yoast SEO plugin v19.6.1 - https:\/\/yoast.com\/wordpress\/plugins\/seo\/ -->\n<title>Arte en el metro de Madrid - Blog, dulce blog<\/title>\n<meta name=\"description\" content=\"El metro de Madrid est\u00e1 viviendo en alguna de sus estaciones una transformaci\u00f3n cultural en su espacio con la L\u00ednea Zero y el arte urbano.\" \/>\n<meta name=\"robots\" content=\"index, follow, max-snippet:-1, max-image-preview:large, max-video-preview:-1\" \/>\n<link rel=\"canonical\" href=\"https:\/\/www.estateone.biz\/blog\/arte-en-el-metro-de-madrid\/\" \/>\n<meta property=\"og:locale\" content=\"es_ES\" \/>\n<meta property=\"og:type\" content=\"article\" \/>\n<meta property=\"og:title\" content=\"Arte en el metro de Madrid - Blog, dulce blog\" \/>\n<meta property=\"og:description\" content=\"El metro de Madrid est\u00e1 viviendo en alguna de sus estaciones una transformaci\u00f3n cultural en su espacio con la L\u00ednea Zero y el arte urbano.\" \/>\n<meta property=\"og:url\" content=\"https:\/\/www.estateone.biz\/blog\/arte-en-el-metro-de-madrid\/\" \/>\n<meta property=\"og:site_name\" content=\"Blog, dulce blog\" \/>\n<meta property=\"article:published_time\" content=\"2015-02-02T11:50:28+00:00\" \/>\n<meta property=\"article:modified_time\" content=\"2015-02-02T12:29:00+00:00\" \/>\n<meta property=\"og:image\" content=\"https:\/\/www.estateone.biz\/blog\/wp-content\/uploads\/2015\/02\/00-linea0.jpg\" \/>\n\t<meta property=\"og:image:width\" content=\"650\" \/>\n\t<meta property=\"og:image:height\" content=\"433\" \/>\n\t<meta property=\"og:image:type\" content=\"image\/jpeg\" \/>\n<meta name=\"author\" content=\"Estate One\" \/>\n<meta name=\"twitter:card\" content=\"summary\" \/>\n<meta name=\"twitter:label1\" content=\"Escrito por\" \/>\n\t<meta name=\"twitter:data1\" content=\"Estate One\" \/>\n\t<meta name=\"twitter:label2\" content=\"Tiempo de lectura\" \/>\n\t<meta name=\"twitter:data2\" content=\"2 minutos\" \/>\n<script type=\"application\/ld+json\" class=\"yoast-schema-graph\">{\"@context\":\"https:\/\/schema.org\",\"@graph\":[{\"@type\":\"WebPage\",\"@id\":\"https:\/\/www.estateone.biz\/blog\/arte-en-el-metro-de-madrid\/\",\"url\":\"https:\/\/www.estateone.biz\/blog\/arte-en-el-metro-de-madrid\/\",\"name\":\"Arte en el metro de Madrid - Blog, dulce blog\",\"isPartOf\":{\"@id\":\"https:\/\/www.estateone.biz\/blog\/?lang=en\/#website\"},\"datePublished\":\"2015-02-02T11:50:28+00:00\",\"dateModified\":\"2015-02-02T12:29:00+00:00\",\"author\":{\"@id\":\"https:\/\/www.estateone.biz\/blog\/?lang=en\/#\/schema\/person\/5c4d73bb88472ee2f9325e6ce4f634d7\"},\"description\":\"El metro de Madrid est\u00e1 viviendo en alguna de sus estaciones una transformaci\u00f3n cultural en su espacio con la L\u00ednea Zero y el arte urbano.\",\"breadcrumb\":{\"@id\":\"https:\/\/www.estateone.biz\/blog\/arte-en-el-metro-de-madrid\/#breadcrumb\"},\"inLanguage\":\"es\",\"potentialAction\":[{\"@type\":\"ReadAction\",\"target\":[\"https:\/\/www.estateone.biz\/blog\/arte-en-el-metro-de-madrid\/\"]}]},{\"@type\":\"BreadcrumbList\",\"@id\":\"https:\/\/www.estateone.biz\/blog\/arte-en-el-metro-de-madrid\/#breadcrumb\",\"itemListElement\":[{\"@type\":\"ListItem\",\"position\":1,\"name\":\"Portada\",\"item\":\"https:\/\/www.estateone.biz\/blog\/?lang=en\/\"},{\"@type\":\"ListItem\",\"position\":2,\"name\":\"Arte en el metro de Madrid\"}]},{\"@type\":\"WebSite\",\"@id\":\"https:\/\/www.estateone.biz\/blog\/?lang=en\/#website\",\"url\":\"https:\/\/www.estateone.biz\/blog\/?lang=en\/\",\"name\":\"Blog, dulce blog\",\"description\":\"El blog inmobiliario de Estate One\",\"potentialAction\":[{\"@type\":\"SearchAction\",\"target\":{\"@type\":\"EntryPoint\",\"urlTemplate\":\"https:\/\/www.estateone.biz\/blog\/?lang=en\/?s={search_term_string}\"},\"query-input\":\"required name=search_term_string\"}],\"inLanguage\":\"es\"},{\"@type\":\"Person\",\"@id\":\"https:\/\/www.estateone.biz\/blog\/?lang=en\/#\/schema\/person\/5c4d73bb88472ee2f9325e6ce4f634d7\",\"name\":\"Estate One\",\"image\":{\"@type\":\"ImageObject\",\"inLanguage\":\"es\",\"@id\":\"https:\/\/www.estateone.biz\/blog\/?lang=en\/#\/schema\/person\/image\/\",\"url\":\"https:\/\/secure.gravatar.com\/avatar\/b36ec0d2dc5448ccdc0852ddf52cf7a4?s=96&d=identicon&r=g\",\"contentUrl\":\"https:\/\/secure.gravatar.com\/avatar\/b36ec0d2dc5448ccdc0852ddf52cf7a4?s=96&d=identicon&r=g\",\"caption\":\"Estate One\"},\"description\":\"Estate One somos una compa\u00f1\u00eda con un amplio conocimiento del mercado inmobiliario en Espa\u00f1a y una s\u00f3lida experiencia en prestigiosas empresas del sector.\",\"sameAs\":[\"http:\/\/estateone.biz\/\"],\"url\":\"https:\/\/www.estateone.biz\/blog\/author\/wpluzti\/\"}]}<\/script>\n<!-- \/ Yoast SEO plugin. -->","yoast_head_json":{"title":"Arte en el metro de Madrid - Blog, dulce blog","description":"El metro de Madrid est\u00e1 viviendo en alguna de sus estaciones una transformaci\u00f3n cultural en su espacio con la L\u00ednea Zero y el arte urbano.","robots":{"index":"index","follow":"follow","max-snippet":"max-snippet:-1","max-image-preview":"max-image-preview:large","max-video-preview":"max-video-preview:-1"},"canonical":"https:\/\/www.estateone.biz\/blog\/arte-en-el-metro-de-madrid\/","og_locale":"es_ES","og_type":"article","og_title":"Arte en el metro de Madrid - Blog, dulce blog","og_description":"El metro de Madrid est\u00e1 viviendo en alguna de sus estaciones una transformaci\u00f3n cultural en su espacio con la L\u00ednea Zero y el arte urbano.","og_url":"https:\/\/www.estateone.biz\/blog\/arte-en-el-metro-de-madrid\/","og_site_name":"Blog, dulce blog","article_published_time":"2015-02-02T11:50:28+00:00","article_modified_time":"2015-02-02T12:29:00+00:00","og_image":[{"width":650,"height":433,"url":"https:\/\/www.estateone.biz\/blog\/wp-content\/uploads\/2015\/02\/00-linea0.jpg","type":"image\/jpeg"}],"author":"Estate One","twitter_card":"summary","twitter_misc":{"Escrito por":"Estate One","Tiempo de lectura":"2 minutos"},"schema":{"@context":"https:\/\/schema.org","@graph":[{"@type":"WebPage","@id":"https:\/\/www.estateone.biz\/blog\/arte-en-el-metro-de-madrid\/","url":"https:\/\/www.estateone.biz\/blog\/arte-en-el-metro-de-madrid\/","name":"Arte en el metro de Madrid - Blog, dulce blog","isPartOf":{"@id":"https:\/\/www.estateone.biz\/blog\/?lang=en\/#website"},"datePublished":"2015-02-02T11:50:28+00:00","dateModified":"2015-02-02T12:29:00+00:00","author":{"@id":"https:\/\/www.estateone.biz\/blog\/?lang=en\/#\/schema\/person\/5c4d73bb88472ee2f9325e6ce4f634d7"},"description":"El metro de Madrid est\u00e1 viviendo en alguna de sus estaciones una transformaci\u00f3n cultural en su espacio con la L\u00ednea Zero y el arte urbano.","breadcrumb":{"@id":"https:\/\/www.estateone.biz\/blog\/arte-en-el-metro-de-madrid\/#breadcrumb"},"inLanguage":"es","potentialAction":[{"@type":"ReadAction","target":["https:\/\/www.estateone.biz\/blog\/arte-en-el-metro-de-madrid\/"]}]},{"@type":"BreadcrumbList","@id":"https:\/\/www.estateone.biz\/blog\/arte-en-el-metro-de-madrid\/#breadcrumb","itemListElement":[{"@type":"ListItem","position":1,"name":"Portada","item":"https:\/\/www.estateone.biz\/blog\/?lang=en\/"},{"@type":"ListItem","position":2,"name":"Arte en el metro de Madrid"}]},{"@type":"WebSite","@id":"https:\/\/www.estateone.biz\/blog\/?lang=en\/#website","url":"https:\/\/www.estateone.biz\/blog\/?lang=en\/","name":"Blog, dulce blog","description":"El blog inmobiliario de Estate One","potentialAction":[{"@type":"SearchAction","target":{"@type":"EntryPoint","urlTemplate":"https:\/\/www.estateone.biz\/blog\/?lang=en\/?s={search_term_string}"},"query-input":"required name=search_term_string"}],"inLanguage":"es"},{"@type":"Person","@id":"https:\/\/www.estateone.biz\/blog\/?lang=en\/#\/schema\/person\/5c4d73bb88472ee2f9325e6ce4f634d7","name":"Estate One","image":{"@type":"ImageObject","inLanguage":"es","@id":"https:\/\/www.estateone.biz\/blog\/?lang=en\/#\/schema\/person\/image\/","url":"https:\/\/secure.gravatar.com\/avatar\/b36ec0d2dc5448ccdc0852ddf52cf7a4?s=96&d=identicon&r=g","contentUrl":"https:\/\/secure.gravatar.com\/avatar\/b36ec0d2dc5448ccdc0852ddf52cf7a4?s=96&d=identicon&r=g","caption":"Estate One"},"description":"Estate One somos una compa\u00f1\u00eda con un amplio conocimiento del mercado inmobiliario en Espa\u00f1a y una s\u00f3lida experiencia en prestigiosas empresas del sector.","sameAs":["http:\/\/estateone.biz\/"],"url":"https:\/\/www.estateone.biz\/blog\/author\/wpluzti\/"}]}},"_links":{"self":[{"href":"https:\/\/www.estateone.biz\/blog\/wp-json\/wp\/v2\/posts\/632"}],"collection":[{"href":"https:\/\/www.estateone.biz\/blog\/wp-json\/wp\/v2\/posts"}],"about":[{"href":"https:\/\/www.estateone.biz\/blog\/wp-json\/wp\/v2\/types\/post"}],"author":[{"embeddable":true,"href":"https:\/\/www.estateone.biz\/blog\/wp-json\/wp\/v2\/users\/1"}],"replies":[{"embeddable":true,"href":"https:\/\/www.estateone.biz\/blog\/wp-json\/wp\/v2\/comments?post=632"}],"version-history":[{"count":4,"href":"https:\/\/www.estateone.biz\/blog\/wp-json\/wp\/v2\/posts\/632\/revisions"}],"predecessor-version":[{"id":668,"href":"https:\/\/www.estateone.biz\/blog\/wp-json\/wp\/v2\/posts\/632\/revisions\/668"}],"wp:featuredmedia":[{"embeddable":true,"href":"https:\/\/www.estateone.biz\/blog\/wp-json\/wp\/v2\/media\/738"}],"wp:attachment":[{"href":"https:\/\/www.estateone.biz\/blog\/wp-json\/wp\/v2\/media?parent=632"}],"wp:term":[{"taxonomy":"category","embeddable":true,"href":"https:\/\/www.estateone.biz\/blog\/wp-json\/wp\/v2\/categories?post=632"},{"taxonomy":"post_tag","embeddable":true,"href":"https:\/\/www.estateone.biz\/blog\/wp-json\/wp\/v2\/tags?post=632"}],"curies":[{"name":"wp","href":"https:\/\/api.w.org\/{rel}","templated":true}]}}